{"id":10082,"date":"2023-03-13T13:36:51","date_gmt":"2023-03-13T12:36:51","guid":{"rendered":"https:\/\/hoegy.de\/homepage\/?p=10082"},"modified":"2023-03-13T13:36:51","modified_gmt":"2023-03-13T12:36:51","slug":"mit-musik-zum-abi","status":"publish","type":"post","link":"https:\/\/hoegy.de\/homepage\/mit-musik-zum-abi\/","title":{"rendered":"Mit Musik zum Abi"},"content":{"rendered":"<section class=\"l-section wpb_row height_small\"><div class=\"l-section-h i-cf\"><div class=\"g-cols vc_row via_flex valign_top type_default stacking_default\"><div class=\"vc_col-sm-6 wpb_column vc_column_container\"><div class=\"vc_column-inner\"><div class=\"wpb_wrapper\"><div class=\"wpb_text_column\"><div class=\"wpb_wrapper\"><h5>F\u00fcr viele Eltern ist es immer wieder eine Herausforderung, die musikalischen Begabungen ihrer Kinder in einer weiterf\u00fchrenden Schule richtig zu f\u00f6rdern. Das H\u00f6lderlin-Gymnasium bietet vielf\u00e4ltige<br \/>\nM\u00f6glichkeiten f\u00fcr musikalisch interessierte und begabte Sch\u00fcler:innen.<\/h5>\n<p>Besonders bei musikalischen Kindern stellt sich nach der Grundschule immer wieder die Frage, wie man sie ihren Begabungen entsprechend optimal unterst\u00fctzen kann. Das H\u00f6lderlin-Gymnasium hat hierf\u00fcr bereits seit vielen Jahren eine herausragende L\u00f6sung: das Musikprofil.<br \/>\nAlle, die bereits ein Musikinstrument beherrschen, k\u00f6nnen ab der 5. Klasse, gemeinsam mit ihren Klassenkameraden, im Unterricht musizieren. Die Musiklehrer arrangieren speziell f\u00fcr die jeweilige Besetzung neue Musikst\u00fccke, nat\u00fcrlich aus jeder musikalischen Gattung, um so den begabten Musiker:innen ein fr\u00fchzeitiges Zusammenspiel zu erm\u00f6glichen. Alle Instrumente sind hierbei willkommen, es gibt keine Beschr\u00e4nkungen. So lernen die Sch\u00fcler fr\u00fchzeitig in Ensembles zu arbeiten, und sammeln wichtige Erfahrungen f\u00fcr ihre musikalische Zukunft. Das Motto: Musik praktisch erfahren.<br \/>\nDas aktuelle 5er Musikprofil am H\u00f6Gy ist sehr vielf\u00e4ltig besetzt: mit Oboe, Fagott, 3 Violinen, Bratsche, Querfl\u00f6ten, Blockfl\u00f6ten, Trompeten, Gitarren, Klavier, Keyboard und nat\u00fcrlich Schlagzeug.<br \/>\nEs ist eine fantastische und motivierende Aufgabe, als Musiklehrer mit diesen begeisterten jungen Menschen arbeiten zu d\u00fcrfen.<br \/>\nParallel dazu gibt es schon ab der 5. Klasse die M\u00f6glichkeit, die eigenen musikalischen F\u00e4higkeiten noch weiter auszubauen. Egal ob in der Mini-Bigband, dem Vororchester oder dem Unterstufenchor,<br \/>\nes kann sich jeder frei entfalten.<br \/>\nAb der 8. Klasse kann es dann in das 4-st\u00fcndige Musikprofil gehen. Musik wird Hauptfach, und so ist es m\u00f6glich, theoretische und praktische Kenntnisse zu vertiefen. Das Ergebnis zeigt sich dann in der Big Band, dem Sinfonieorchester und dem Mittel- und Oberstufenchor. Au\u00dferdem gibt es noch einige zus\u00e4tzliche Ensembles wie das Kammerorchester, in denen besonders interessierte Sch\u00fcler:innen individuell gef\u00f6rdert werden k\u00f6nnen.<br \/>\nSchon mancher konnte danach ein Musikstudium beginnen oder ist auch nach dem Abi eine gro\u00dfe St\u00fctze in vielen umliegenden Ch\u00f6ren und Orchestern.<br \/>\nUnd falls sie jetzt schon neugierig sind, hat das H\u00f6lderlin-Gymnasium eine tolle Idee. Im Juli findet f\u00fcr alle Grundsch\u00fcler:innen ein Mitmachkonzert statt.<\/p>\n<p style=\"text-align: right;\"><em>Gerd Clauss<\/em><\/p>\n<\/div><\/div><\/div><\/div><\/div><div class=\"vc_col-sm-6 wpb_column vc_column_container\"><div class=\"vc_column-inner\"><div class=\"wpb_wrapper\"><div class=\"w-image align_none\"><a ref=\"magnificPopup\" href=\"https:\/\/hoegy.de\/homepage\/hgy-media\/HoeGy-Musikprofil-01-scaled.jpg\" aria-label=\"Das Musikprofil Klasse 5 bei der Entdeckertour\" class=\"w-image-h\"><img decoding=\"async\" width=\"2560\" height=\"1920\" data-src=\"https:\/\/hoegy.de\/homepage\/hgy-media\/HoeGy-Musikprofil-01-scaled.jpg\" class=\"attachment-full size-full lazyload\" alt=\"\" data-srcset=\"https:\/\/hoegy.de\/homepage\/hgy-media\/HoeGy-Musikprofil-01-scaled.jpg 2560w, https:\/\/hoegy.de\/homepage\/hgy-media\/HoeGy-Musikprofil-01-200x150.jpg 200w, https:\/\/hoegy.de\/homepage\/hgy-media\/HoeGy-Musikprofil-01-1024x768.jpg 1024w, https:\/\/hoegy.de\/homepage\/hgy-media\/HoeGy-Musikprofil-01-600x450.jpg 600w, https:\/\/hoegy.de\/homepage\/hgy-media\/HoeGy-Musikprofil-01-50x38.jpg 50w, https:\/\/hoegy.de\/homepage\/hgy-media\/HoeGy-Musikprofil-01-1320x990.jpg 1320w\" data-sizes=\"auto, (max-width: 2560px) 100vw, 2560px\" src=\"data:image\/svg+xml;base64,PHN2ZyB3aWR0aD0iMSIgaGVpZ2h0PSIxIiB4bWxucz0iaHR0cDovL3d3dy53My5vcmcvMjAwMC9zdmciPjwvc3ZnPg==\" style=\"--smush-placeholder-width: 2560px; --smush-placeholder-aspect-ratio: 2560\/1920;\" \/><\/a><\/div><\/div><\/div><\/div><\/div><\/div><\/section>\n","protected":false},"excerpt":{"rendered":"F\u00fcr viele Eltern ist es immer wieder eine Herausforderung, die musikalischen Begabungen ihrer Kinder in einer weiterf\u00fchrenden Schule richtig zu f\u00f6rdern. Das H\u00f6lderlin-Gymnasium bietet vielf\u00e4ltige M\u00f6glichkeiten f\u00fcr musikalisch interessierte und begabte Sch\u00fcler:innen. Besonders bei musikalischen Kindern stellt sich nach der Grundschule immer wieder die Frage, wie man sie ihren Begabungen entsprechend optimal unterst\u00fctzen kann. Das...","protected":false},"author":8,"featured_media":10083,"comment_status":"closed","ping_status":"open","sticky":false,"template":"","format":"standard","meta":{"footnotes":""},"categories":[1],"tags":[],"class_list":["post-10082","post","type-post","status-publish","format-standard","has-post-thumbnail","hentry","category-news"],"publishpress_future_action":{"enabled":false,"date":"2026-05-04 00:19:05","action":"change-status","newStatus":"draft","terms":[],"taxonomy":"category","extraData":[]},"publishpress_future_workflow_manual_trigger":{"enabledWorkflows":[]},"_links":{"self":[{"href":"https:\/\/hoegy.de\/homepage\/wp-json\/wp\/v2\/posts\/10082","targetHints":{"allow":["GET"]}}],"collection":[{"href":"https:\/\/hoegy.de\/homepage\/wp-json\/wp\/v2\/posts"}],"about":[{"href":"https:\/\/hoegy.de\/homepage\/wp-json\/wp\/v2\/types\/post"}],"author":[{"embeddable":true,"href":"https:\/\/hoegy.de\/homepage\/wp-json\/wp\/v2\/users\/8"}],"replies":[{"embeddable":true,"href":"https:\/\/hoegy.de\/homepage\/wp-json\/wp\/v2\/comments?post=10082"}],"version-history":[{"count":2,"href":"https:\/\/hoegy.de\/homepage\/wp-json\/wp\/v2\/posts\/10082\/revisions"}],"predecessor-version":[{"id":10085,"href":"https:\/\/hoegy.de\/homepage\/wp-json\/wp\/v2\/posts\/10082\/revisions\/10085"}],"wp:featuredmedia":[{"embeddable":true,"href":"https:\/\/hoegy.de\/homepage\/wp-json\/wp\/v2\/media\/10083"}],"wp:attachment":[{"href":"https:\/\/hoegy.de\/homepage\/wp-json\/wp\/v2\/media?parent=10082"}],"wp:term":[{"taxonomy":"category","embeddable":true,"href":"https:\/\/hoegy.de\/homepage\/wp-json\/wp\/v2\/categories?post=10082"},{"taxonomy":"post_tag","embeddable":true,"href":"https:\/\/hoegy.de\/homepage\/wp-json\/wp\/v2\/tags?post=10082"}],"curies":[{"name":"wp","href":"https:\/\/api.w.org\/{rel}","templated":true}]}}