{"id":10087,"date":"2023-03-13T16:09:05","date_gmt":"2023-03-13T15:09:05","guid":{"rendered":"https:\/\/hoegy.de\/homepage\/?p=10087"},"modified":"2023-03-14T10:32:02","modified_gmt":"2023-03-14T09:32:02","slug":"impressionen-der-ks1-zum-zeitzeugenbericht-ueber-die-ddr","status":"publish","type":"post","link":"https:\/\/hoegy.de\/homepage\/impressionen-der-ks1-zum-zeitzeugenbericht-ueber-die-ddr\/","title":{"rendered":"Impressionen der KS1 zum Zeitzeugenbericht \u00fcber die DDR"},"content":{"rendered":"<section class=\"l-section wpb_row height_small\"><div class=\"l-section-h i-cf\"><div class=\"g-cols vc_row via_flex valign_top type_default stacking_default\"><div class=\"vc_col-sm-6 wpb_column vc_column_container\"><div class=\"vc_column-inner\"><div class=\"wpb_wrapper\"><div class=\"wpb_text_column\"><div class=\"wpb_wrapper\"><p><span class=\"s3\"><span class=\"bumpedFont15\">Am 28.02.2023 besuchte Nadja Klier, eine Zeitzeugin aus der DDR<\/span><\/span><span class=\"s3\"><span class=\"bumpedFont15\">,<\/span><\/span><span class=\"s3\"><span class=\"bumpedFont15\"> das <\/span><\/span><span class=\"s3\"><span class=\"bumpedFont15\">H\u00f6Gy<\/span><\/span><span class=\"s3\"><span class=\"bumpedFont15\">.<br \/>\n<span class=\"s3\"><span class=\"bumpedFont15\">Zun\u00e4chst gab uns ein Film Einblicke, wie ihr Leben und das ihres Mannes, <\/span><\/span><span class=\"s3\"><span class=\"bumpedFont15\">Ingo Hasselbach<\/span><\/span><span class=\"s3\"><span class=\"bumpedFont15\">, in der DDR verlief. Beide haben die Dokumentation selbst produziert.<\/span><\/span><br \/>\n<\/span><\/span><\/p>\n<p><span class=\"s3\"><span class=\"bumpedFont15\">Demnach verbrachte <\/span><\/span><span class=\"s3\"><span class=\"bumpedFont15\">Ingo Hasselbach mehrere Jahre seines Lebens im Gef\u00e4ngnis der Stasi, da er als Punk, Rebell und Widerst\u00e4ndler<\/span><\/span><span class=\"s3\"><span class=\"bumpedFont15\"> aus Sicht der DDR<\/span><\/span><span class=\"s3\"><span class=\"bumpedFont15\"> eine Gefahr <\/span><\/span><span class=\"s3\"><span class=\"bumpedFont15\">darstellte<\/span><\/span><span class=\"s3\"><span class=\"bumpedFont15\">. In dem Film zeigt <\/span><\/span><span class=\"s3\"><span class=\"bumpedFont15\">er <\/span><\/span><span class=\"s3\"><span class=\"bumpedFont15\">eines der Gef\u00e4ngnisse, in dem er einige Jahre verbrachte. Dabei wird er von vier Jugendlichen begleitet, die ihn verschiedene Fragen stellen. <\/span><\/span><span class=\"s3\"><span class=\"bumpedFont15\">Ingo Hasselbach erz\u00e4hlt<\/span><\/span><span class=\"s3\"><span class=\"bumpedFont15\"> von schmerzhaften Momenten, wie Selbstmord-<\/span><\/span> <span class=\"s3\"><span class=\"bumpedFont15\">und Ausbruchsgedanken, sowie Folter und psychischem Terror, die ihn und viele andere bis heute verfolgen. <\/span><\/span><span class=\"s3\"><span class=\"bumpedFont15\">Er <\/span><\/span><span class=\"s3\"><span class=\"bumpedFont15\">f\u00fchrt die Jugendlichen zu seiner ehemaligen <\/span><\/span><span class=\"s3\"><span class=\"bumpedFont15\">\u00e4u\u00dferst beengten <\/span><\/span><span class=\"s3\"><span class=\"bumpedFont15\">Zelle<\/span><\/span><span class=\"s3\"><span class=\"bumpedFont15\">. <\/span><\/span><span class=\"s3\"><span class=\"bumpedFont15\">Nach seiner Zeit im Gef\u00e4ngnis <\/span><\/span><span class=\"s3\"><span class=\"bumpedFont15\">geriet <\/span><\/span><span class=\"s3\"><span class=\"bumpedFont15\">er aufgrund seiner Freunde in die Neonazi Szene<\/span><\/span><span class=\"s3\"><span class=\"bumpedFont15\">. Dort war es schwer, wieder herauszukommen, wie er berichtet<\/span><\/span><span class=\"s3\"><span class=\"bumpedFont15\">,<\/span><\/span> <span class=\"s3\"><span class=\"bumpedFont15\">weshalb er bis heute noch unter Polizeischutz steht. <\/span><\/span><\/p>\n<p><span class=\"s3\"><span class=\"bumpedFont15\">Die damals ungef\u00e4hr 10<\/span><\/span><span class=\"s3\"><span class=\"bumpedFont15\">&#8211;<\/span><\/span><span class=\"s3\"><span class=\"bumpedFont15\">j\u00e4hrige Nadja Klier hingegeben hat ein anderes Schicksal getroffen<\/span><\/span><span class=\"s3\"><span class=\"bumpedFont15\">, wie sie uns erz\u00e4hlte<\/span><\/span><span class=\"s3\"><span class=\"bumpedFont15\">. Ihre Mutter<\/span><\/span><span class=\"s3\"><span class=\"bumpedFont15\">,<\/span><\/span><span class=\"s3\"><span class=\"bumpedFont15\"> Freya Klier, welche durchs Theater bekannt wurde, war selbst DDR-B\u00fcrgerrechtlerin und verbreitete in Kirchen ihre kritische Meinung gegen\u00fcber dem Staat. D<\/span><\/span><span class=\"s3\"><span class=\"bumpedFont15\">a<\/span><\/span><span class=\"s3\"><span class=\"bumpedFont15\">s war auch der Grund daf\u00fcr, weshalb sie sp\u00e4ter nicht mehr arbeiten durfte und ihre Familie in den Westen abgeschoben wurde. Um u<\/span><\/span><span class=\"s3\"><span class=\"bumpedFont15\">n<\/span><\/span><span class=\"s3\"><span class=\"bumpedFont15\">s einen besseren Einblick in ihr damaliges Gef\u00fchlschaos zu geben, las sie uns aus ihrem Buch einen Auszug vor, in welchem sie ihre verwirrenden Gedanken in ihrer neuen Heimat besch<\/span><\/span><span class=\"s3\"><span class=\"bumpedFont15\">reibt<\/span><\/span><span class=\"s3\"><span class=\"bumpedFont15\">. Obwohl sie nun mehr Freiheiten hatte, war sie anfangs dennoch sehr verletzlich, da sie ihr gewohntes Leben und vor allem ihre beste Freundin Anna zur\u00fccklassen musste. Mit der Zeit jedoch wurde Nadja bewusst, was in ihrer alten Heimat eigentlich vor sich ging und<\/span><\/span><span class=\"s3\"><span class=\"bumpedFont15\"> sie<\/span><\/span><span class=\"s3\"><span class=\"bumpedFont15\"> erkannte schnell die Vorteile und Freiheiten, die sie nun genie\u00dfen durfte. Jahre sp\u00e4ter trafen sich Anna und Nadja durch Zufall wieder und <\/span><\/span><span class=\"s3\"><span class=\"bumpedFont15\">konnten sich <\/span><\/span><span class=\"s3\"><span class=\"bumpedFont15\">\u00fcber die Vergangenheit <\/span><\/span><span class=\"s3\"><span class=\"bumpedFont15\">austauschen. <\/span><\/span><span class=\"s3\"><span class=\"bumpedFont15\">Sie forderten ihre Stasi<\/span><\/span><span class=\"s3\"><span class=\"bumpedFont15\">&#8211;<\/span><\/span><span class=\"s3\"><span class=\"bumpedFont15\">Akten ein, in denen sie unter anderem Kopien ihrer seitenlangen Briefe fanden, die sie sich in jungen Jahren geschrieben haben. So erfuhr Nadja von Anna, dass <\/span><\/span><span class=\"s3\"><span class=\"bumpedFont15\">diese<\/span><\/span> <span class=\"s3\"><span class=\"bumpedFont15\">von der Stasi als IM beauftragt wurde<\/span><\/span><span class=\"s3\"><span class=\"bumpedFont15\">,<\/span><\/span><span class=\"s3\"><span class=\"bumpedFont15\"> und <\/span><\/span><span class=\"s3\"><span class=\"bumpedFont15\">das<\/span><\/span><span class=\"s3\"><span class=\"bumpedFont15\">,<\/span><\/span><span class=\"s3\"><span class=\"bumpedFont15\"> obwohl sie minderj\u00e4hrig war. Anna war damit eine von 500 betroffenen Jugendlichen, die dadurch unter st\u00e4ndigem psychischem Druck leiden mussten. <\/span><\/span><\/p>\n<p><span class=\"s3\"><span class=\"bumpedFont15\">Zum Schluss hatten wir auch noch die M\u00f6glichkeit \u00fcber Geschichten unserer Familien zu sprechen, da auch viele Verwandte von Sch\u00fcler<\/span><\/span><span class=\"s3\"><span class=\"bumpedFont15\">i<\/span><\/span><span class=\"s3\"><span class=\"bumpedFont15\">nnen<\/span><\/span><span class=\"s3\"><span class=\"bumpedFont15\"> und Sch\u00fclern<\/span><\/span><span class=\"s3\"><span class=\"bumpedFont15\"> aus der DDR stammen. F\u00fcr diesen informativen und spannenden Nachmittag wollen wir uns bei <\/span><\/span><span class=\"s3\"><span class=\"bumpedFont15\">Nadja Klier <\/span><\/span><span class=\"s3\"><span class=\"bumpedFont15\">bedanken. Allgemein finden wir es wichtig<\/span><\/span><span class=\"s3\"><span class=\"bumpedFont15\">,<\/span><\/span><a name=\"_GoBack\"><\/a><span class=\"s3\"><span class=\"bumpedFont15\"> \u00fcber das Thema mit Zeitzeugen <\/span><\/span><span class=\"s3\"><span class=\"bumpedFont15\">sprechen zu k\u00f6nnen<\/span><\/span><span class=\"s3\"><span class=\"bumpedFont15\"> und sch\u00e4tzen es sehr, dass wir diese M\u00f6glichkeit hatten.<\/span><\/span><\/p>\n<\/div><\/div><\/div><\/div><\/div><div class=\"vc_col-sm-6 wpb_column vc_column_container\"><div class=\"vc_column-inner\"><div class=\"wpb_wrapper\"><div class=\"w-image align_none\"><a ref=\"magnificPopup\" href=\"https:\/\/hoegy.de\/homepage\/hgy-media\/B3671CDF-2F2A-491D-B2D1-0CDD06ADE568-scaled.jpeg\" aria-label=\"B3671CDF-2F2A-491D-B2D1-0CDD06ADE568\" class=\"w-image-h\"><img decoding=\"async\" width=\"1442\" height=\"2560\" data-src=\"https:\/\/hoegy.de\/homepage\/hgy-media\/B3671CDF-2F2A-491D-B2D1-0CDD06ADE568-scaled.jpeg\" class=\"attachment-full size-full lazyload\" alt=\"\" data-srcset=\"https:\/\/hoegy.de\/homepage\/hgy-media\/B3671CDF-2F2A-491D-B2D1-0CDD06ADE568-scaled.jpeg 1442w, https:\/\/hoegy.de\/homepage\/hgy-media\/B3671CDF-2F2A-491D-B2D1-0CDD06ADE568-113x200.jpeg 113w, https:\/\/hoegy.de\/homepage\/hgy-media\/B3671CDF-2F2A-491D-B2D1-0CDD06ADE568-577x1024.jpeg 577w, https:\/\/hoegy.de\/homepage\/hgy-media\/B3671CDF-2F2A-491D-B2D1-0CDD06ADE568-335x595.jpeg 335w, https:\/\/hoegy.de\/homepage\/hgy-media\/B3671CDF-2F2A-491D-B2D1-0CDD06ADE568-28x50.jpeg 28w, https:\/\/hoegy.de\/homepage\/hgy-media\/B3671CDF-2F2A-491D-B2D1-0CDD06ADE568-1320x2344.jpeg 1320w\" data-sizes=\"auto, (max-width: 1442px) 100vw, 1442px\" src=\"data:image\/svg+xml;base64,PHN2ZyB3aWR0aD0iMSIgaGVpZ2h0PSIxIiB4bWxucz0iaHR0cDovL3d3dy53My5vcmcvMjAwMC9zdmciPjwvc3ZnPg==\" style=\"--smush-placeholder-width: 1442px; --smush-placeholder-aspect-ratio: 1442\/2560;\" \/><\/a><\/div><\/div><\/div><\/div><\/div><\/div><\/section>\n","protected":false},"excerpt":{"rendered":"Am 28.02.2023 besuchte Nadja Klier, eine Zeitzeugin aus der DDR, das H\u00f6Gy. Zun\u00e4chst gab uns ein Film Einblicke, wie ihr Leben und das ihres Mannes, Ingo Hasselbach, in der DDR verlief. Beide haben die Dokumentation selbst produziert. Demnach verbrachte Ingo Hasselbach mehrere Jahre seines Lebens im Gef\u00e4ngnis der Stasi, da er als Punk, Rebell und...","protected":false},"author":8,"featured_media":10089,"comment_status":"closed","ping_status":"open","sticky":false,"template":"","format":"standard","meta":{"footnotes":""},"categories":[1],"tags":[],"class_list":["post-10087","post","type-post","status-publish","format-standard","has-post-thumbnail","hentry","category-news"],"publishpress_future_action":{"enabled":false,"date":"2026-05-04 00:17:39","action":"change-status","newStatus":"draft","terms":[],"taxonomy":"category","extraData":[]},"publishpress_future_workflow_manual_trigger":{"enabledWorkflows":[]},"_links":{"self":[{"href":"https:\/\/hoegy.de\/homepage\/wp-json\/wp\/v2\/posts\/10087","targetHints":{"allow":["GET"]}}],"collection":[{"href":"https:\/\/hoegy.de\/homepage\/wp-json\/wp\/v2\/posts"}],"about":[{"href":"https:\/\/hoegy.de\/homepage\/wp-json\/wp\/v2\/types\/post"}],"author":[{"embeddable":true,"href":"https:\/\/hoegy.de\/homepage\/wp-json\/wp\/v2\/users\/8"}],"replies":[{"embeddable":true,"href":"https:\/\/hoegy.de\/homepage\/wp-json\/wp\/v2\/comments?post=10087"}],"version-history":[{"count":4,"href":"https:\/\/hoegy.de\/homepage\/wp-json\/wp\/v2\/posts\/10087\/revisions"}],"predecessor-version":[{"id":10096,"href":"https:\/\/hoegy.de\/homepage\/wp-json\/wp\/v2\/posts\/10087\/revisions\/10096"}],"wp:featuredmedia":[{"embeddable":true,"href":"https:\/\/hoegy.de\/homepage\/wp-json\/wp\/v2\/media\/10089"}],"wp:attachment":[{"href":"https:\/\/hoegy.de\/homepage\/wp-json\/wp\/v2\/media?parent=10087"}],"wp:term":[{"taxonomy":"category","embeddable":true,"href":"https:\/\/hoegy.de\/homepage\/wp-json\/wp\/v2\/categories?post=10087"},{"taxonomy":"post_tag","embeddable":true,"href":"https:\/\/hoegy.de\/homepage\/wp-json\/wp\/v2\/tags?post=10087"}],"curies":[{"name":"wp","href":"https:\/\/api.w.org\/{rel}","templated":true}]}}