{"id":10103,"date":"2023-03-21T21:29:16","date_gmt":"2023-03-21T20:29:16","guid":{"rendered":"https:\/\/hoegy.de\/homepage\/?p=10103"},"modified":"2023-03-21T21:30:54","modified_gmt":"2023-03-21T20:30:54","slug":"musizieren-mit-den-profis-bericht-vom-25-schuelerjazzfestival","status":"publish","type":"post","link":"https:\/\/hoegy.de\/homepage\/musizieren-mit-den-profis-bericht-vom-25-schuelerjazzfestival\/","title":{"rendered":"Musizieren mit den Profis: Bericht vom 25. Sch\u00fclerjazzfestival"},"content":{"rendered":"<section class=\"l-section wpb_row height_small\"><div class=\"l-section-h i-cf\"><div class=\"g-cols vc_row via_flex valign_top type_default stacking_default\"><div class=\"vc_col-sm-6 wpb_column vc_column_container\"><div class=\"vc_column-inner\"><div class=\"wpb_wrapper\"><div class=\"wpb_text_column\"><div class=\"wpb_wrapper\"><p>Am vergangenen Mittwoch, den 15.M\u00e4rz, besuchte die H\u00f6gy-Big Band die Hochschule f\u00fcr Musik und Darstellende Kunst Stuttgart, um am 25. Sch\u00fclerjazzfestival teilzunehmen.<\/p>\n<p>Als wir nach einer kurzen Zugfahrt um ca. 9:30 Uhr an der Hochschule ankamen, wurden wir in f\u00fcnf verschiedene Workshop-Gruppen eingeteilt, genau wie die vier anderen Big Bands, die aus ganz Baden-W\u00fcrttemberg angereist waren.<\/p>\n<p>Anschlie\u00dfend begann das Jazz and More Collective mit uns zu proben. Wir \u00fcbten neue St\u00fccke f\u00fcr das abendliche Konzert ein und lernten dabei zu improvisieren, was anspruchsvoll, jedoch sehr lohnenswert f\u00fcr alle von uns war.<\/p>\n<p>Zur Mittagszeit gab es eine leckere Mahlzeit in der Mensa, bevor eine weitere Probenphase in den Workshops startete. Gegen 15 Uhr hatten schlie\u00dflich alle Workshop- und Big Bands die M\u00f6glichkeit, sich bei einer Generalprobe an die Akustik des Saals zu gew\u00f6hnen.<\/p>\n<p>Mit einer kleinen St\u00e4rkung, die uns in Form von Brezeln und Getr\u00e4nken frei zur Verf\u00fcgung standen, stand dem H\u00f6hepunkt des Tages, dem Konzert\u00a0 nichts mehr im Weg, und alle Beteiligten widmeten ihre restliche Konzentration und Energie den Auftritten.<\/p>\n<p>Das Konzert selbst war von einem, unter anderem durch die Zufallsgruppen entstandenen, Gemeinschaftsgef\u00fchl gepr\u00e4gt, was sich nach dem beeindruckenden Auftritt des Jazz and More Collectives\u00a0 auch in dem gemeinsam musizierten St\u00fcck \u201eOye Como Va\u201c mit allen Beteiligten zum Abschluss des Konzertes widerspiegelte.<\/p>\n<p>Unserer Meinung nach war die Teilnahme am Sch\u00fclerjazzfestival eine gro\u00dfe Bereicherung, die einen musikalisch sehr f\u00f6rderte und eine willkommene Abwechslung zum Schulalltag darstellte.<\/p>\n<p style=\"text-align: right;\"><em>Lena Seyfang und Laura Kla\u00df<\/em><\/p>\n<\/div><\/div><\/div><\/div><\/div><div class=\"vc_col-sm-6 wpb_column vc_column_container\"><div class=\"vc_column-inner\"><div class=\"wpb_wrapper\"><div class=\"w-slider style_none fit_scaledown nav_none count_4\"><div class=\"w-slider-h\" aria-hidden=\"true\"><div class=\"royalSlider\"><div class=\"rsContent\"><a class=\"rsImg\" data-rsw=\"1024\" data-rsh=\"768\" data-rsBigImg=\"https:\/\/hoegy.de\/homepage\/hgy-media\/IMG_2490.jpeg\" href=\"https:\/\/hoegy.de\/homepage\/hgy-media\/IMG_2490-1024x768.jpeg\"><span data-alt=\"\"><\/span><\/a><\/div><div class=\"rsContent\"><a class=\"rsImg\" data-rsw=\"1024\" data-rsh=\"768\" data-rsBigImg=\"https:\/\/hoegy.de\/homepage\/hgy-media\/IMG_2492.jpeg\" href=\"https:\/\/hoegy.de\/homepage\/hgy-media\/IMG_2492-1024x768.jpeg\"><span data-alt=\"\"><\/span><\/a><\/div><div class=\"rsContent\"><a class=\"rsImg\" data-rsw=\"1024\" data-rsh=\"768\" data-rsBigImg=\"https:\/\/hoegy.de\/homepage\/hgy-media\/IMG_2494.jpeg\" href=\"https:\/\/hoegy.de\/homepage\/hgy-media\/IMG_2494-1024x768.jpeg\"><span data-alt=\"\"><\/span><\/a><\/div><div class=\"rsContent\"><a class=\"rsImg\" data-rsw=\"1024\" data-rsh=\"768\" data-rsBigImg=\"https:\/\/hoegy.de\/homepage\/hgy-media\/IMG_2495.jpeg\" href=\"https:\/\/hoegy.de\/homepage\/hgy-media\/IMG_2495-1024x768.jpeg\"><span data-alt=\"\"><\/span><\/a><\/div><\/div><img decoding=\"async\" data-src=\"https:\/\/hoegy.de\/homepage\/hgy-media\/IMG_2490-1024x768.jpeg\" width=\"1024\" height=\"768\" alt src=\"data:image\/svg+xml;base64,PHN2ZyB3aWR0aD0iMSIgaGVpZ2h0PSIxIiB4bWxucz0iaHR0cDovL3d3dy53My5vcmcvMjAwMC9zdmciPjwvc3ZnPg==\" class=\"lazyload\" style=\"--smush-placeholder-width: 1024px; --smush-placeholder-aspect-ratio: 1024\/768;\"><\/div><div class=\"w-slider-json\" onclick='return {&quot;autoScaleSlider&quot;:true,&quot;addActiveClass&quot;:true,&quot;loop&quot;:true,&quot;fadeInLoadedSlide&quot;:false,&quot;slidesSpacing&quot;:0,&quot;imageScalePadding&quot;:0,&quot;numImagesToPreload&quot;:2,&quot;arrowsNav&quot;:true,&quot;arrowsNavAutoHide&quot;:false,&quot;transitionType&quot;:&quot;move&quot;,&quot;transitionSpeed&quot;:250,&quot;block&quot;:{&quot;moveEffect&quot;:&quot;none&quot;,&quot;speed&quot;:300},&quot;thumbs&quot;:{&quot;fitInViewport&quot;:false,&quot;firstMargin&quot;:false,&quot;spacing&quot;:4},&quot;controlNavigation&quot;:&quot;none&quot;,&quot;fullscreen&quot;:{&quot;enabled&quot;:true},&quot;autoScaleSliderWidth&quot;:1024,&quot;autoScaleSliderHeight&quot;:768}'><\/div><\/div><\/div><\/div><\/div><\/div><\/div><\/section>\n","protected":false},"excerpt":{"rendered":"Am vergangenen Mittwoch, den 15.M\u00e4rz, besuchte die H\u00f6gy-Big Band die Hochschule f\u00fcr Musik und Darstellende Kunst Stuttgart, um am 25. Sch\u00fclerjazzfestival teilzunehmen. Als wir nach einer kurzen Zugfahrt um ca. 9:30 Uhr an der Hochschule ankamen, wurden wir in f\u00fcnf verschiedene Workshop-Gruppen eingeteilt, genau wie die vier anderen Big Bands, die aus ganz Baden-W\u00fcrttemberg angereist...","protected":false},"author":8,"featured_media":10091,"comment_status":"closed","ping_status":"open","sticky":false,"template":"","format":"standard","meta":{"footnotes":""},"categories":[1],"tags":[],"class_list":["post-10103","post","type-post","status-publish","format-standard","has-post-thumbnail","hentry","category-news"],"publishpress_future_action":{"enabled":false,"date":"2026-05-04 00:19:21","action":"change-status","newStatus":"draft","terms":[],"taxonomy":"category","extraData":[]},"publishpress_future_workflow_manual_trigger":{"enabledWorkflows":[]},"_links":{"self":[{"href":"https:\/\/hoegy.de\/homepage\/wp-json\/wp\/v2\/posts\/10103","targetHints":{"allow":["GET"]}}],"collection":[{"href":"https:\/\/hoegy.de\/homepage\/wp-json\/wp\/v2\/posts"}],"about":[{"href":"https:\/\/hoegy.de\/homepage\/wp-json\/wp\/v2\/types\/post"}],"author":[{"embeddable":true,"href":"https:\/\/hoegy.de\/homepage\/wp-json\/wp\/v2\/users\/8"}],"replies":[{"embeddable":true,"href":"https:\/\/hoegy.de\/homepage\/wp-json\/wp\/v2\/comments?post=10103"}],"version-history":[{"count":2,"href":"https:\/\/hoegy.de\/homepage\/wp-json\/wp\/v2\/posts\/10103\/revisions"}],"predecessor-version":[{"id":10109,"href":"https:\/\/hoegy.de\/homepage\/wp-json\/wp\/v2\/posts\/10103\/revisions\/10109"}],"wp:featuredmedia":[{"embeddable":true,"href":"https:\/\/hoegy.de\/homepage\/wp-json\/wp\/v2\/media\/10091"}],"wp:attachment":[{"href":"https:\/\/hoegy.de\/homepage\/wp-json\/wp\/v2\/media?parent=10103"}],"wp:term":[{"taxonomy":"category","embeddable":true,"href":"https:\/\/hoegy.de\/homepage\/wp-json\/wp\/v2\/categories?post=10103"},{"taxonomy":"post_tag","embeddable":true,"href":"https:\/\/hoegy.de\/homepage\/wp-json\/wp\/v2\/tags?post=10103"}],"curies":[{"name":"wp","href":"https:\/\/api.w.org\/{rel}","templated":true}]}}