{"id":10518,"date":"2023-06-15T23:07:03","date_gmt":"2023-06-15T21:07:03","guid":{"rendered":"https:\/\/hoegy.de\/homepage\/?p=10518"},"modified":"2023-06-15T23:07:03","modified_gmt":"2023-06-15T21:07:03","slug":"hoegy-mannschaft-wird-vizemeister-beim-landesfinale","status":"publish","type":"post","link":"https:\/\/hoegy.de\/homepage\/hoegy-mannschaft-wird-vizemeister-beim-landesfinale\/","title":{"rendered":"H\u00f6Gy-Mannschaft wird Vizemeister beim Landesfinale"},"content":{"rendered":"<section class=\"l-section wpb_row height_small\"><div class=\"l-section-h i-cf\"><div class=\"g-cols vc_row via_flex valign_top type_default stacking_default\"><div class=\"vc_col-sm-12 wpb_column vc_column_container\"><div class=\"vc_column-inner\"><div class=\"wpb_wrapper\"><div class=\"wpb_text_column\"><div class=\"wpb_wrapper\"><p>Die Judo-Mannschaft des H\u00f6lderlin-Gymnasiums hatte sich als Sieger des Regierungspr\u00e4sidiums Stuttgart f\u00fcr das Landesfinale bei Jugend trainiert f\u00fcr Olympia in Karlsruhe qualifiziert. Dort ging es gegen die Sieger der anderen drei Regierungspr\u00e4sidien um den Titel des Landesmeisters.<\/p>\n<p>Die erste Begegnung gegen das F\u00fcrstenberg-Gymnasium Donaueschingen ging mit 4:1 deutlich an das H\u00f6lderlin-Gymnasium. Der einzige Punkt musste kampflos abgegeben werden, da eine Gewichtsklasse nicht besetzt werden konnte.<\/p>\n<p>Gegen die Heimmannschaft des Otto-Hahn-Gymnasiums Karlsruhe konnten sich die N\u00fcrtinger nicht durchsetzen, der Kampf ging mit 0:5 deutlich zugunsten von Karlsruhe aus.<\/p>\n<p>Die Entscheidung um den zweiten Platz musste nun in der letzten Begegnung des Tages gegen das Hohenzollern-Gymnasium Sigmaringen fallen. Hier blieb es bis zum Ende spannend, da immer abwechselnd ein Kampf gewonnen werden konnte, so dass es vor dem Wettkampf in der letzten Gewichtsklasse 2:2 stand. Hier konnte sich Felix Noizet mit Haltegriff durchsetzen, wodurch das H\u00f6Gy mit 3:2 gewann und Vizemeister wurde.<\/p>\n<p style=\"text-align: right\"><em>R. Gutbrod<\/em><\/p>\n<\/div><\/div><div class=\"w-image align_none\"><a ref=\"magnificPopup\" href=\"https:\/\/hoegy.de\/homepage\/hgy-media\/Bild-HGy-Mannschaft-scaled.jpg\" aria-label=\"Bild HGy-Mannschaft\" class=\"w-image-h\"><img decoding=\"async\" width=\"2560\" height=\"1920\" data-src=\"https:\/\/hoegy.de\/homepage\/hgy-media\/Bild-HGy-Mannschaft-scaled.jpg\" class=\"attachment-full size-full lazyload\" alt=\"\" data-srcset=\"https:\/\/hoegy.de\/homepage\/hgy-media\/Bild-HGy-Mannschaft-scaled.jpg 2560w, https:\/\/hoegy.de\/homepage\/hgy-media\/Bild-HGy-Mannschaft-200x150.jpg 200w, https:\/\/hoegy.de\/homepage\/hgy-media\/Bild-HGy-Mannschaft-1024x768.jpg 1024w, https:\/\/hoegy.de\/homepage\/hgy-media\/Bild-HGy-Mannschaft-600x450.jpg 600w, https:\/\/hoegy.de\/homepage\/hgy-media\/Bild-HGy-Mannschaft-50x38.jpg 50w\" data-sizes=\"auto, (max-width: 2560px) 100vw, 2560px\" src=\"data:image\/svg+xml;base64,PHN2ZyB3aWR0aD0iMSIgaGVpZ2h0PSIxIiB4bWxucz0iaHR0cDovL3d3dy53My5vcmcvMjAwMC9zdmciPjwvc3ZnPg==\" style=\"--smush-placeholder-width: 2560px; --smush-placeholder-aspect-ratio: 2560\/1920;\" \/><\/a><\/div><div class=\"wpb_text_column\"><div class=\"wpb_wrapper\"><p>Die H\u00f6Gy-Mannschaft von links nach rechts: Albert Propp, Nikita Propp, Felix Noizet, Leon Scholl, Benedikt Haas<\/p>\n<\/div><\/div><\/div><\/div><\/div><\/div><\/div><\/section>\n","protected":false},"excerpt":{"rendered":"Die Judo-Mannschaft des H\u00f6lderlin-Gymnasiums hatte sich als Sieger des Regierungspr\u00e4sidiums Stuttgart f\u00fcr das Landesfinale bei Jugend trainiert f\u00fcr Olympia in Karlsruhe qualifiziert. Dort ging es gegen die Sieger der anderen drei Regierungspr\u00e4sidien um den Titel des Landesmeisters. Die erste Begegnung gegen das F\u00fcrstenberg-Gymnasium Donaueschingen ging mit 4:1 deutlich an das H\u00f6lderlin-Gymnasium. Der einzige Punkt musste...","protected":false},"author":8,"featured_media":10519,"comment_status":"closed","ping_status":"open","sticky":false,"template":"","format":"standard","meta":{"footnotes":""},"categories":[1],"tags":[],"class_list":["post-10518","post","type-post","status-publish","format-standard","has-post-thumbnail","hentry","category-news"],"publishpress_future_action":{"enabled":false,"date":"2026-05-03 22:33:04","action":"change-status","newStatus":"draft","terms":[],"taxonomy":"category","extraData":[]},"publishpress_future_workflow_manual_trigger":{"enabledWorkflows":[]},"_links":{"self":[{"href":"https:\/\/hoegy.de\/homepage\/wp-json\/wp\/v2\/posts\/10518","targetHints":{"allow":["GET"]}}],"collection":[{"href":"https:\/\/hoegy.de\/homepage\/wp-json\/wp\/v2\/posts"}],"about":[{"href":"https:\/\/hoegy.de\/homepage\/wp-json\/wp\/v2\/types\/post"}],"author":[{"embeddable":true,"href":"https:\/\/hoegy.de\/homepage\/wp-json\/wp\/v2\/users\/8"}],"replies":[{"embeddable":true,"href":"https:\/\/hoegy.de\/homepage\/wp-json\/wp\/v2\/comments?post=10518"}],"version-history":[{"count":1,"href":"https:\/\/hoegy.de\/homepage\/wp-json\/wp\/v2\/posts\/10518\/revisions"}],"predecessor-version":[{"id":10520,"href":"https:\/\/hoegy.de\/homepage\/wp-json\/wp\/v2\/posts\/10518\/revisions\/10520"}],"wp:featuredmedia":[{"embeddable":true,"href":"https:\/\/hoegy.de\/homepage\/wp-json\/wp\/v2\/media\/10519"}],"wp:attachment":[{"href":"https:\/\/hoegy.de\/homepage\/wp-json\/wp\/v2\/media?parent=10518"}],"wp:term":[{"taxonomy":"category","embeddable":true,"href":"https:\/\/hoegy.de\/homepage\/wp-json\/wp\/v2\/categories?post=10518"},{"taxonomy":"post_tag","embeddable":true,"href":"https:\/\/hoegy.de\/homepage\/wp-json\/wp\/v2\/tags?post=10518"}],"curies":[{"name":"wp","href":"https:\/\/api.w.org\/{rel}","templated":true}]}}