{"id":10587,"date":"2023-06-20T12:48:21","date_gmt":"2023-06-20T10:48:21","guid":{"rendered":"https:\/\/hoegy.de\/homepage\/?p=10587"},"modified":"2023-06-23T08:14:55","modified_gmt":"2023-06-23T06:14:55","slug":"bericht-vom-spanienaustausch-2023","status":"publish","type":"post","link":"https:\/\/hoegy.de\/homepage\/bericht-vom-spanienaustausch-2023\/","title":{"rendered":"Bericht vom Spanienaustausch 2023"},"content":{"rendered":"<section class=\"l-section wpb_row height_small\"><div class=\"l-section-h i-cf\"><div class=\"g-cols vc_row via_flex valign_top type_default stacking_default\"><div class=\"vc_col-sm-12 wpb_column vc_column_container\"><div class=\"vc_column-inner\"><div class=\"wpb_wrapper\"><div class=\"wpb_text_column\"><div class=\"wpb_wrapper\"><p>Ende Mai dieses Jahres fand erneut der deutsch-spanische Austausch zwischen N\u00fcrtingen und Viladecans statt. Nachdem die Spanier uns bereits im M\u00e4rz besucht haben, flogen wir am 20.05.2023 nach Barcelona.<\/p>\n<p>Dort wurden wir freundlich von unseren Gastfamilien am Flughafen empfangen. Als die Gastgeschenke \u00fcberreicht worden waren und jeder ein typisch spanisches Mittagessen genie\u00dfen durfte trafen wir uns in einer gr\u00f6\u00dferen Gruppe am Strand in Sitges und verbrachten dort unseren ersten gemeinsamen Abend.<\/p>\n<p>Am n\u00e4chsten Tag trafen sich einige Familien zu einer gemeinsamen Schifffahrt am Hafen Barcelonas. Gegen Abend besuchten wir den Beachclub der Familie von zwei spanischen Austauschsch\u00fclern.<\/p>\n<p>Montags durften wir den Schulalltag der Spanier miterleben. Um 8.15 Uhr trafen wir uns am Schuleingang, um die Schule zu besichtigen. Danach teilten wir uns in zwei Gruppen auf. Die erste Gruppe nahm am Unterricht teil und machte sich ein Bild wie der Unterricht in Spanien aussieht. Dieser war ganz anders als in Deutschland, da die Sch\u00fcler sich z.B. nicht melden mussten, wenn sie etwas sagen wollten.<\/p>\n<p>Die zweite Gruppe nahm an einem Interkulturellen Workshop teil, der von einem deutsch-spanischen Theaterp\u00e4dagogen geleitet wurde. Der Workshop war sehr interessant, hat viel Spa\u00df gemacht und gleichzeitig hat man einiges gelernt. Nach einer kurzen Pause tauschten die Gruppen, sodass jeder an beiden Programmpunkten teilnehmen konnte.<\/p>\n<p>Anschlie\u00dfend trafen wir uns und lernten in der Landeskunde etwas \u00fcber Katalonien und die Kultur, indem wir unter anderem ein typisch katalanisches Brot zubereitet und gegessen haben. Als wir nachmittags Freizeit hatten trafen sich viele in einem Shoppingcenter in Barcelona.<\/p>\n<p>Am Dienstag trafen wir uns um 9:00 Uhr an der Schule und machten uns auf den Weg den stellvertretenden B\u00fcrgermeister von Viladecans zu treffen.<\/p>\n<p>Von diesem wurden wir herzlich begr\u00fc\u00dft. Nachdem einzelne Sch\u00fcler und Sch\u00fclerinnen mit dem B\u00fcrgermeister gesprochen hatten, \u00fcbergaben unsere begleitenden Lehrerinnen ihm Geschenke aus Deutschland.<\/p>\n<p>Nach dem Besuch bei dem B\u00fcrgermeister machten wir uns auf dem Weg zum Canal Ol\u00edmpic von Katalonien.<\/p>\n<p>Zusammen mit unseren Austauschpartnern durften wir uns an Pfeil und Bogen probieren und hatten trotz der Hitze sehr viel Spa\u00df, da wir wussten, dass wir uns im Anschluss mit Kajakfahren abk\u00fchlen konnten.<\/p>\n<p>Sowohl die Spanier als auch die Deutschen haben verschiedenes ausprobieren und Neues gelernt.<\/p>\n<p>Danach ging es f\u00fcr die Mehrheit der Austauschgruppe mit dem Zug an den Strand in Garraf.<\/p>\n<p>W\u00e4hrend den Spaniern das Wasser zum Baden zu kalt war, st\u00fcrzten sich die Deutschen in die Wellen\u2026.<\/p>\n<p>Trotz der hohen Wellen und ein paar kleinen Kratzern hatten wir sehr, sehr viel Spa\u00df. Sp\u00e4ter liefen wir an einen anderen Strand mit deutlich ruhigerem Wellengang.<\/p>\n<p>Dort lie\u00dfen wir den Abend mit Snacks und Musik ausklingen . Am Mittwoch ging es f\u00fcr die Deutschen dann nach Barcelona.<\/p>\n<p>Nach einer kurzen Stadtf\u00fchrung, in der wir uns die Architektur von Gaud\u00ed anschauten, hatten wir Freizeit.<\/p>\n<p>Anschlie\u00dfend besuchten wir die ber\u00fchmte Sagrada Familia und erfuhren mehr \u00fcber die Geschichte der Kirche.<\/p>\n<p>Zur\u00fcck in Viladecans holten uns die Spanier ab und wir gingen zusammen in ein Outlet. Dort hatten wir 2 Stunden Zeit, bevor wir gemeinsam essen gehen wollten.<\/p>\n<p>Unseren Abschlussabend verbrachten wir im Burger King, wo wir \u00fcber die vergangenen Tage sprachen.<\/p>\n<p>Sp\u00e4t abends ging es f\u00fcr uns dann nach Haus, mit dem Wissen, dass wir unsere Koffer f\u00fcr den n\u00e4chsten Tag packen mussten.<\/p>\n<p>Am Donnerstag hatten wir in der Schule von Viladecans einen T-Shirt- beziehungsweise Taschenworkshop.<\/p>\n<p>Wir lernten Techniken, wie wir verschiedene Muster und Zeichnungen verwirklichen konnten und kreierten damit sch\u00f6ne Erinnerungen an unseren Austausch in Viladecans.<\/p>\n<p>Darauf folgte ein Abschiedsfr\u00fchst\u00fcck mit viel Essen.<\/p>\n<p>Gest\u00e4rkt sollten wir uns eigentlich auf den Weg zu einer Stadtrallye machen, jedoch regnete es an diesem Tag zum ersten Mal im ganzen Spanienaufenthalt, weshalb wir uns stattdessen mit verschiedenen Spielen besch\u00e4ftigten.<\/p>\n<p>Sp\u00e4ter gingen wir dann gemeinsam mit unseren Austauschpartnern nach Hause, bis wir dann um 17:00 Uhr an den Flughafen gebracht wurden.<\/p>\n<p>Am Flughafen gab es einen emotionalen Abschied und wir bedankten uns f\u00fcr die Gastfreundlichkeit, sowie die Erfahrungen, die wir in Viladecans sammeln durften.<\/p>\n<p style=\"text-align: right\">Pauline Staufner und Marie Scholz (10D),<br \/>Julia Keler &amp; Vicky Schmid (10B)<\/p>\n<\/div><\/div><div class=\"w-slider style_none fit_scaledown nav_none count_5\"><div class=\"w-slider-h\" aria-hidden=\"true\"><div class=\"royalSlider\"><div class=\"rsContent\"><a class=\"rsImg\" data-rsw=\"2560\" data-rsh=\"1920\" data-rsBigImg=\"https:\/\/hoegy.de\/homepage\/hgy-media\/Abschied-am-Flughafen-in-BCN_Mai-2023-scaled.jpg\" href=\"https:\/\/hoegy.de\/homepage\/hgy-media\/Abschied-am-Flughafen-in-BCN_Mai-2023-scaled.jpg\"><span data-alt=\"\"><\/span><\/a><\/div><div class=\"rsContent\"><a class=\"rsImg\" data-rsw=\"2560\" data-rsh=\"1920\" data-rsBigImg=\"https:\/\/hoegy.de\/homepage\/hgy-media\/Gruppenfoto2-in-Viladencans_Mai-2023-scaled.jpg\" href=\"https:\/\/hoegy.de\/homepage\/hgy-media\/Gruppenfoto2-in-Viladencans_Mai-2023-scaled.jpg\"><span data-alt=\"\"><\/span><\/a><\/div><div class=\"rsContent\"><a class=\"rsImg\" data-rsw=\"1241\" data-rsh=\"875\" data-rsBigImg=\"https:\/\/hoegy.de\/homepage\/hgy-media\/IMG_6076.jpeg\" href=\"https:\/\/hoegy.de\/homepage\/hgy-media\/IMG_6076.jpeg\"><span data-alt=\"\"><\/span><\/a><\/div><div class=\"rsContent\"><a class=\"rsImg\" data-rsw=\"1241\" data-rsh=\"1593\" data-rsBigImg=\"https:\/\/hoegy.de\/homepage\/hgy-media\/IMG_6077.jpeg\" href=\"https:\/\/hoegy.de\/homepage\/hgy-media\/IMG_6077.jpeg\"><span data-alt=\"\"><\/span><\/a><\/div><div class=\"rsContent\"><a class=\"rsImg\" data-rsw=\"1203\" data-rsh=\"902\" data-rsBigImg=\"https:\/\/hoegy.de\/homepage\/hgy-media\/IMG_6078.jpeg\" href=\"https:\/\/hoegy.de\/homepage\/hgy-media\/IMG_6078.jpeg\"><span data-alt=\"\"><\/span><\/a><\/div><\/div><img decoding=\"async\" data-src=\"https:\/\/hoegy.de\/homepage\/hgy-media\/Abschied-am-Flughafen-in-BCN_Mai-2023-scaled.jpg\" width=\"2560\" height=\"1920\" alt src=\"data:image\/svg+xml;base64,PHN2ZyB3aWR0aD0iMSIgaGVpZ2h0PSIxIiB4bWxucz0iaHR0cDovL3d3dy53My5vcmcvMjAwMC9zdmciPjwvc3ZnPg==\" class=\"lazyload\" style=\"--smush-placeholder-width: 2560px; --smush-placeholder-aspect-ratio: 2560\/1920;\"><\/div><div class=\"w-slider-json\" onclick='return {&quot;autoScaleSlider&quot;:true,&quot;addActiveClass&quot;:true,&quot;loop&quot;:true,&quot;fadeInLoadedSlide&quot;:false,&quot;slidesSpacing&quot;:0,&quot;imageScalePadding&quot;:0,&quot;numImagesToPreload&quot;:2,&quot;arrowsNav&quot;:true,&quot;arrowsNavAutoHide&quot;:false,&quot;transitionType&quot;:&quot;move&quot;,&quot;transitionSpeed&quot;:250,&quot;block&quot;:{&quot;moveEffect&quot;:&quot;none&quot;,&quot;speed&quot;:300},&quot;thumbs&quot;:{&quot;fitInViewport&quot;:false,&quot;firstMargin&quot;:false,&quot;spacing&quot;:4},&quot;controlNavigation&quot;:&quot;none&quot;,&quot;fullscreen&quot;:{&quot;enabled&quot;:true},&quot;autoScaleSliderWidth&quot;:2560,&quot;autoScaleSliderHeight&quot;:1920}'><\/div><\/div><\/div><\/div><\/div><\/div><\/div><\/section>\n","protected":false},"excerpt":{"rendered":"Ende Mai dieses Jahres fand erneut der deutsch-spanische Austausch zwischen N\u00fcrtingen und Viladecans statt. Nachdem die Spanier uns bereits im M\u00e4rz besucht haben, flogen wir am 20.05.2023 nach Barcelona. Dort wurden wir freundlich von unseren Gastfamilien am Flughafen empfangen. Als die Gastgeschenke \u00fcberreicht worden waren und jeder ein typisch spanisches Mittagessen genie\u00dfen durfte trafen wir...","protected":false},"author":8,"featured_media":10592,"comment_status":"closed","ping_status":"open","sticky":false,"template":"","format":"standard","meta":{"footnotes":""},"categories":[1],"tags":[],"class_list":["post-10587","post","type-post","status-publish","format-standard","has-post-thumbnail","hentry","category-news"],"publishpress_future_action":{"enabled":false,"date":"2026-05-03 22:31:32","action":"change-status","newStatus":"draft","terms":[],"taxonomy":"category","extraData":[]},"publishpress_future_workflow_manual_trigger":{"enabledWorkflows":[]},"_links":{"self":[{"href":"https:\/\/hoegy.de\/homepage\/wp-json\/wp\/v2\/posts\/10587","targetHints":{"allow":["GET"]}}],"collection":[{"href":"https:\/\/hoegy.de\/homepage\/wp-json\/wp\/v2\/posts"}],"about":[{"href":"https:\/\/hoegy.de\/homepage\/wp-json\/wp\/v2\/types\/post"}],"author":[{"embeddable":true,"href":"https:\/\/hoegy.de\/homepage\/wp-json\/wp\/v2\/users\/8"}],"replies":[{"embeddable":true,"href":"https:\/\/hoegy.de\/homepage\/wp-json\/wp\/v2\/comments?post=10587"}],"version-history":[{"count":2,"href":"https:\/\/hoegy.de\/homepage\/wp-json\/wp\/v2\/posts\/10587\/revisions"}],"predecessor-version":[{"id":10596,"href":"https:\/\/hoegy.de\/homepage\/wp-json\/wp\/v2\/posts\/10587\/revisions\/10596"}],"wp:featuredmedia":[{"embeddable":true,"href":"https:\/\/hoegy.de\/homepage\/wp-json\/wp\/v2\/media\/10592"}],"wp:attachment":[{"href":"https:\/\/hoegy.de\/homepage\/wp-json\/wp\/v2\/media?parent=10587"}],"wp:term":[{"taxonomy":"category","embeddable":true,"href":"https:\/\/hoegy.de\/homepage\/wp-json\/wp\/v2\/categories?post=10587"},{"taxonomy":"post_tag","embeddable":true,"href":"https:\/\/hoegy.de\/homepage\/wp-json\/wp\/v2\/tags?post=10587"}],"curies":[{"name":"wp","href":"https:\/\/api.w.org\/{rel}","templated":true}]}}