{"id":10753,"date":"2023-07-17T15:22:26","date_gmt":"2023-07-17T13:22:26","guid":{"rendered":"https:\/\/hoegy.de\/homepage\/?p=10753"},"modified":"2023-07-17T15:22:26","modified_gmt":"2023-07-17T13:22:26","slug":"bericht-von-der-taizefahrt","status":"publish","type":"post","link":"https:\/\/hoegy.de\/homepage\/bericht-von-der-taizefahrt\/","title":{"rendered":"Bericht von der Taiz\u00e9fahrt"},"content":{"rendered":"<section class=\"l-section wpb_row height_small\"><div class=\"l-section-h i-cf\"><div class=\"g-cols vc_row via_flex valign_top type_default stacking_default\"><div class=\"vc_col-sm-6 wpb_column vc_column_container\"><div class=\"vc_column-inner\"><div class=\"wpb_wrapper\"><div class=\"wpb_text_column\"><div class=\"wpb_wrapper\"><p>Vom 11. \u2013 16.Juli 2023 waren 16 Sch\u00fclerinnen und Sch\u00fcler der Klassenstufe 10 im Rahmen der \u201eTage der Orientierung\u201c in Taiz\u00e9, einem kleinen Dorf der Provinz Burgund in Frankreich, wo seit 1940 die \u00f6kumenische Gemeinschaft der Br\u00fcder von Taiz\u00e9 lebt. Die Bruderschaft \u00f6ffnet sich vor allem f\u00fcr Jugendliche und junge Erwachsene, die am spirituellen Leben, zum Beispiel den drei t\u00e4glichen Gebeten der Bruderschaft, teilhaben und in Bibel-Workhops mit Jugendlichen aus ganz Europa in Kontakt kommen, um \u00fcber pers\u00f6nliche Glaubensthemen und politische sowie gesellschaftliche Themen ins Gespr\u00e4ch zu kommen. Nach Taiz\u00e9 kann jeder und jede fahren, die neugierig ist, diese weltoffene Taiz\u00e9-Bruderschaft kennenzulernen und mit anderen Jugendlichen spirituelle, religi\u00f6se Erfahrungen zu erleben, dem eigenen Leben Tiefe zu geben, sich auszuprobieren. Besonders spannend war vor allem das Gespr\u00e4ch mit Fr\u00e9re Philipp, einem deutschen Bruder, der sich seit 2016 der Taiz\u00e9-Bruderschaft angeschlossen hat. Begleitet wurde die Gruppe von Thomas Volle, Jugendreferent des EJW N\u00fcrtingen und Ulrike Weber, Religionslehrerin am H\u00f6gy. Wir sind dankbar, dass wir dieser Jahr unsere traditionelle Fahrt nach Taiz\u00e9 wieder aufnehmen konnten und freuen uns schon auf das n\u00e4chste Jahr!<\/p>\n<p style=\"text-align: right\"><em>Ulrike Weber<\/em><\/p>\n<\/div><\/div><\/div><\/div><\/div><div class=\"vc_col-sm-6 wpb_column vc_column_container\"><div class=\"vc_column-inner\"><div class=\"wpb_wrapper\"><div class=\"w-image align_none\"><a ref=\"magnificPopup\" href=\"https:\/\/hoegy.de\/homepage\/hgy-media\/Taize-2023-Gruppenbild-scaled.jpg\" aria-label=\"Taize 2023 Gruppenbild\" class=\"w-image-h\"><img decoding=\"async\" width=\"2560\" height=\"1440\" data-src=\"https:\/\/hoegy.de\/homepage\/hgy-media\/Taize-2023-Gruppenbild-scaled.jpg\" class=\"attachment-full size-full lazyload\" alt=\"\" data-srcset=\"https:\/\/hoegy.de\/homepage\/hgy-media\/\/Taize-2023-Gruppenbild-scaled.jpg 2560w, https:\/\/hoegy.de\/homepage\/hgy-media\/\/Taize-2023-Gruppenbild-200x113.jpg 200w, https:\/\/hoegy.de\/homepage\/hgy-media\/\/Taize-2023-Gruppenbild-1024x576.jpg 1024w, https:\/\/hoegy.de\/homepage\/hgy-media\/\/Taize-2023-Gruppenbild-600x338.jpg 600w, https:\/\/hoegy.de\/homepage\/hgy-media\/\/Taize-2023-Gruppenbild-50x28.jpg 50w, https:\/\/hoegy.de\/homepage\/hgy-media\/\/Taize-2023-Gruppenbild-160x90.jpg 160w\" data-sizes=\"auto, (max-width: 2560px) 100vw, 2560px\" src=\"data:image\/svg+xml;base64,PHN2ZyB3aWR0aD0iMSIgaGVpZ2h0PSIxIiB4bWxucz0iaHR0cDovL3d3dy53My5vcmcvMjAwMC9zdmciPjwvc3ZnPg==\" style=\"--smush-placeholder-width: 2560px; --smush-placeholder-aspect-ratio: 2560\/1440;\" \/><\/a><\/div><div class=\"w-image align_none\"><a ref=\"magnificPopup\" href=\"https:\/\/hoegy.de\/homepage\/hgy-media\/Taize-2023-Frhstck-scaled.jpg\" aria-label=\"Taize 2023 Frhstck\" class=\"w-image-h\"><img decoding=\"async\" width=\"2560\" height=\"1440\" data-src=\"https:\/\/hoegy.de\/homepage\/hgy-media\/Taize-2023-Frhstck-scaled.jpg\" class=\"attachment-full size-full lazyload\" alt=\"\" data-srcset=\"https:\/\/hoegy.de\/homepage\/hgy-media\/\/Taize-2023-Frhstck-scaled.jpg 2560w, https:\/\/hoegy.de\/homepage\/hgy-media\/\/Taize-2023-Frhstck-200x113.jpg 200w, https:\/\/hoegy.de\/homepage\/hgy-media\/\/Taize-2023-Frhstck-1024x576.jpg 1024w, https:\/\/hoegy.de\/homepage\/hgy-media\/\/Taize-2023-Frhstck-600x338.jpg 600w, https:\/\/hoegy.de\/homepage\/hgy-media\/\/Taize-2023-Frhstck-50x28.jpg 50w, https:\/\/hoegy.de\/homepage\/hgy-media\/\/Taize-2023-Frhstck-160x90.jpg 160w\" data-sizes=\"auto, (max-width: 2560px) 100vw, 2560px\" src=\"data:image\/svg+xml;base64,PHN2ZyB3aWR0aD0iMSIgaGVpZ2h0PSIxIiB4bWxucz0iaHR0cDovL3d3dy53My5vcmcvMjAwMC9zdmciPjwvc3ZnPg==\" style=\"--smush-placeholder-width: 2560px; --smush-placeholder-aspect-ratio: 2560\/1440;\" \/><\/a><\/div><div class=\"w-image align_none\"><a ref=\"magnificPopup\" href=\"https:\/\/hoegy.de\/homepage\/hgy-media\/TAize-2023-Interview-mit-Frre-Philipp-scaled.jpg\" aria-label=\"TAize 2023 Interview mit Frre Philipp\" class=\"w-image-h\"><img decoding=\"async\" width=\"2560\" height=\"1440\" data-src=\"https:\/\/hoegy.de\/homepage\/hgy-media\/TAize-2023-Interview-mit-Frre-Philipp-scaled.jpg\" class=\"attachment-full size-full lazyload\" alt=\"\" data-srcset=\"https:\/\/hoegy.de\/homepage\/hgy-media\/\/TAize-2023-Interview-mit-Frre-Philipp-scaled.jpg 2560w, https:\/\/hoegy.de\/homepage\/hgy-media\/\/TAize-2023-Interview-mit-Frre-Philipp-200x113.jpg 200w, https:\/\/hoegy.de\/homepage\/hgy-media\/\/TAize-2023-Interview-mit-Frre-Philipp-1024x576.jpg 1024w, https:\/\/hoegy.de\/homepage\/hgy-media\/\/TAize-2023-Interview-mit-Frre-Philipp-600x338.jpg 600w, https:\/\/hoegy.de\/homepage\/hgy-media\/\/TAize-2023-Interview-mit-Frre-Philipp-50x28.jpg 50w, https:\/\/hoegy.de\/homepage\/hgy-media\/\/TAize-2023-Interview-mit-Frre-Philipp-160x90.jpg 160w\" data-sizes=\"auto, (max-width: 2560px) 100vw, 2560px\" src=\"data:image\/svg+xml;base64,PHN2ZyB3aWR0aD0iMSIgaGVpZ2h0PSIxIiB4bWxucz0iaHR0cDovL3d3dy53My5vcmcvMjAwMC9zdmciPjwvc3ZnPg==\" style=\"--smush-placeholder-width: 2560px; --smush-placeholder-aspect-ratio: 2560\/1440;\" \/><\/a><\/div><\/div><\/div><\/div><\/div><\/div><\/section>\n","protected":false},"excerpt":{"rendered":"Vom 11. \u2013 16.Juli 2023 waren 16 Sch\u00fclerinnen und Sch\u00fcler der Klassenstufe 10 im Rahmen der \u201eTage der Orientierung\u201c in Taiz\u00e9, einem kleinen Dorf der Provinz Burgund in Frankreich, wo seit 1940 die \u00f6kumenische Gemeinschaft der Br\u00fcder von Taiz\u00e9 lebt. Die Bruderschaft \u00f6ffnet sich vor allem f\u00fcr Jugendliche und junge Erwachsene, die am spirituellen Leben,...","protected":false},"author":8,"featured_media":10756,"comment_status":"closed","ping_status":"open","sticky":false,"template":"","format":"standard","meta":{"footnotes":""},"categories":[1],"tags":[],"class_list":["post-10753","post","type-post","status-publish","format-standard","has-post-thumbnail","hentry","category-news"],"publishpress_future_action":{"enabled":false,"date":"2026-05-03 18:23:26","action":"change-status","newStatus":"draft","terms":[],"taxonomy":"category","extraData":[]},"publishpress_future_workflow_manual_trigger":{"enabledWorkflows":[]},"_links":{"self":[{"href":"https:\/\/hoegy.de\/homepage\/wp-json\/wp\/v2\/posts\/10753","targetHints":{"allow":["GET"]}}],"collection":[{"href":"https:\/\/hoegy.de\/homepage\/wp-json\/wp\/v2\/posts"}],"about":[{"href":"https:\/\/hoegy.de\/homepage\/wp-json\/wp\/v2\/types\/post"}],"author":[{"embeddable":true,"href":"https:\/\/hoegy.de\/homepage\/wp-json\/wp\/v2\/users\/8"}],"replies":[{"embeddable":true,"href":"https:\/\/hoegy.de\/homepage\/wp-json\/wp\/v2\/comments?post=10753"}],"version-history":[{"count":1,"href":"https:\/\/hoegy.de\/homepage\/wp-json\/wp\/v2\/posts\/10753\/revisions"}],"predecessor-version":[{"id":10757,"href":"https:\/\/hoegy.de\/homepage\/wp-json\/wp\/v2\/posts\/10753\/revisions\/10757"}],"wp:featuredmedia":[{"embeddable":true,"href":"https:\/\/hoegy.de\/homepage\/wp-json\/wp\/v2\/media\/10756"}],"wp:attachment":[{"href":"https:\/\/hoegy.de\/homepage\/wp-json\/wp\/v2\/media?parent=10753"}],"wp:term":[{"taxonomy":"category","embeddable":true,"href":"https:\/\/hoegy.de\/homepage\/wp-json\/wp\/v2\/categories?post=10753"},{"taxonomy":"post_tag","embeddable":true,"href":"https:\/\/hoegy.de\/homepage\/wp-json\/wp\/v2\/tags?post=10753"}],"curies":[{"name":"wp","href":"https:\/\/api.w.org\/{rel}","templated":true}]}}