{"id":10761,"date":"2023-07-20T06:12:18","date_gmt":"2023-07-20T04:12:18","guid":{"rendered":"https:\/\/hoegy.de\/homepage\/?p=10761"},"modified":"2023-07-20T06:12:18","modified_gmt":"2023-07-20T04:12:18","slug":"unser-sommerfest-in-der-ntz","status":"publish","type":"post","link":"https:\/\/hoegy.de\/homepage\/unser-sommerfest-in-der-ntz\/","title":{"rendered":"Unser Sommerfest in der NTZ"},"content":{"rendered":"<section class=\"l-section wpb_row height_small\"><div class=\"l-section-h i-cf\"><div class=\"g-cols vc_row via_flex valign_top type_default stacking_default\"><div class=\"vc_col-sm-12 wpb_column vc_column_container\"><div class=\"vc_column-inner\"><div class=\"wpb_wrapper\"><div class=\"wpb_text_column\"><div class=\"wpb_wrapper\"><p>Auch die <a href=\"https:\/\/www.ntz.de\/suche\/artikel_nuertinger-hoegy-feiert-schulfest.html\"><strong>N\u00fcrtinger Zeitung<\/strong><\/a> berichtet \u00fcber unser anstehendes Sommerfest.<\/p>\n<p>Wir freuen uns \u00fcber euer Kommen am Freitag!<\/p>\n<\/div><\/div><\/div><\/div><\/div><\/div><\/div><\/section><section class=\"l-section wpb_row height_small\"><div class=\"l-section-h i-cf\"><div class=\"g-cols vc_row via_flex valign_top type_default stacking_default\"><div class=\"vc_col-sm-12 wpb_column vc_column_container\"><div class=\"vc_column-inner\"><div class=\"wpb_wrapper\"><div class=\"w-image align_none\"><div class=\"w-image-h\"><img decoding=\"async\" width=\"1024\" height=\"576\" src=\"https:\/\/hoegy.de\/homepage\/hgy-media\/2-8-scaled-modified-1024x576.avif\" class=\"g-placeholder\" alt=\"\" srcset=\"https:\/\/hoegy.de\/homepage\/hgy-media\/2-8-scaled-modified-1024x576.avif 1024w, https:\/\/hoegy.de\/homepage\/hgy-media\/2-8-scaled-modified-200x113.avif 200w, https:\/\/hoegy.de\/homepage\/hgy-media\/2-8-scaled-modified-600x338.avif 600w, https:\/\/hoegy.de\/homepage\/hgy-media\/2-8-scaled-modified-50x28.avif 50w, https:\/\/hoegy.de\/homepage\/hgy-media\/2-8-scaled-modified-160x90.avif 160w, https:\/\/hoegy.de\/homepage\/hgy-media\/2-8-scaled-modified-100x56.avif 100w\" sizes=\"(max-width: 1024px) 100vw, 1024px\" \/><\/div><\/div><\/div><\/div><\/div><\/div><\/div><\/section>\n","protected":false},"excerpt":{"rendered":"Auch die N\u00fcrtinger Zeitung berichtet \u00fcber unser anstehendes Sommerfest. Wir freuen uns \u00fcber euer Kommen am Freitag!","protected":false},"author":2,"featured_media":0,"comment_status":"closed","ping_status":"open","sticky":false,"template":"","format":"standard","meta":{"footnotes":""},"categories":[1],"tags":[],"class_list":["post-10761","post","type-post","status-publish","format-standard","hentry","category-news"],"publishpress_future_action":{"enabled":false,"date":"2026-05-03 20:18:18","action":"change-status","newStatus":"draft","terms":[],"taxonomy":"category","extraData":[]},"publishpress_future_workflow_manual_trigger":{"enabledWorkflows":[]},"_links":{"self":[{"href":"https:\/\/hoegy.de\/homepage\/wp-json\/wp\/v2\/posts\/10761","targetHints":{"allow":["GET"]}}],"collection":[{"href":"https:\/\/hoegy.de\/homepage\/wp-json\/wp\/v2\/posts"}],"about":[{"href":"https:\/\/hoegy.de\/homepage\/wp-json\/wp\/v2\/types\/post"}],"author":[{"embeddable":true,"href":"https:\/\/hoegy.de\/homepage\/wp-json\/wp\/v2\/users\/2"}],"replies":[{"embeddable":true,"href":"https:\/\/hoegy.de\/homepage\/wp-json\/wp\/v2\/comments?post=10761"}],"version-history":[{"count":3,"href":"https:\/\/hoegy.de\/homepage\/wp-json\/wp\/v2\/posts\/10761\/revisions"}],"predecessor-version":[{"id":10765,"href":"https:\/\/hoegy.de\/homepage\/wp-json\/wp\/v2\/posts\/10761\/revisions\/10765"}],"wp:attachment":[{"href":"https:\/\/hoegy.de\/homepage\/wp-json\/wp\/v2\/media?parent=10761"}],"wp:term":[{"taxonomy":"category","embeddable":true,"href":"https:\/\/hoegy.de\/homepage\/wp-json\/wp\/v2\/categories?post=10761"},{"taxonomy":"post_tag","embeddable":true,"href":"https:\/\/hoegy.de\/homepage\/wp-json\/wp\/v2\/tags?post=10761"}],"curies":[{"name":"wp","href":"https:\/\/api.w.org\/{rel}","templated":true}]}}