{"id":10980,"date":"2023-09-16T12:53:59","date_gmt":"2023-09-16T10:53:59","guid":{"rendered":"https:\/\/hoegy.de\/homepage\/?p=10980"},"modified":"2023-09-16T12:53:59","modified_gmt":"2023-09-16T10:53:59","slug":"hoegy-bigband-erfolgreich-beim-schulband-festival","status":"publish","type":"post","link":"https:\/\/hoegy.de\/homepage\/hoegy-bigband-erfolgreich-beim-schulband-festival\/","title":{"rendered":"H\u00f6Gy-Bigband erfolgreich beim Schulband-Festival"},"content":{"rendered":"<section class=\"l-section wpb_row height_small\"><div class=\"l-section-h i-cf\"><div class=\"g-cols vc_row via_flex valign_top type_default stacking_default\"><div class=\"vc_col-sm-12 wpb_column vc_column_container\"><div class=\"vc_column-inner\"><div class=\"wpb_wrapper\"><div class=\"wpb_text_column\"><div class=\"wpb_wrapper\"><p>Am 15. September fand in der Stadthalle K3N das gro\u00dfe Finale des Schulbandwettbewerbs statt, das anl\u00e4sslich des 175. Geburtstags der Kreissparkasse Esslingen-N\u00fcrtingen und des 50. Geburtstags des Landkreises Esslingen stattfand. F\u00fcr das Finale hatten sich 11 Bands qualifiziert, die dem Publikum und der Fachjury (Fola Dada und Lisa Wilhelm, beide Gewinnerinnen des Deutschen Jazzpreises, sowie KSK-Vorstandsvorsitzender Burkhard Wittmacher und Landrat Heinz Eininger) einen ph\u00e4nomenalen Abend bot, an dem das komplette Spektrum der Bandmusik von der intimen Ballade bis zum gro\u00df besetzten Bigband-Jazz \u00fcber die B\u00fchne ging.<\/p>\n<p>Auch unsere H\u00f6Gy-Bigband war in diesem illustren Kreis dabei und konnte mit einer spektakul\u00e4ren Performance gleich zwei Preise abr\u00e4umen: den dritten Preis im Wettbewerb (ein Studiotag inklusive Beratung im Wert von 2.500 Euro und 2.500 Euro zur freien Verf\u00fcgung) und den Publikumspreis (ein Auftritt als Vorgruppe des Singer-Songwriters Pascal Blenke, der den Abend auch moderierte).<\/p>\n<p>Wir gratulieren herzlich zu diesem gro\u00dfen Erfolg!<\/p>\n<\/div><\/div><\/div><\/div><\/div><\/div><\/div><\/section><section class=\"l-section wpb_row height_small\"><div class=\"l-section-h i-cf\"><div class=\"g-cols vc_row via_flex valign_top type_default stacking_default\"><div class=\"vc_col-sm-4 wpb_column vc_column_container\"><div class=\"vc_column-inner\"><div class=\"wpb_wrapper\">[vc_single_image image=&#8221;10983&#8243; img_size=&#8221;600&#215;600&#8243; onclick=&#8221;link_image&#8221;]<\/div><\/div><\/div><div class=\"vc_col-sm-4 wpb_column vc_column_container\"><div class=\"vc_column-inner\"><div class=\"wpb_wrapper\">[vc_single_image image=&#8221;10981&#8243; img_size=&#8221;600&#215;600&#8243; onclick=&#8221;link_image&#8221;]<\/div><\/div><\/div><div class=\"vc_col-sm-4 wpb_column vc_column_container\"><div class=\"vc_column-inner\"><div class=\"wpb_wrapper\">[vc_single_image image=&#8221;10982&#8243; img_size=&#8221;600&#215;600&#8243; onclick=&#8221;link_image&#8221;]<\/div><\/div><\/div><\/div><\/div><\/section>\n","protected":false},"excerpt":{"rendered":"Am 15. September fand in der Stadthalle K3N das gro\u00dfe Finale des Schulbandwettbewerbs statt, das anl\u00e4sslich des 175. Geburtstags der Kreissparkasse Esslingen-N\u00fcrtingen und des 50. Geburtstags des Landkreises Esslingen stattfand. F\u00fcr das Finale hatten sich 11 Bands qualifiziert, die dem Publikum und der Fachjury (Fola Dada und Lisa Wilhelm, beide Gewinnerinnen des Deutschen Jazzpreises, sowie...","protected":false},"author":8,"featured_media":10981,"comment_status":"closed","ping_status":"open","sticky":false,"template":"","format":"standard","meta":{"footnotes":""},"categories":[1],"tags":[],"class_list":["post-10980","post","type-post","status-publish","format-standard","has-post-thumbnail","hentry","category-news"],"publishpress_future_action":{"enabled":false,"date":"2026-05-03 20:17:52","action":"change-status","newStatus":"draft","terms":[],"taxonomy":"category","extraData":[]},"publishpress_future_workflow_manual_trigger":{"enabledWorkflows":[]},"_links":{"self":[{"href":"https:\/\/hoegy.de\/homepage\/wp-json\/wp\/v2\/posts\/10980","targetHints":{"allow":["GET"]}}],"collection":[{"href":"https:\/\/hoegy.de\/homepage\/wp-json\/wp\/v2\/posts"}],"about":[{"href":"https:\/\/hoegy.de\/homepage\/wp-json\/wp\/v2\/types\/post"}],"author":[{"embeddable":true,"href":"https:\/\/hoegy.de\/homepage\/wp-json\/wp\/v2\/users\/8"}],"replies":[{"embeddable":true,"href":"https:\/\/hoegy.de\/homepage\/wp-json\/wp\/v2\/comments?post=10980"}],"version-history":[{"count":5,"href":"https:\/\/hoegy.de\/homepage\/wp-json\/wp\/v2\/posts\/10980\/revisions"}],"predecessor-version":[{"id":10988,"href":"https:\/\/hoegy.de\/homepage\/wp-json\/wp\/v2\/posts\/10980\/revisions\/10988"}],"wp:featuredmedia":[{"embeddable":true,"href":"https:\/\/hoegy.de\/homepage\/wp-json\/wp\/v2\/media\/10981"}],"wp:attachment":[{"href":"https:\/\/hoegy.de\/homepage\/wp-json\/wp\/v2\/media?parent=10980"}],"wp:term":[{"taxonomy":"category","embeddable":true,"href":"https:\/\/hoegy.de\/homepage\/wp-json\/wp\/v2\/categories?post=10980"},{"taxonomy":"post_tag","embeddable":true,"href":"https:\/\/hoegy.de\/homepage\/wp-json\/wp\/v2\/tags?post=10980"}],"curies":[{"name":"wp","href":"https:\/\/api.w.org\/{rel}","templated":true}]}}