{"id":11324,"date":"2023-12-27T17:07:22","date_gmt":"2023-12-27T16:07:22","guid":{"rendered":"https:\/\/hoegy.de\/homepage\/?p=11324"},"modified":"2023-12-28T10:09:52","modified_gmt":"2023-12-28T09:09:52","slug":"2-platz-beim-wettbewerb-christentum-und-kultur","status":"publish","type":"post","link":"https:\/\/hoegy.de\/homepage\/2-platz-beim-wettbewerb-christentum-und-kultur\/","title":{"rendered":"2. Platz beim Wettbewerb &#8220;Christentum und Kultur&#8221;"},"content":{"rendered":"<section class=\"l-section wpb_row height_small\"><div class=\"l-section-h i-cf\"><div class=\"g-cols vc_row via_flex valign_top type_default stacking_default\"><div class=\"vc_col-sm-12 wpb_column vc_column_container\"><div class=\"vc_column-inner\"><div class=\"wpb_wrapper\"><div class=\"wpb_text_column\"><div class=\"wpb_wrapper\"><p>&#8220;Liegt die Zukunft der Kirche im Internet?&#8221; &#8211; Mit dieser Frage setzte sich Clara Reichert aus der KS2 genauer auseinander und nutzte sie als Ausgangspunkt f\u00fcr ihre Projektarbeit im Rahmen einer Teilnahme bei dem Wettbewerb &#8220;Christentum und Kultur&#8221;. Sind also beispielsweise zuk\u00fcnftig Online-Gottesdienste eher eine Regel statt eine Ausnahme?<\/p>\n<p>Im vergangenen Schuljahr nahm Clara Reichert bei dem oben genannten Wettbewerb teil. In ihrer Projektarbeit befasste sie sich damit, ob die Zukunft der Kirche vielleicht im Internet liegt. Ihre Arbeitsergebnisse pr\u00e4sentierte sie in Form einer Dokumentation und erstellte ein Video, das sie bei dem religionsp\u00e4dagogischen Institut in Karlsruhe eingereicht hat. Am 14. Dezember bekam Clara schlie\u00dflich eine R\u00fcckmeldung von der Jury und sie kann sich nun \u00fcber den 2. Preis bei diesem Wettbewerb freuen. Die Preisverleihung wird am 17.1.2024 in Stuttgart stattfinden. Zus\u00e4tzlich hat die Kursst\u00fcflerin die M\u00f6glichkeit ergriffen sich die Projektarbeit als &#8220;Besondere Lernleistung&#8221; an Stelle einer m\u00fcndliche Abiturpr\u00fcfung anrechnen zu lassen.<br \/>\nW\u00e4hrend der gesamtem Projektarbeit wurde Clara von ihrer Religionslehrerin Frau Frank unterst\u00fctzt und begleitet.<\/p>\n<p>Der Wettbewerb wird von den vier gro\u00dfen Landeskirchen in Baden-W\u00fcrttemberg j\u00e4hrlich veranstaltet (Evangelische Landeskirche Baden, Erzdi\u00f6zese Freiburg, Evangelische Landeskirche W\u00fcrttemberg, Di\u00f6zese Rottenburg-Stuttgart). Durch eine Teilnahme kann man unter anderem &#8220;Vorteile&#8221; sowohl im allgemeinbildenden Abitur als auch in einem Fachabitur erlangen. Der Wettbewerb soll dazu anregen &#8220;den Zusammenhang von Christentum und Kultur in der Gesellschaft eigenst\u00e4ndig zu erarbeiten, also z.B. die christliche Pr\u00e4gung unserer Kultur aufzuzeigen, die Wirkung christlicher Orientierungen im gesellschaftlichen Zusammenleben zu bestimmen, den k\u00fcnftigen Bedarf christlicher Werte und Glaubensvorstellungen in einer pluralistischen Kultur zu ermessen und den generellen Zusammenhang von Religion und Kultur zu bedenken&#8221;\u00b9. Au\u00dferdem f\u00f6rdert der Wettbewerb neben der \u00f6kumenischer Zusammenarbeit auch selbstst\u00e4ndiges wissenschaftliches und interdisziplin\u00e4res Denken und Arbeiten.<\/p>\n<p>Im Anhang an diesen Text ist das Ergebnis der Wettbewerbsarbeit verlinkt. Sie finden das Video auch <a href=\"https:\/\/youtu.be\/jsDjoIQu22A?si=2G0trXhGA7V1oCBQ\">HIER<\/a> auf YouTube.<\/p>\n<p>&nbsp;<\/p>\n<p>\u00b9<em>zitiert nach &#8220;<a href=\"https:\/\/www.wettbewerb-christentum-und-kultur.de\/\">https:\/\/www.wettbewerb-christentum-und-kultur.de\/<\/a>&#8221; (letzter Zugriff: 25.12.2023)<\/em><\/p>\n<p style=\"text-align: right\"><em>Torben Weber<\/em><\/p>\n<\/div><\/div><\/div><\/div><\/div><\/div><\/div><\/section><section class=\"l-section wpb_row height_small\"><div class=\"l-section-h i-cf\"><div class=\"g-cols vc_row via_flex valign_top type_default stacking_default\"><div class=\"vc_col-sm-12 wpb_column vc_column_container\"><div class=\"vc_column-inner\"><div class=\"wpb_wrapper\"><div class=\"w-video align_none ratio_16x9 has_iframe\"><div class=\"w-video-h\"><iframe title=\"Youtube video player\" data-src=\"\/\/www.youtube.com\/embed\/jsDjoIQu22A?autoplay=0&controls=1&origin=https:\/\/hoegy.de\/homepage&loop=0&mute=0\" allowfullscreen=\"1\" src=\"data:image\/svg+xml;base64,PHN2ZyB3aWR0aD0iMSIgaGVpZ2h0PSIxIiB4bWxucz0iaHR0cDovL3d3dy53My5vcmcvMjAwMC9zdmciPjwvc3ZnPg==\" class=\"lazyload\" data-load-mode=\"1\"><\/iframe><\/div><\/div><div class=\"wpb_text_column\"><div class=\"wpb_wrapper\"><p>Wettbewerbsarbeit von Clara Reichert; gepostet auf ihrem YouTube-Kanal &#8220;<a class=\"yt-simple-endpoint style-scope yt-formatted-string\" dir=\"auto\" href=\"https:\/\/www.youtube.com\/@cla1\">\u0f04clara<\/a>&#8220;<\/p>\n<\/div><\/div><\/div><\/div><\/div><\/div><\/div><\/section>\n","protected":false},"excerpt":{"rendered":"&#8220;Liegt die Zukunft der Kirche im Internet?&#8221; &#8211; Mit dieser Frage setzte sich Clara Reichert aus der KS2 genauer auseinander und nutzte sie als Ausgangspunkt f\u00fcr ihre Projektarbeit im Rahmen einer Teilnahme bei dem Wettbewerb &#8220;Christentum und Kultur&#8221;. Sind also beispielsweise zuk\u00fcnftig Online-Gottesdienste eher eine Regel statt eine Ausnahme? Im vergangenen Schuljahr nahm Clara Reichert...","protected":false},"author":2,"featured_media":11331,"comment_status":"closed","ping_status":"open","sticky":false,"template":"","format":"standard","meta":{"footnotes":""},"categories":[1],"tags":[],"class_list":["post-11324","post","type-post","status-publish","format-standard","has-post-thumbnail","hentry","category-news"],"publishpress_future_action":{"enabled":false,"date":"2026-05-05 12:46:51","action":"change-status","newStatus":"draft","terms":[],"taxonomy":"category","extraData":[]},"publishpress_future_workflow_manual_trigger":{"enabledWorkflows":[]},"_links":{"self":[{"href":"https:\/\/hoegy.de\/homepage\/wp-json\/wp\/v2\/posts\/11324","targetHints":{"allow":["GET"]}}],"collection":[{"href":"https:\/\/hoegy.de\/homepage\/wp-json\/wp\/v2\/posts"}],"about":[{"href":"https:\/\/hoegy.de\/homepage\/wp-json\/wp\/v2\/types\/post"}],"author":[{"embeddable":true,"href":"https:\/\/hoegy.de\/homepage\/wp-json\/wp\/v2\/users\/2"}],"replies":[{"embeddable":true,"href":"https:\/\/hoegy.de\/homepage\/wp-json\/wp\/v2\/comments?post=11324"}],"version-history":[{"count":10,"href":"https:\/\/hoegy.de\/homepage\/wp-json\/wp\/v2\/posts\/11324\/revisions"}],"predecessor-version":[{"id":11336,"href":"https:\/\/hoegy.de\/homepage\/wp-json\/wp\/v2\/posts\/11324\/revisions\/11336"}],"wp:featuredmedia":[{"embeddable":true,"href":"https:\/\/hoegy.de\/homepage\/wp-json\/wp\/v2\/media\/11331"}],"wp:attachment":[{"href":"https:\/\/hoegy.de\/homepage\/wp-json\/wp\/v2\/media?parent=11324"}],"wp:term":[{"taxonomy":"category","embeddable":true,"href":"https:\/\/hoegy.de\/homepage\/wp-json\/wp\/v2\/categories?post=11324"},{"taxonomy":"post_tag","embeddable":true,"href":"https:\/\/hoegy.de\/homepage\/wp-json\/wp\/v2\/tags?post=11324"}],"curies":[{"name":"wp","href":"https:\/\/api.w.org\/{rel}","templated":true}]}}