{"id":11428,"date":"2024-01-20T17:14:40","date_gmt":"2024-01-20T16:14:40","guid":{"rendered":"https:\/\/hoegy.de\/homepage\/?p=11428"},"modified":"2024-01-20T17:14:40","modified_gmt":"2024-01-20T16:14:40","slug":"stellenausschreibung-spuelkraft-gesucht","status":"publish","type":"post","link":"https:\/\/hoegy.de\/homepage\/stellenausschreibung-spuelkraft-gesucht\/","title":{"rendered":"Stellenausschreibung: Sp\u00fclkraft gesucht!"},"content":{"rendered":"<section class=\"l-section wpb_row height_small\"><div class=\"l-section-h i-cf\"><div class=\"g-cols vc_row via_flex valign_top type_default stacking_default\"><div class=\"vc_col-sm-6 wpb_column vc_column_container\"><div class=\"vc_column-inner\"><div class=\"wpb_wrapper\"><div class=\"wpb_text_column\"><div class=\"wpb_wrapper\"><p>Gesucht wird f\u00fcr die Mensa des H\u00f6lderlin-Gymnasiums in N\u00fcrtingen nach Absprache voraussichtlich ab 12.02.2024 bzw. baldm\u00f6glichst eine\/n Mitarbeiter\/in f\u00fcr die Sp\u00fclk\u00fcche.<\/p>\n<p>Stellenbeschreibung:<br \/>\nZur Unterst\u00fctzung unseres Teams suchen wir schnellstm\u00f6glich eine\/n motivierte Mitarbeiter\/in f\u00fcr die Schulmensa auf Basis Minijob (bis max. 538,- \u20ac).<\/p>\n<p>Anfallende T\u00e4tigkeiten w\u00e4ren beispielsweise: Sp\u00fclen von Ess- und Kochgeschirr und anfallenden Zubeh\u00f6r in der Sp\u00fclk\u00fcche jeweils von Hand und\/oder mittels Sp\u00fclhilfen und Sp\u00fclmaschinen unter Verwendung von Gro\u00dfk\u00fccheneinrichtung sowie das Trocknen selbiger und Reinigung des Arbeitsplatzes.<br \/>\nZeitweise evtl. zus\u00e4tzlicher Einsatz in der K\u00fcche mit T\u00e4tigkeiten wie beispielsweise Gem\u00fcse sch\u00e4len und putzen, Unterst\u00fctzung beim Kochen und bei der Zubereitung von Salaten und Salatso\u00dfen, Teig machen und Br\u00f6tchen backen, Essensausgabe.<br \/>\nAlle T\u00e4tigkeiten erfolgen nach Einweisung unseres Teams unter der Leitung unserer K\u00fcchenchefin.<\/p>\n<p>Geplante Einsatzzeit:<br \/>\n3 Tage pro Woche \u00e0 4 Stunden: Montags, Dienstags und Mittwochs jeweils von ca. 10 Uhr bis 14:00 Uhr. Kurzfristige \u00c4nderungen, auch tempor\u00e4r, z.B. f\u00fcr Krankheitsvertretung o.\u00e4. m\u00f6glich.<\/p>\n<p>Die Entlohnung erfolgt auf Stundenbasis mit einer Verg\u00fctung von 12,50 \u20ac je Stunde. Die Auszahlung erfolgt monatlich am Monatsende. Urlaub ist nur innerhalb der Baden-W\u00fcrttembergischen Schulferien m\u00f6glich, in dieser Zeit wird nicht gearbeitet in der Mensa.<\/p>\n<p>Was wir erwarten?<br \/>\nSie sind freundlich, hilfsbereit, motiviert und zuverl\u00e4ssig.<br \/>\nSie k\u00f6nnen mit Menschen umgehen und arbeiten gerne im Team.<br \/>\nSie haben evtl. bereits Erfahrung in einer Gro\u00dfk\u00fcche.<br \/>\nSie sprechen flie\u00dfend Deutsch.<\/p>\n<p>Der Arbeitgeber ist der Mensa-Verein des H\u00f6lderlin-Gymnasiums N\u00fcrtingen &#8211; H\u00f6gy-Eltern f\u00fcr Sch\u00fcler (H\u00f6gyEfS), gemeinn\u00fctziger, eingetragener Verein.<br \/>\nWir kochen t\u00e4glich selbst und frisch f\u00fcr ca. 1.000 Sch\u00fcler des H\u00f6lderlin-Gymnasium mit und bieten eine freundliche Arbeitsatmosph\u00e4re in einem langj\u00e4hrigen Team.<\/p>\n<p>Sollten Sie interessiert sein, dann senden Sie Ihre Bewerbung bitte ausschlie\u00dflich per E-Mail an: <a href=\"mailto:mensaverein@hoegy.de\">mensaverein@hoegy.de<\/a><\/p>\n<p>Vielen Dank!<\/p>\n<\/div><\/div><\/div><\/div><\/div><div class=\"vc_col-sm-6 wpb_column vc_column_container\"><div class=\"vc_column-inner\"><div class=\"wpb_wrapper\"><div class=\"w-image align_none\"><a ref=\"magnificPopup\" href=\"https:\/\/hoegy.de\/homepage\/hgy-media\/mensa_logo.png\" aria-label=\"mensa_logo\" class=\"w-image-h\"><img decoding=\"async\" width=\"2191\" height=\"1100\" data-src=\"https:\/\/hoegy.de\/homepage\/hgy-media\/mensa_logo.png\" class=\"attachment-full size-full lazyload\" alt=\"H\u00f6Gy Mensa\" data-srcset=\"https:\/\/hoegy.de\/homepage\/hgy-media\/mensa_logo.png 2191w, https:\/\/hoegy.de\/homepage\/hgy-media\/mensa_logo-200x100.png 200w, https:\/\/hoegy.de\/homepage\/hgy-media\/mensa_logo-1024x514.png 1024w, https:\/\/hoegy.de\/homepage\/hgy-media\/mensa_logo-1536x771.png 1536w, https:\/\/hoegy.de\/homepage\/hgy-media\/mensa_logo-2048x1028.png 2048w, https:\/\/hoegy.de\/homepage\/hgy-media\/mensa_logo-600x301.png 600w, https:\/\/hoegy.de\/homepage\/hgy-media\/mensa_logo-50x25.png 50w, https:\/\/hoegy.de\/homepage\/hgy-media\/mensa_logo-1320x663.png 1320w\" data-sizes=\"auto, (max-width: 2191px) 100vw, 2191px\" src=\"data:image\/svg+xml;base64,PHN2ZyB3aWR0aD0iMSIgaGVpZ2h0PSIxIiB4bWxucz0iaHR0cDovL3d3dy53My5vcmcvMjAwMC9zdmciPjwvc3ZnPg==\" style=\"--smush-placeholder-width: 2191px; --smush-placeholder-aspect-ratio: 2191\/1100;\" \/><\/a><\/div><\/div><\/div><\/div><\/div><\/div><\/section>\n","protected":false},"excerpt":{"rendered":"Gesucht wird f\u00fcr die Mensa des H\u00f6lderlin-Gymnasiums in N\u00fcrtingen nach Absprache voraussichtlich ab 12.02.2024 bzw. baldm\u00f6glichst eine\/n Mitarbeiter\/in f\u00fcr die Sp\u00fclk\u00fcche. Stellenbeschreibung: Zur Unterst\u00fctzung unseres Teams suchen wir schnellstm\u00f6glich eine\/n motivierte Mitarbeiter\/in f\u00fcr die Schulmensa auf Basis Minijob (bis max. 538,- \u20ac). Anfallende T\u00e4tigkeiten w\u00e4ren beispielsweise: Sp\u00fclen von Ess- und Kochgeschirr und anfallenden Zubeh\u00f6r in...","protected":false},"author":26,"featured_media":3375,"comment_status":"closed","ping_status":"open","sticky":false,"template":"","format":"standard","meta":{"footnotes":""},"categories":[29],"tags":[],"class_list":["post-11428","post","type-post","status-publish","format-standard","has-post-thumbnail","hentry","category-mensa"],"publishpress_future_action":{"enabled":false,"date":"2026-05-09 12:21:21","action":"change-status","newStatus":"draft","terms":[],"taxonomy":"category","extraData":[]},"publishpress_future_workflow_manual_trigger":{"enabledWorkflows":[]},"_links":{"self":[{"href":"https:\/\/hoegy.de\/homepage\/wp-json\/wp\/v2\/posts\/11428","targetHints":{"allow":["GET"]}}],"collection":[{"href":"https:\/\/hoegy.de\/homepage\/wp-json\/wp\/v2\/posts"}],"about":[{"href":"https:\/\/hoegy.de\/homepage\/wp-json\/wp\/v2\/types\/post"}],"author":[{"embeddable":true,"href":"https:\/\/hoegy.de\/homepage\/wp-json\/wp\/v2\/users\/26"}],"replies":[{"embeddable":true,"href":"https:\/\/hoegy.de\/homepage\/wp-json\/wp\/v2\/comments?post=11428"}],"version-history":[{"count":2,"href":"https:\/\/hoegy.de\/homepage\/wp-json\/wp\/v2\/posts\/11428\/revisions"}],"predecessor-version":[{"id":11430,"href":"https:\/\/hoegy.de\/homepage\/wp-json\/wp\/v2\/posts\/11428\/revisions\/11430"}],"wp:featuredmedia":[{"embeddable":true,"href":"https:\/\/hoegy.de\/homepage\/wp-json\/wp\/v2\/media\/3375"}],"wp:attachment":[{"href":"https:\/\/hoegy.de\/homepage\/wp-json\/wp\/v2\/media?parent=11428"}],"wp:term":[{"taxonomy":"category","embeddable":true,"href":"https:\/\/hoegy.de\/homepage\/wp-json\/wp\/v2\/categories?post=11428"},{"taxonomy":"post_tag","embeddable":true,"href":"https:\/\/hoegy.de\/homepage\/wp-json\/wp\/v2\/tags?post=11428"}],"curies":[{"name":"wp","href":"https:\/\/api.w.org\/{rel}","templated":true}]}}