{"id":11504,"date":"2024-01-30T08:38:42","date_gmt":"2024-01-30T07:38:42","guid":{"rendered":"https:\/\/hoegy.de\/homepage\/?p=11504"},"modified":"2024-01-30T08:39:05","modified_gmt":"2024-01-30T07:39:05","slug":"von-affen-und-champions","status":"publish","type":"post","link":"https:\/\/hoegy.de\/homepage\/von-affen-und-champions\/","title":{"rendered":"Von Affen und Champions"},"content":{"rendered":"<section class=\"l-section wpb_row height_small\"><div class=\"l-section-h i-cf\"><div class=\"g-cols vc_row via_flex valign_top type_default stacking_default\"><div class=\"vc_col-sm-12 wpb_column vc_column_container\"><div class=\"vc_column-inner\"><div class=\"wpb_wrapper\"><div class=\"wpb_text_column\"><div class=\"wpb_wrapper\"><p><strong>Auftritt beim Neujahrsempfang der Landesregierung<\/strong><\/p>\n<p>Was ist besser als schw\u00e4bische Spatzen? In Stuagert zu singa und mit Kretschmann zu schwatzen!<\/p>\n<p>Doch fangen wir von vorne an. Den letzten Sonntag der Weihnachtsferien verbrachten wir, ein zwanzig k\u00f6pfiger M\u00e4nnerchor unter der Leitung unseres Maestros Benedikt Br\u00e4ndle nicht damit, ein letztes Mal alle Christb\u00e4ume zu loben, sondern bereiteten uns durch eine intensive Probe im Wohnzimmer Br\u00e4ndles auf den Auftritt beim Neujahrsempfang vor. Weitere Proben folgten in den darauf folgenden Wochen, bei denen der Spa\u00df und unsere Vorfreude stets erhalten blieben. Aufgeregt und voller Freude bei so einem Anlass singen zu d\u00fcrfen, trafen sich die H\u00f6gien Harmonists am 26. Januar um 17 Uhr im Neuen Schloss in Stuttgart zum Einsingen. Bereits beim Betreten des Schlosses, mit Blick auf die imposante Treppe im Eingangsbereich, wurde uns allen schnell klar, was f\u00fcr ein tolles Ambiente das heute Abend sein w\u00fcrde. Nach schnellem Umziehen in der eigenen Garderobe (alle schick im Anzug), dem Einsingen im Marmorsaal des Schlosses und dem St\u00e4rken am gro\u00dfz\u00fcgigen Buffet in der eigenen Cafeteria nahm der Abend seinen Lauf. Nachdem das Kabinett des Landtages Baden-W\u00fcrttemberg eingetroffen war und unser Ministerpr\u00e4sident Winfried Kretschmann seine auf den Punkt gebrachte Begr\u00fc\u00dfungsrede gehalten hatte, waren wir auch schon an der Reihe, durch unseren musikalischen Beitrag den Abend einzul\u00e4uten.<\/p>\n<p>Der Er\u00f6ffnungssong \u201eBr\u00fcderchen Luis\u201c aus dem Dschungel- Buch, kam nicht nur aufgrund seiner Doppeldeutigkeit (\u201eIch bin der K\u00f6nig im Affenstaat\u201c) so gut an. Denn auch der Klang und die schwungvolle Choreo heizten dem Publikum richtig ein. Weiter ging es mit dem bekannten \u201eWe are the Champions\u201c von Queen, jedoch in einer, von Benedikt Br\u00e4ndle, arrangierten Fassung. Ausschnitte aus H\u00e4ndels \u201eHallelujah\u201c und dem Volkslied \u201eWir lagen vor Madagaskar\u201c hatte wohl noch keiner in solch einem Zusammenhang geh\u00f6rt. In echter Champions-Manier war auch die Choreo, die im gemeinsamen Feuerzeugschwingen gipfelte, G\u00e4nsehaut-Moment inklusive. Als das St\u00fcck nun auch noch choralartig mit dem Abendlied \u201eDer Mond ist aufgegangen\u201c endete, war das Publikum aus dem H\u00e4uschen.<\/p>\n<p>Die Stimmung war am H\u00f6hepunkt, also lie\u00df die Zugabe nicht lange auf sich warten. Sobald die Menge ihre Getr\u00e4nke in die Luft gehoben hatte, \u00fcberzeugte unser M\u00e4nnerchor nat\u00fcrlich abschlie\u00dfend ganz klassisch in Silcher-M\u00e4nnerchor-Tradition mit \u201eIm Keller ruht ein Fass\u201c. Mit lang anhaltendem und wirklich prominentem Applaus wurden die H\u00f6gien Harmonists gefeiert.<\/p>\n<p>Den restlichen Abend durften wir dann mit wunderbarem Buffet, einer Riesentorte in Baden-W\u00fcrttemberg-Form und allerlei Getr\u00e4nken ausklingen lassen. Auch f\u00fcr ein Gruppenfoto mit unserem Ministerpr\u00e4sidenten hatte es gl\u00fccklicherweise noch gereicht.<\/p>\n<p>Es war uns wirklich eine Ehre, an diesem Abend mitwirken zu d\u00fcrfen!<\/p>\n<p style=\"text-align: right\"><em>Moritz Kluska, Ferdinand Br\u00e4ndle und Noah Lindenmaier<\/em><\/p>\n<\/div><\/div><div class=\"w-image has_ratio align_none\"><a href=\"https:\/\/hoegy.de\/homepage\/hgy-media\/240126_NJE_015-scaled.jpg\" aria-label=\"Neujahrsempfang der Landesregierung\" class=\"w-image-h\"><div style=\"padding-bottom:75%\"><\/div><img decoding=\"async\" width=\"1024\" height=\"683\" data-src=\"https:\/\/hoegy.de\/homepage\/hgy-media\/240126_NJE_015-1024x683.jpg\" class=\"attachment-large size-large lazyload\" alt=\"\" src=\"data:image\/svg+xml;base64,PHN2ZyB3aWR0aD0iMSIgaGVpZ2h0PSIxIiB4bWxucz0iaHR0cDovL3d3dy53My5vcmcvMjAwMC9zdmciPjwvc3ZnPg==\" style=\"--smush-placeholder-width: 1024px; --smush-placeholder-aspect-ratio: 1024\/683;\" \/><\/a><\/div><div class=\"wpb_text_column\"><div class=\"wpb_wrapper\"><p style=\"text-align: right\"><em>Foto: Staatsministerium Stuttgart\/Uli Regenscheit<\/em><\/p>\n<\/div><\/div><\/div><\/div><\/div><\/div><\/div><\/section>\n","protected":false},"excerpt":{"rendered":"Auftritt beim Neujahrsempfang der Landesregierung Was ist besser als schw\u00e4bische Spatzen? In Stuagert zu singa und mit Kretschmann zu schwatzen! Doch fangen wir von vorne an. Den letzten Sonntag der Weihnachtsferien verbrachten wir, ein zwanzig k\u00f6pfiger M\u00e4nnerchor unter der Leitung unseres Maestros Benedikt Br\u00e4ndle nicht damit, ein letztes Mal alle Christb\u00e4ume zu loben, sondern bereiteten...","protected":false},"author":8,"featured_media":11505,"comment_status":"closed","ping_status":"open","sticky":false,"template":"","format":"standard","meta":{"footnotes":""},"categories":[1],"tags":[],"class_list":["post-11504","post","type-post","status-publish","format-standard","has-post-thumbnail","hentry","category-news"],"publishpress_future_action":{"enabled":false,"date":"2026-05-03 20:16:54","action":"change-status","newStatus":"draft","terms":[],"taxonomy":"category","extraData":[]},"publishpress_future_workflow_manual_trigger":{"enabledWorkflows":[]},"_links":{"self":[{"href":"https:\/\/hoegy.de\/homepage\/wp-json\/wp\/v2\/posts\/11504","targetHints":{"allow":["GET"]}}],"collection":[{"href":"https:\/\/hoegy.de\/homepage\/wp-json\/wp\/v2\/posts"}],"about":[{"href":"https:\/\/hoegy.de\/homepage\/wp-json\/wp\/v2\/types\/post"}],"author":[{"embeddable":true,"href":"https:\/\/hoegy.de\/homepage\/wp-json\/wp\/v2\/users\/8"}],"replies":[{"embeddable":true,"href":"https:\/\/hoegy.de\/homepage\/wp-json\/wp\/v2\/comments?post=11504"}],"version-history":[{"count":2,"href":"https:\/\/hoegy.de\/homepage\/wp-json\/wp\/v2\/posts\/11504\/revisions"}],"predecessor-version":[{"id":11507,"href":"https:\/\/hoegy.de\/homepage\/wp-json\/wp\/v2\/posts\/11504\/revisions\/11507"}],"wp:featuredmedia":[{"embeddable":true,"href":"https:\/\/hoegy.de\/homepage\/wp-json\/wp\/v2\/media\/11505"}],"wp:attachment":[{"href":"https:\/\/hoegy.de\/homepage\/wp-json\/wp\/v2\/media?parent=11504"}],"wp:term":[{"taxonomy":"category","embeddable":true,"href":"https:\/\/hoegy.de\/homepage\/wp-json\/wp\/v2\/categories?post=11504"},{"taxonomy":"post_tag","embeddable":true,"href":"https:\/\/hoegy.de\/homepage\/wp-json\/wp\/v2\/tags?post=11504"}],"curies":[{"name":"wp","href":"https:\/\/api.w.org\/{rel}","templated":true}]}}