{"id":11508,"date":"2024-01-30T09:27:17","date_gmt":"2024-01-30T08:27:17","guid":{"rendered":"https:\/\/hoegy.de\/homepage\/?p=11508"},"modified":"2024-02-02T13:26:41","modified_gmt":"2024-02-02T12:26:41","slug":"erfolge-bei-jugend-musiziert","status":"publish","type":"post","link":"https:\/\/hoegy.de\/homepage\/erfolge-bei-jugend-musiziert\/","title":{"rendered":"Erfolge bei Jugend musiziert"},"content":{"rendered":"<section class=\"l-section wpb_row height_small\"><div class=\"l-section-h i-cf\"><div class=\"g-cols vc_row via_flex valign_top type_default stacking_default\"><div class=\"vc_col-sm-12 wpb_column vc_column_container\"><div class=\"vc_column-inner\"><div class=\"wpb_wrapper\"><div class=\"wpb_text_column\"><div class=\"wpb_wrapper\"><p>Zahlreiche H\u00f6Gy-Sch\u00fcler*innen haben am diesj\u00e4hrigen Regionalwettbewerb Jugend musiziert teilgenommen und hervorragende Ergebnisse erzielt.<\/p>\n<p>Eine ganze Reihe Musiker*innen, die allesamt auch in den H\u00f6Gy-Musikprofilgruppen, Musik-Leistungskursen und Ensembles aktiv sind, konnten sich f\u00fcr den Landeswettbewerb im M\u00e4rz in Offenburg qualifizieren. Wir gratulieren und dr\u00fccken die Daumen!<\/p>\n<p>Einen ersten Preis mit Weiterleitung zum Landeswettbewerb erreichten:<\/p>\n<p>Emily Thei\u00df (6C), Oboe<br \/>\nSike Lu (6D), Gitarre<br \/>\nMilan Pietzsch (7D), Posaune<br \/>\nNicola Witzmann (9D), Violine (Duowertung)<br \/>\nAnna Honisch (KS2), Querfl\u00f6te<br \/>\nJohannes Kaiser (KS2), Violoncello (Duowertung)<br \/>\nMoritz Kluska (KS2), Posaune<br \/>\nKatja Wennagel (KS2), Posaune<\/p>\n<p>Ebenfalls\u00a0 ersten Preis erhielt Adrian Zeitler (7C), Posaune.\u00a0 Herzlichen Gl\u00fcckwunsch!<\/p>\n<\/div><\/div><\/div><\/div><\/div><\/div><\/div><\/section>\n","protected":false},"excerpt":{"rendered":"Zahlreiche H\u00f6Gy-Sch\u00fcler*innen haben am diesj\u00e4hrigen Regionalwettbewerb Jugend musiziert teilgenommen und hervorragende Ergebnisse erzielt. Eine ganze Reihe Musiker*innen, die allesamt auch in den H\u00f6Gy-Musikprofilgruppen, Musik-Leistungskursen und Ensembles aktiv sind, konnten sich f\u00fcr den Landeswettbewerb im M\u00e4rz in Offenburg qualifizieren. Wir gratulieren und dr\u00fccken die Daumen! Einen ersten Preis mit Weiterleitung zum Landeswettbewerb erreichten: Emily Thei\u00df (6C),...","protected":false},"author":8,"featured_media":0,"comment_status":"closed","ping_status":"open","sticky":false,"template":"","format":"standard","meta":{"footnotes":""},"categories":[1],"tags":[],"class_list":["post-11508","post","type-post","status-publish","format-standard","hentry","category-news"],"publishpress_future_action":{"enabled":false,"date":"2026-05-03 20:17:15","action":"change-status","newStatus":"draft","terms":[],"taxonomy":"category","extraData":[]},"publishpress_future_workflow_manual_trigger":{"enabledWorkflows":[]},"_links":{"self":[{"href":"https:\/\/hoegy.de\/homepage\/wp-json\/wp\/v2\/posts\/11508","targetHints":{"allow":["GET"]}}],"collection":[{"href":"https:\/\/hoegy.de\/homepage\/wp-json\/wp\/v2\/posts"}],"about":[{"href":"https:\/\/hoegy.de\/homepage\/wp-json\/wp\/v2\/types\/post"}],"author":[{"embeddable":true,"href":"https:\/\/hoegy.de\/homepage\/wp-json\/wp\/v2\/users\/8"}],"replies":[{"embeddable":true,"href":"https:\/\/hoegy.de\/homepage\/wp-json\/wp\/v2\/comments?post=11508"}],"version-history":[{"count":3,"href":"https:\/\/hoegy.de\/homepage\/wp-json\/wp\/v2\/posts\/11508\/revisions"}],"predecessor-version":[{"id":11535,"href":"https:\/\/hoegy.de\/homepage\/wp-json\/wp\/v2\/posts\/11508\/revisions\/11535"}],"wp:attachment":[{"href":"https:\/\/hoegy.de\/homepage\/wp-json\/wp\/v2\/media?parent=11508"}],"wp:term":[{"taxonomy":"category","embeddable":true,"href":"https:\/\/hoegy.de\/homepage\/wp-json\/wp\/v2\/categories?post=11508"},{"taxonomy":"post_tag","embeddable":true,"href":"https:\/\/hoegy.de\/homepage\/wp-json\/wp\/v2\/tags?post=11508"}],"curies":[{"name":"wp","href":"https:\/\/api.w.org\/{rel}","templated":true}]}}