{"id":11607,"date":"2024-02-11T14:06:42","date_gmt":"2024-02-11T13:06:42","guid":{"rendered":"https:\/\/hoegy.de\/homepage\/?p=11607"},"modified":"2024-02-17T18:15:08","modified_gmt":"2024-02-17T17:15:08","slug":"gemeinschaftskunde-lk-trifft-bundestagsabgeordnete","status":"publish","type":"post","link":"https:\/\/hoegy.de\/homepage\/gemeinschaftskunde-lk-trifft-bundestagsabgeordnete\/","title":{"rendered":"Gemeinschaftskunde-LK trifft Bundestagsabgeordnete"},"content":{"rendered":"<section class=\"l-section wpb_row height_small\"><div class=\"l-section-h i-cf\"><div class=\"g-cols vc_row via_flex valign_top type_default stacking_default\"><div class=\"vc_col-sm-6 wpb_column vc_column_container\"><div class=\"vc_column-inner\"><div class=\"wpb_wrapper\"><div class=\"wpb_text_column\"><div class=\"wpb_wrapper\"><p>Im Gemeinschaftskunde-Leistungskurs lernt man viel Theoretisches \u00fcber Politik und politische Probleme, doch inwiefern l\u00e4sst sich Gelerntes auf die Realit\u00e4t \u00fcbertragen? Um diese Frage zu beantworten, begaben sich die Sch\u00fclerinnen und Sch\u00fclern des GK-LKs gemeinsam mit Herrn Maier am Montag, den 05.Februar, nach Reutlingen, um im Rahmen der Veranstaltung \u201eKepi trifft Politik\u201c mit Bundestagsabgeordneten ins Gespr\u00e4ch zu kommen.<\/p>\n<p>Vor Beginn der Veranstaltung stand diese unter keinem guten Stern. Nach dem Bekanntwerden des Treffens in Potsdam unter Beteiligung von AFD-Parteimitgliedern reagierte der Schulleiter des Johannes-Kepler-Gymnasiums mit der kurzfristigen Ausladung des AFD-Abgeordneten Spaniel.<\/p>\n<p>Erfreulicherweise konnte die Diskussionsrunde aber trotz der schwierigen Situation stattfinden und begann im Musiksaal der Schule mit einem kurzen Quiz, um das Allgemeinwissen zu testen, welches Sch\u00fclerinnen und Sch\u00fcler des Gymnasiums vorbereitet hatten. Kurze Zeit sp\u00e4ter wurden die Gespr\u00e4chsrunden er\u00f6ffnet, wobei an f\u00fcnf Stehtischen unterschiedliche Themen diskutiert wurden. Die f\u00fcnf geladenen Bundestagsabgeordneten, Herr Donth von der CDU, Frau M\u00fcller-Gemmecke von B\u00fcndnis90\/Die Gr\u00fcnen, Herr Rosemann von der SPD, Herr Seiter von der FDP sowie Frau Tatti, die mittlerweile fraktionslos ist (ehemalig Die Linke; jetzt BSW), diskutierten mit circa 40 Sch\u00fclerinnen und Sch\u00fcler \u00fcber aktuelle Themen wie den Kohleausstieg bis 2030, eine Wehrpflicht oder die Auslagerung des Asylverfahrens in Drittl\u00e4nder.<\/p>\n<p>Es entstanden trotz der Redefreudigkeit der Politiker spannende Diskussionen und die Sch\u00fclerinnen und Sch\u00fcler des H\u00f6gys konnten viele bereichernden Erkenntnisse und Erfahrungen im pers\u00f6nlichen Kontakt mit sonst scheinbar unerreichbaren Menschen sammeln.<\/p>\n<p>Nach der Veranstaltung standen die Bundestagsabgeordneten noch f\u00fcr weitere Fragen zu Verf\u00fcgung.<\/p>\n<p>Auch f\u00fcr die Presse war die Veranstaltung interessant, sowohl der Lokalsender RTF als auch der SWR waren anwesend.<\/p>\n<p>\u00a0<\/p>\n<p>Der Gemeinschaftskunde LK und Herr Maier bedanken sich f\u00fcr die Einladung und die gro\u00dfartige Organisation dieser Veranstaltung.<\/p>\n<p>(Noah Henzler und Maja J\u00e4ger f\u00fcr den GK-LK)<\/p>\n<\/div><\/div><\/div><\/div><\/div><div class=\"vc_col-sm-6 wpb_column vc_column_container\"><div class=\"vc_column-inner\"><div class=\"wpb_wrapper\"><div class=\"w-image align_none\"><div class=\"w-image-h\"><img decoding=\"async\" width=\"768\" height=\"1024\" data-src=\"https:\/\/hoegy.de\/homepage\/hgy-media\/Foto-1-Kepi-trifft-Politik-768x1024.jpg\" class=\"attachment-large size-large lazyload\" alt=\"\" data-srcset=\"https:\/\/hoegy.de\/homepage\/hgy-media\/\/Foto-1-Kepi-trifft-Politik-768x1024.jpg 768w, https:\/\/hoegy.de\/homepage\/hgy-media\/\/Foto-1-Kepi-trifft-Politik-150x200.jpg 150w, https:\/\/hoegy.de\/homepage\/hgy-media\/\/Foto-1-Kepi-trifft-Politik-446x595.jpg 446w, https:\/\/hoegy.de\/homepage\/hgy-media\/\/Foto-1-Kepi-trifft-Politik-38x50.jpg 38w, https:\/\/hoegy.de\/homepage\/hgy-media\/\/Foto-1-Kepi-trifft-Politik-scaled.jpg 1920w\" data-sizes=\"auto, (max-width: 768px) 100vw, 768px\" src=\"data:image\/svg+xml;base64,PHN2ZyB3aWR0aD0iMSIgaGVpZ2h0PSIxIiB4bWxucz0iaHR0cDovL3d3dy53My5vcmcvMjAwMC9zdmciPjwvc3ZnPg==\" style=\"--smush-placeholder-width: 768px; --smush-placeholder-aspect-ratio: 768\/1024;\" \/><\/div><\/div><div class=\"w-video align_none ratio_16x9 has_iframe\"><div class=\"w-video-h\"><iframe title=\"Youtube video player\" data-src=\"\/\/www.youtube.com\/embed\/C5l5f7ZuEI8?autoplay=0&controls=1&origin=https:\/\/hoegy.de\/homepage&loop=0&mute=0\" allowfullscreen=\"1\" src=\"data:image\/svg+xml;base64,PHN2ZyB3aWR0aD0iMSIgaGVpZ2h0PSIxIiB4bWxucz0iaHR0cDovL3d3dy53My5vcmcvMjAwMC9zdmciPjwvc3ZnPg==\" class=\"lazyload\" data-load-mode=\"1\"><\/iframe><\/div><\/div><\/div><\/div><\/div><\/div><\/div><\/section>\n","protected":false},"excerpt":{"rendered":"Im Gemeinschaftskunde-Leistungskurs lernt man viel Theoretisches \u00fcber Politik und politische Probleme, doch inwiefern l\u00e4sst sich Gelerntes auf die Realit\u00e4t \u00fcbertragen? Um diese Frage zu beantworten, begaben sich die Sch\u00fclerinnen und Sch\u00fclern des GK-LKs gemeinsam mit Herrn Maier am Montag, den 05.Februar, nach Reutlingen, um im Rahmen der Veranstaltung \u201eKepi trifft Politik\u201c mit Bundestagsabgeordneten ins Gespr\u00e4ch...","protected":false},"author":8,"featured_media":11608,"comment_status":"closed","ping_status":"open","sticky":false,"template":"","format":"standard","meta":{"footnotes":""},"categories":[1],"tags":[],"class_list":["post-11607","post","type-post","status-publish","format-standard","has-post-thumbnail","hentry","category-news"],"publishpress_future_action":{"enabled":false,"date":"2026-05-03 18:24:05","action":"change-status","newStatus":"draft","terms":[],"taxonomy":"category","extraData":[]},"publishpress_future_workflow_manual_trigger":{"enabledWorkflows":[]},"_links":{"self":[{"href":"https:\/\/hoegy.de\/homepage\/wp-json\/wp\/v2\/posts\/11607","targetHints":{"allow":["GET"]}}],"collection":[{"href":"https:\/\/hoegy.de\/homepage\/wp-json\/wp\/v2\/posts"}],"about":[{"href":"https:\/\/hoegy.de\/homepage\/wp-json\/wp\/v2\/types\/post"}],"author":[{"embeddable":true,"href":"https:\/\/hoegy.de\/homepage\/wp-json\/wp\/v2\/users\/8"}],"replies":[{"embeddable":true,"href":"https:\/\/hoegy.de\/homepage\/wp-json\/wp\/v2\/comments?post=11607"}],"version-history":[{"count":5,"href":"https:\/\/hoegy.de\/homepage\/wp-json\/wp\/v2\/posts\/11607\/revisions"}],"predecessor-version":[{"id":11669,"href":"https:\/\/hoegy.de\/homepage\/wp-json\/wp\/v2\/posts\/11607\/revisions\/11669"}],"wp:featuredmedia":[{"embeddable":true,"href":"https:\/\/hoegy.de\/homepage\/wp-json\/wp\/v2\/media\/11608"}],"wp:attachment":[{"href":"https:\/\/hoegy.de\/homepage\/wp-json\/wp\/v2\/media?parent=11607"}],"wp:term":[{"taxonomy":"category","embeddable":true,"href":"https:\/\/hoegy.de\/homepage\/wp-json\/wp\/v2\/categories?post=11607"},{"taxonomy":"post_tag","embeddable":true,"href":"https:\/\/hoegy.de\/homepage\/wp-json\/wp\/v2\/tags?post=11607"}],"curies":[{"name":"wp","href":"https:\/\/api.w.org\/{rel}","templated":true}]}}