{"id":11709,"date":"2024-02-22T17:32:07","date_gmt":"2024-02-22T16:32:07","guid":{"rendered":"https:\/\/hoegy.de\/homepage\/?p=11709"},"modified":"2024-02-22T17:32:07","modified_gmt":"2024-02-22T16:32:07","slug":"paedagogischer-tag-am-hoegy","status":"publish","type":"post","link":"https:\/\/hoegy.de\/homepage\/paedagogischer-tag-am-hoegy\/","title":{"rendered":"P\u00e4dagogischer Tag am H\u00f6Gy"},"content":{"rendered":"<section class=\"l-section wpb_row height_small\"><div class=\"l-section-h i-cf\"><div class=\"g-cols vc_row via_flex valign_top type_default stacking_default\"><div class=\"vc_col-sm-6 wpb_column vc_column_container\"><div class=\"vc_column-inner\"><div class=\"wpb_wrapper\"><div class=\"wpb_text_column\"><div class=\"wpb_wrapper\"><p>Der 19. Februar stand im Zeichen des P\u00e4dagogischen Tages am H\u00f6Gy. Neben dem Lehrerkollegium waren Eltern sowie Sch\u00fclerinnen und Sch\u00fcler zu einem gemeinsamen Austausch eingeladen. Den Auftakt bildete ein Impulsvortrag von Frau Dr. Becker von der Universit\u00e4t T\u00fcbingen in der Mensa zum Thema K\u00fcnstliche Intelligenz und ihre Potentiale f\u00fcr die Arbeit in der Schule.<\/p>\n<p>Jeder und jede konnte sich anschlie\u00dfend den Vormittag \u00fcber mit einem selbst gew\u00e4hlten Thema in einem Workshop beteiligen. Hier brachten sich kompetente Unterst\u00fctzerinnen und Unterst\u00fctzer mit ihrer Expertise ein. Auf diesem Wege war es m\u00f6glich das Thema KI \u00fcber zwei Workshops noch zu vertiefen: \u201eK\u00fcnstlicher Intelligenz in der Schulpraxis\u201c (Frau Wellert, Universit\u00e4t T\u00fcbingen) oder \u201eFolgen von KI im Unterricht\u201c (Herr Keil, Kreismedienzentrum Esslingen). Die Palette der weiteren Themen reichte von der Optimierung der Kommunikation (Herr Jansen, Schulleiter a.D.) \u00fcber Handyregelungen am H\u00f6Gy (Robert Rymes, Kreismedienzentrum Esslingen), die Entlastung von Sch\u00fclerinnen und Sch\u00fclern (Frau Vernaci, Familiencoach und TI-Mitarbeiterin) bis zur Vereinfachung von Arbeitsabl\u00e4ufen (Herr Laumanns, Lehrer am H\u00f6Gy).<\/p>\n<p>Anschlie\u00dfend konnten sich alle auf einem \u201eMarktplatz\u201c in der Aula von den vielf\u00e4ltigen Ergebnissen der Workshops anhand von Pinnw\u00e4nden \u00fcberzeugen und wechselseitig austauschen. An den Ergebnissen der vielf\u00e4ltigen Arbeitsgruppen wird sich k\u00fcnftig die konkrete p\u00e4dagogische Arbeit an der Schule orientieren.\u00a0 Dazu hat der erfolgreiche Tag einen wichtigen Beitrag geleistet.<\/p>\n<\/div><\/div><\/div><\/div><\/div><div class=\"vc_col-sm-6 wpb_column vc_column_container\"><div class=\"vc_column-inner\"><div class=\"wpb_wrapper\"><div class=\"w-image align_none\"><a ref=\"magnificPopup\" href=\"https:\/\/hoegy.de\/homepage\/hgy-media\/Bild-Begruessung-Paedagogischer-Tag-scaled.jpeg\" aria-label=\"Bild Begr\u00fc\u00dfung P\u00e4dagogischer Tag\" class=\"w-image-h\"><img decoding=\"async\" width=\"2560\" height=\"1920\" data-src=\"https:\/\/hoegy.de\/homepage\/hgy-media\/Bild-Begruessung-Paedagogischer-Tag-scaled.jpeg\" class=\"attachment-full size-full lazyload\" alt=\"\" data-srcset=\"https:\/\/hoegy.de\/homepage\/hgy-media\/\/Bild-Begruessung-Paedagogischer-Tag-scaled.jpeg 2560w, https:\/\/hoegy.de\/homepage\/hgy-media\/\/Bild-Begruessung-Paedagogischer-Tag-200x150.jpeg 200w, https:\/\/hoegy.de\/homepage\/hgy-media\/\/Bild-Begruessung-Paedagogischer-Tag-1024x768.jpeg 1024w, https:\/\/hoegy.de\/homepage\/hgy-media\/\/Bild-Begruessung-Paedagogischer-Tag-600x450.jpeg 600w, https:\/\/hoegy.de\/homepage\/hgy-media\/\/Bild-Begruessung-Paedagogischer-Tag-50x38.jpeg 50w\" data-sizes=\"auto, (max-width: 2560px) 100vw, 2560px\" src=\"data:image\/svg+xml;base64,PHN2ZyB3aWR0aD0iMSIgaGVpZ2h0PSIxIiB4bWxucz0iaHR0cDovL3d3dy53My5vcmcvMjAwMC9zdmciPjwvc3ZnPg==\" style=\"--smush-placeholder-width: 2560px; --smush-placeholder-aspect-ratio: 2560\/1920;\" \/><\/a><\/div><div class=\"w-image align_none\"><a ref=\"magnificPopup\" href=\"https:\/\/hoegy.de\/homepage\/hgy-media\/5tqpr0xd.png\" aria-label=\"5tqpr0xd\" class=\"w-image-h\"><img decoding=\"async\" width=\"1894\" height=\"1445\" data-src=\"https:\/\/hoegy.de\/homepage\/hgy-media\/5tqpr0xd.png\" class=\"attachment-full size-full lazyload\" alt=\"\" data-srcset=\"https:\/\/hoegy.de\/homepage\/hgy-media\/\/5tqpr0xd.png 1894w, https:\/\/hoegy.de\/homepage\/hgy-media\/\/5tqpr0xd-200x153.png 200w, https:\/\/hoegy.de\/homepage\/hgy-media\/\/5tqpr0xd-1024x781.png 1024w, https:\/\/hoegy.de\/homepage\/hgy-media\/\/5tqpr0xd-600x458.png 600w, https:\/\/hoegy.de\/homepage\/hgy-media\/\/5tqpr0xd-50x38.png 50w\" data-sizes=\"auto, (max-width: 1894px) 100vw, 1894px\" src=\"data:image\/svg+xml;base64,PHN2ZyB3aWR0aD0iMSIgaGVpZ2h0PSIxIiB4bWxucz0iaHR0cDovL3d3dy53My5vcmcvMjAwMC9zdmciPjwvc3ZnPg==\" style=\"--smush-placeholder-width: 1894px; --smush-placeholder-aspect-ratio: 1894\/1445;\" \/><\/a><\/div><\/div><\/div><\/div><\/div><\/div><\/section>\n","protected":false},"excerpt":{"rendered":"Der 19. Februar stand im Zeichen des P\u00e4dagogischen Tages am H\u00f6Gy. Neben dem Lehrerkollegium waren Eltern sowie Sch\u00fclerinnen und Sch\u00fcler zu einem gemeinsamen Austausch eingeladen. Den Auftakt bildete ein Impulsvortrag von Frau Dr. Becker von der Universit\u00e4t T\u00fcbingen in der Mensa zum Thema K\u00fcnstliche Intelligenz und ihre Potentiale f\u00fcr die Arbeit in der Schule. Jeder...","protected":false},"author":8,"featured_media":0,"comment_status":"closed","ping_status":"open","sticky":false,"template":"","format":"standard","meta":{"footnotes":""},"categories":[1],"tags":[],"class_list":["post-11709","post","type-post","status-publish","format-standard","hentry","category-news"],"publishpress_future_action":{"enabled":false,"date":"2026-05-03 18:23:41","action":"change-status","newStatus":"draft","terms":[],"taxonomy":"category","extraData":[]},"publishpress_future_workflow_manual_trigger":{"enabledWorkflows":[]},"_links":{"self":[{"href":"https:\/\/hoegy.de\/homepage\/wp-json\/wp\/v2\/posts\/11709","targetHints":{"allow":["GET"]}}],"collection":[{"href":"https:\/\/hoegy.de\/homepage\/wp-json\/wp\/v2\/posts"}],"about":[{"href":"https:\/\/hoegy.de\/homepage\/wp-json\/wp\/v2\/types\/post"}],"author":[{"embeddable":true,"href":"https:\/\/hoegy.de\/homepage\/wp-json\/wp\/v2\/users\/8"}],"replies":[{"embeddable":true,"href":"https:\/\/hoegy.de\/homepage\/wp-json\/wp\/v2\/comments?post=11709"}],"version-history":[{"count":2,"href":"https:\/\/hoegy.de\/homepage\/wp-json\/wp\/v2\/posts\/11709\/revisions"}],"predecessor-version":[{"id":11713,"href":"https:\/\/hoegy.de\/homepage\/wp-json\/wp\/v2\/posts\/11709\/revisions\/11713"}],"wp:attachment":[{"href":"https:\/\/hoegy.de\/homepage\/wp-json\/wp\/v2\/media?parent=11709"}],"wp:term":[{"taxonomy":"category","embeddable":true,"href":"https:\/\/hoegy.de\/homepage\/wp-json\/wp\/v2\/categories?post=11709"},{"taxonomy":"post_tag","embeddable":true,"href":"https:\/\/hoegy.de\/homepage\/wp-json\/wp\/v2\/tags?post=11709"}],"curies":[{"name":"wp","href":"https:\/\/api.w.org\/{rel}","templated":true}]}}