{"id":1172,"date":"2018-05-02T16:26:08","date_gmt":"2018-05-02T14:26:08","guid":{"rendered":"https:\/\/hoegy.de\/homepage\/?p=1172"},"modified":"2018-11-04T11:40:35","modified_gmt":"2018-11-04T10:40:35","slug":"gegen-die-anonymitaet","status":"publish","type":"post","link":"https:\/\/hoegy.de\/homepage\/gegen-die-anonymitaet\/","title":{"rendered":"Gegen die Anonymit\u00e4t"},"content":{"rendered":"<p>Mit den Konzerten war das Projekt l\u00e4ngst noch nicht beendet. Aufgrund des gro\u00dfen Interesses war der Ausstellungsraum in der vergangenen Woche erneut f\u00fcr Schulklassen und Eltern ge\u00f6ffnet. Diesem Angebot kamen zahlreiche Besucher nach und besch\u00e4ftigten sich mit den zahlreichen Beitr\u00e4gen, die sich mit dem Thema auf ganz unterschiedliche Weise auseinandersetzen. Dar\u00fcber hinaus fand am vergangenen Mittwoch eine Lesung mit Annette Kliss, der Initiatorin des Kunstprojektes, statt. Sie berichtete einer gro\u00dfen Zahl von interessierten Sch\u00fclerinnen und Sch\u00fclern von einigen Papierb\u00f6gen, die sie besonders beeindruckt hatten, und las Ausschnitte aus den darauf verfassten Texten vor. Es war sp\u00fcrbar, dass die jungen Zuh\u00f6rerinnen und Zuh\u00f6rer von diesen Schilderungen bewegt waren. Das Konzept, die anonymen Opfer von Krieg und Verfolgung durch diese Aktion als konkrete, pers\u00f6nliche Schicksale erfahrbar zu machen, erfuhr so eine gelungene Umsetzung.<\/p>\n<p><a ref=\"magnificPopup\" href=\"https:\/\/hoegy.de\/homepage\/hgy-media\/Aktion-Kliss.jpg\"><img decoding=\"async\" class=\"alignnone wp-image-1173 size-full lazyload\" data-src=\"https:\/\/hoegy.de\/homepage\/hgy-media\/Aktion-Kliss.jpg\" alt=\"\" width=\"325\" height=\"244\" src=\"data:image\/svg+xml;base64,PHN2ZyB3aWR0aD0iMSIgaGVpZ2h0PSIxIiB4bWxucz0iaHR0cDovL3d3dy53My5vcmcvMjAwMC9zdmciPjwvc3ZnPg==\" style=\"--smush-placeholder-width: 325px; --smush-placeholder-aspect-ratio: 325\/244;\" \/><\/a><\/p>\n","protected":false},"excerpt":{"rendered":"<p>Mit den Konzerten war das Projekt l\u00e4ngst noch nicht beendet. Aufgrund des gro\u00dfen Interesses war der Ausstellungsraum in der vergangenen Woche erneut f\u00fcr Schulklassen und Eltern ge\u00f6ffnet. Diesem Angebot kamen zahlreiche Besucher nach und besch\u00e4ftigten sich mit den zahlreichen Beitr\u00e4gen, die sich mit dem Thema auf ganz unterschiedliche Weise auseinandersetzen. Dar\u00fcber hinaus fand am vergangenen&#8230;<\/p>\n","protected":false},"author":2,"featured_media":1173,"comment_status":"closed","ping_status":"open","sticky":false,"template":"","format":"standard","meta":{"footnotes":""},"categories":[1],"tags":[],"class_list":["post-1172","post","type-post","status-publish","format-standard","has-post-thumbnail","hentry","category-news"],"publishpress_future_action":{"enabled":false,"date":"2026-05-04 13:47:59","action":"change-status","newStatus":"draft","terms":[],"taxonomy":"category","extraData":[]},"publishpress_future_workflow_manual_trigger":{"enabledWorkflows":[]},"_links":{"self":[{"href":"https:\/\/hoegy.de\/homepage\/wp-json\/wp\/v2\/posts\/1172","targetHints":{"allow":["GET"]}}],"collection":[{"href":"https:\/\/hoegy.de\/homepage\/wp-json\/wp\/v2\/posts"}],"about":[{"href":"https:\/\/hoegy.de\/homepage\/wp-json\/wp\/v2\/types\/post"}],"author":[{"embeddable":true,"href":"https:\/\/hoegy.de\/homepage\/wp-json\/wp\/v2\/users\/2"}],"replies":[{"embeddable":true,"href":"https:\/\/hoegy.de\/homepage\/wp-json\/wp\/v2\/comments?post=1172"}],"version-history":[{"count":2,"href":"https:\/\/hoegy.de\/homepage\/wp-json\/wp\/v2\/posts\/1172\/revisions"}],"predecessor-version":[{"id":1224,"href":"https:\/\/hoegy.de\/homepage\/wp-json\/wp\/v2\/posts\/1172\/revisions\/1224"}],"wp:featuredmedia":[{"embeddable":true,"href":"https:\/\/hoegy.de\/homepage\/wp-json\/wp\/v2\/media\/1173"}],"wp:attachment":[{"href":"https:\/\/hoegy.de\/homepage\/wp-json\/wp\/v2\/media?parent=1172"}],"wp:term":[{"taxonomy":"category","embeddable":true,"href":"https:\/\/hoegy.de\/homepage\/wp-json\/wp\/v2\/categories?post=1172"},{"taxonomy":"post_tag","embeddable":true,"href":"https:\/\/hoegy.de\/homepage\/wp-json\/wp\/v2\/tags?post=1172"}],"curies":[{"name":"wp","href":"https:\/\/api.w.org\/{rel}","templated":true}]}}