{"id":11779,"date":"2024-03-13T14:14:52","date_gmt":"2024-03-13T13:14:52","guid":{"rendered":"https:\/\/hoegy.de\/homepage\/?p=11779"},"modified":"2024-03-13T14:14:52","modified_gmt":"2024-03-13T13:14:52","slug":"seminar-zur-berufs-und-studienorientierung","status":"publish","type":"post","link":"https:\/\/hoegy.de\/homepage\/seminar-zur-berufs-und-studienorientierung\/","title":{"rendered":"Seminar zur Berufs-und Studienorientierung"},"content":{"rendered":"<section class=\"l-section wpb_row height_small\"><div class=\"l-section-h i-cf\"><div class=\"g-cols vc_row via_flex valign_top type_default stacking_default\"><div class=\"vc_col-sm-12 wpb_column vc_column_container\"><div class=\"vc_column-inner\"><div class=\"wpb_wrapper\"><div class=\"wpb_text_column\"><div class=\"wpb_wrapper\"><p>W\u00e4hrend andere sich beim P\u00e4dagogischen Tag oder zu Hause im Bett befanden, startete f\u00fcr ca. 20 Sch\u00fcler*innen der KS1 und KS2, sowie einige ausw\u00e4rtige Interessierte, das BEST-Seminar (BErufs- und STudienorientierung), welches dieses Jahr zum ersten Mal am H\u00f6Gy angeboten wurde.<\/p>\n<p>&nbsp;<\/p>\n<p>Geleitet wurde das Seminar von Johannes Endre\u00df und Frau Zipp. Mit Herr Endre\u00df, dem Berufsberater, den viele schon im Berufsorientierungs-Unterricht kennengelernt haben, hatten wir also einen Experten an der Seite.<\/p>\n<p>&nbsp;<\/p>\n<p>Noch etwas verschlafen versammelten wir uns am 19. Februar um 8 Uhr im GARP-Zentrum.<\/p>\n<p>Nach der ersten Aufgabe &#8211; sich und seinen bisherigen Berufsorientierungsprozess gegenseitig vorstellen &#8211; sah das aber schon anders aus. Analogien zur Studienwahl reichten von optimistischen Aussagen wie &#8220;Ich stehe an einer Kreuzung von M\u00f6glichkeiten und werde meinen Weg finden&#8221; bis hin zu &#8220;Alle Wege f\u00fchren ins Grab&#8221;.<\/p>\n<p>&nbsp;<\/p>\n<p>Damit die Berufswahl nicht mehr so sehr auf barocken Lebenseinstellungen beruht (&#8220;Ich werde unweigerlich sterben, ein guter Job ist mein geringstes Problem&#8221;) und sich mehr anf\u00fchlt, als w\u00fcsste man, was zu tun ist, gab es f\u00fcr alle ein Handbuch, welches durch die beiden Seminartage f\u00fchrte und sowohl die M\u00f6glichkeit bot, mehr \u00fcber die eigenen Werte und Vorstellungen ans Berufsleben zu erfahren, als auch die vorhandenen F\u00e4higkeiten zu analysieren.<\/p>\n<p>&nbsp;<\/p>\n<p>Der erste Seminartag drehte sich haupts\u00e4chlich um die Selbstfindung. Durch Aufgaben wie die Hobbyanalyse, bei welcher wir herausfanden, welche F\u00e4higkeiten hinter einem einfachen Hobby wie &#8220;zocken&#8221; stecken, wurden den Teilnehmenden ihre F\u00e4higkeiten, Vorstellungen und Werte bewusst.<\/p>\n<p>&nbsp;<\/p>\n<p>Am zweiten Seminartag ging es konkret um Studieng\u00e4nge. Zuerst gab es<\/p>\n<p>&nbsp;<\/p>\n<p>die M\u00f6glichkeit, Fragen zu stellen, dann konnten wir durch eine Recherche\u00fcbung zu unseren Studiengang-Favoriten herausfinden, ob die typischen Aufgaben in Berufen tats\u00e4chlich mit unseren Traumvorstellungen \u00fcbereinstimmen.<\/p>\n<p>Au\u00dferdem wurden wir in M\u00f6glichkeiten eingef\u00fchrt, unsere Intuition miteinzubeziehen, welche bei der Berufswahl eine viel gr\u00f6\u00dfere Rolle spielt als ihr oft zugemessen wird.<\/p>\n<p>Den Abschluss des Seminars bildete ein R\u00fcckblick und die Erstellung eines konkreten Zeitplans, was Frau Zipp allen Prokrastinierern dringend ans Herz legte, um die n\u00e4chsten Schritte zu ergreifen.<\/p>\n<p>&nbsp;<\/p>\n<p>Die Teilnehmer*innen des Seminars gingen am Ende mit viel klareren Ideen aus den beiden Tagen heraus. Das zeigte sich auch im Feedback: Was am Anfang noch nach viel Planlosigkeit, \u00dcberforderung und Ideenmangel klang, war jetzt ein deutlich weniger verschlungenes Gewirr, dazu noch ein optimistisches. Ob erste Ideen, mehr Klarheit oder eine konkrete Studiengangwahl, alle Teilnehmenden konnten aus dem Seminar etwas lernen und neue Impulse, Motivation, sowie viel neue Selbstkenntnis mitnehmen.<\/p>\n<p style=\"text-align: right\"><em>Clara Reichert, KS2<\/em><\/p>\n<\/div><\/div><\/div><\/div><\/div><\/div><\/div><\/section>\n","protected":false},"excerpt":{"rendered":"W\u00e4hrend andere sich beim P\u00e4dagogischen Tag oder zu Hause im Bett befanden, startete f\u00fcr ca. 20 Sch\u00fcler*innen der KS1 und KS2, sowie einige ausw\u00e4rtige Interessierte, das BEST-Seminar (BErufs- und STudienorientierung), welches dieses Jahr zum ersten Mal am H\u00f6Gy angeboten wurde. &nbsp; Geleitet wurde das Seminar von Johannes Endre\u00df und Frau Zipp. Mit Herr Endre\u00df, dem...","protected":false},"author":8,"featured_media":0,"comment_status":"closed","ping_status":"open","sticky":false,"template":"","format":"standard","meta":{"footnotes":""},"categories":[1],"tags":[],"class_list":["post-11779","post","type-post","status-publish","format-standard","hentry","category-news"],"publishpress_future_action":{"enabled":false,"date":"2026-05-05 10:48:42","action":"change-status","newStatus":"draft","terms":[],"taxonomy":"category","extraData":[]},"publishpress_future_workflow_manual_trigger":{"enabledWorkflows":[]},"_links":{"self":[{"href":"https:\/\/hoegy.de\/homepage\/wp-json\/wp\/v2\/posts\/11779","targetHints":{"allow":["GET"]}}],"collection":[{"href":"https:\/\/hoegy.de\/homepage\/wp-json\/wp\/v2\/posts"}],"about":[{"href":"https:\/\/hoegy.de\/homepage\/wp-json\/wp\/v2\/types\/post"}],"author":[{"embeddable":true,"href":"https:\/\/hoegy.de\/homepage\/wp-json\/wp\/v2\/users\/8"}],"replies":[{"embeddable":true,"href":"https:\/\/hoegy.de\/homepage\/wp-json\/wp\/v2\/comments?post=11779"}],"version-history":[{"count":1,"href":"https:\/\/hoegy.de\/homepage\/wp-json\/wp\/v2\/posts\/11779\/revisions"}],"predecessor-version":[{"id":11780,"href":"https:\/\/hoegy.de\/homepage\/wp-json\/wp\/v2\/posts\/11779\/revisions\/11780"}],"wp:attachment":[{"href":"https:\/\/hoegy.de\/homepage\/wp-json\/wp\/v2\/media?parent=11779"}],"wp:term":[{"taxonomy":"category","embeddable":true,"href":"https:\/\/hoegy.de\/homepage\/wp-json\/wp\/v2\/categories?post=11779"},{"taxonomy":"post_tag","embeddable":true,"href":"https:\/\/hoegy.de\/homepage\/wp-json\/wp\/v2\/tags?post=11779"}],"curies":[{"name":"wp","href":"https:\/\/api.w.org\/{rel}","templated":true}]}}