{"id":11788,"date":"2024-03-14T23:37:48","date_gmt":"2024-03-14T22:37:48","guid":{"rendered":"https:\/\/hoegy.de\/homepage\/?p=11788"},"modified":"2024-03-14T23:40:46","modified_gmt":"2024-03-14T22:40:46","slug":"wie-waehlt-man-richtig","status":"publish","type":"post","link":"https:\/\/hoegy.de\/homepage\/wie-waehlt-man-richtig\/","title":{"rendered":"Wie w\u00e4hlt man richtig?"},"content":{"rendered":"<section class=\"l-section wpb_row height_small\"><div class=\"l-section-h i-cf\"><div class=\"g-cols vc_row via_flex valign_top type_default stacking_default\"><div class=\"vc_col-sm-12 wpb_column vc_column_container\"><div class=\"vc_column-inner\"><div class=\"wpb_wrapper\"><div class=\"wpb_text_column\"><div class=\"wpb_wrapper\"><p style=\"font-weight: 400\">Am 9. Juni 2024 finden die Kommunalwahlen in Baden-W\u00fcrttemberg statt. Aber wie w\u00e4hlt man richtig? In diesem Video der Landeszentrale f\u00fcr politische Bildung Baden-W\u00fcrttemberg erf\u00e4hrt man,<\/p>\n<ol>\n<li style=\"font-weight: 400\">wer wahlberechtigt ist,<\/li>\n<li style=\"font-weight: 400\">wo man seine Stimme abgeben kann,<\/li>\n<li style=\"font-weight: 400\">wer genau gew\u00e4hlt wird,<\/li>\n<li style=\"font-weight: 400\">wie man den oder die Stimmzettel ausf\u00fcllt,<\/li>\n<li style=\"font-weight: 400\">was kumulieren und panaschieren bedeutet,<\/li>\n<li style=\"font-weight: 400\">wann der Stimmzettel ung\u00fcltig wird und<\/li>\n<li style=\"font-weight: 400\">was man ins Wahllokal mitnehmen muss.<\/li>\n<\/ol>\n<\/div><\/div><\/div><\/div><\/div><\/div><\/div><\/section><section class=\"l-section wpb_row height_small\"><div class=\"l-section-h i-cf\"><div class=\"g-cols vc_row via_flex valign_top type_default stacking_default\"><div class=\"vc_col-sm-12 wpb_column vc_column_container\"><div class=\"vc_column-inner\"><div class=\"wpb_wrapper\"><div class=\"w-video align_none ratio_16x9 has_iframe\"><div class=\"w-video-h\"><iframe title=\"Youtube video player\" data-src=\"\/\/www.youtube.com\/embed\/LQQA9qZzw0Q?autoplay=0&controls=1&origin=https:\/\/hoegy.de\/homepage&loop=0&mute=0\" allowfullscreen=\"1\" src=\"data:image\/svg+xml;base64,PHN2ZyB3aWR0aD0iMSIgaGVpZ2h0PSIxIiB4bWxucz0iaHR0cDovL3d3dy53My5vcmcvMjAwMC9zdmciPjwvc3ZnPg==\" class=\"lazyload\" data-load-mode=\"1\"><\/iframe><\/div><\/div><\/div><\/div><\/div><\/div><\/div><\/section><section class=\"l-section wpb_row height_small\"><div class=\"l-section-h i-cf\"><div class=\"g-cols vc_row via_flex valign_top type_default stacking_default\"><div class=\"vc_col-sm-12 wpb_column vc_column_container\"><div class=\"vc_column-inner\"><div class=\"wpb_wrapper\"><div class=\"wpb_text_column\"><div class=\"wpb_wrapper\"><p style=\"font-weight: 400\">Weitere ausf\u00fchrliche Informationen finden Sie unter:\u00a0<a href=\"https:\/\/www.youtube.com\/redirect?event=video_description&amp;redir_token=QUFFLUhqbGJCMHdlTU1UN3lEaHJ6TklPLWNQZ205bWVhd3xBQ3Jtc0tuR2dha2JOWF9XNTd3ZG1icjhvbGR6dHpUNG1GWXB5NTdpWFlpNzg1QXp3UTRiWkU0SkxtSVJXRDJhYVFqRFV5V0gtTHBSdVBnZDctNHFmWlJyX0lQc0tqSC10OXhBWHQ0LS1tSnoya0NTMDdZLTJJUQ&amp;q=https%3A%2F%2Fwww.kommunalwahl-bw.de%2F&amp;v=LQQA9qZzw0Q\">https:\/\/www.kommunalwahl-bw.de<\/a><\/p>\n<p style=\"font-weight: 400\">Und nicht vergessen: Jede Stimme z\u00e4hlt! <a href=\"https:\/\/www.youtube.com\/hashtag\/badenw%C3%BCrttemberg\">#badenw\u00fcrttemberg<\/a>\u00a0<a href=\"https:\/\/www.youtube.com\/hashtag\/kommunalwahl\">#kommunalwahl<\/a><a href=\"https:\/\/www.youtube.com\/hashtag\/kommunalwahl2024\">#kommunalwahl2024<\/a>\u00a0<a href=\"https:\/\/www.youtube.com\/hashtag\/jedestimmez%C3%A4hlt\">#jedeStimmez\u00e4hlt<\/a>\u00a0<a href=\"https:\/\/www.youtube.com\/hashtag\/politischebildung\">#politischeBildung<\/a>\u00a0<a href=\"https:\/\/www.youtube.com\/hashtag\/demokratie\">#Demokratie<\/a><\/p>\n<\/div><\/div><\/div><\/div><\/div><\/div><\/div><\/section>\n","protected":false},"excerpt":{"rendered":"Am 9. Juni 2024 finden die Kommunalwahlen in Baden-W\u00fcrttemberg statt. Aber wie w\u00e4hlt man richtig? In diesem Video der Landeszentrale f\u00fcr politische Bildung Baden-W\u00fcrttemberg erf\u00e4hrt man, wer wahlberechtigt ist, wo man seine Stimme abgeben kann, wer genau gew\u00e4hlt wird, wie man den oder die Stimmzettel ausf\u00fcllt, was kumulieren und panaschieren bedeutet, wann der Stimmzettel ung\u00fcltig...","protected":false},"author":8,"featured_media":11790,"comment_status":"closed","ping_status":"open","sticky":false,"template":"","format":"standard","meta":{"footnotes":""},"categories":[1],"tags":[],"class_list":["post-11788","post","type-post","status-publish","format-standard","has-post-thumbnail","hentry","category-news"],"publishpress_future_action":{"enabled":false,"date":"2026-05-03 22:32:54","action":"change-status","newStatus":"draft","terms":[],"taxonomy":"category","extraData":[]},"publishpress_future_workflow_manual_trigger":{"enabledWorkflows":[]},"_links":{"self":[{"href":"https:\/\/hoegy.de\/homepage\/wp-json\/wp\/v2\/posts\/11788","targetHints":{"allow":["GET"]}}],"collection":[{"href":"https:\/\/hoegy.de\/homepage\/wp-json\/wp\/v2\/posts"}],"about":[{"href":"https:\/\/hoegy.de\/homepage\/wp-json\/wp\/v2\/types\/post"}],"author":[{"embeddable":true,"href":"https:\/\/hoegy.de\/homepage\/wp-json\/wp\/v2\/users\/8"}],"replies":[{"embeddable":true,"href":"https:\/\/hoegy.de\/homepage\/wp-json\/wp\/v2\/comments?post=11788"}],"version-history":[{"count":3,"href":"https:\/\/hoegy.de\/homepage\/wp-json\/wp\/v2\/posts\/11788\/revisions"}],"predecessor-version":[{"id":11792,"href":"https:\/\/hoegy.de\/homepage\/wp-json\/wp\/v2\/posts\/11788\/revisions\/11792"}],"wp:featuredmedia":[{"embeddable":true,"href":"https:\/\/hoegy.de\/homepage\/wp-json\/wp\/v2\/media\/11790"}],"wp:attachment":[{"href":"https:\/\/hoegy.de\/homepage\/wp-json\/wp\/v2\/media?parent=11788"}],"wp:term":[{"taxonomy":"category","embeddable":true,"href":"https:\/\/hoegy.de\/homepage\/wp-json\/wp\/v2\/categories?post=11788"},{"taxonomy":"post_tag","embeddable":true,"href":"https:\/\/hoegy.de\/homepage\/wp-json\/wp\/v2\/tags?post=11788"}],"curies":[{"name":"wp","href":"https:\/\/api.w.org\/{rel}","templated":true}]}}