{"id":11878,"date":"2024-03-19T16:59:20","date_gmt":"2024-03-19T15:59:20","guid":{"rendered":"https:\/\/hoegy.de\/homepage\/?p=11878"},"modified":"2024-03-19T16:59:20","modified_gmt":"2024-03-19T15:59:20","slug":"judo-schulmeisterschaften-ein-perfekter-tag-fuers-hoegy","status":"publish","type":"post","link":"https:\/\/hoegy.de\/homepage\/judo-schulmeisterschaften-ein-perfekter-tag-fuers-hoegy\/","title":{"rendered":"Judo-Schulmeisterschaften: Ein perfekter Tag f\u00fcrs H\u00f6Gy"},"content":{"rendered":"<section class=\"l-section wpb_row height_small\"><div class=\"l-section-h i-cf\"><div class=\"g-cols vc_row via_flex valign_top type_default stacking_default\"><div class=\"vc_col-sm-12 wpb_column vc_column_container\"><div class=\"vc_column-inner\"><div class=\"wpb_wrapper\"><div class=\"wpb_text_column\"><div class=\"wpb_wrapper\"><p>Am Freitag, den 15. M\u00e4rz, fanden in N\u00fcrtingen die Schulmeisterschaften im Judo statt. Teilnahmeberechtigt waren alle Schulen des Regierungspr\u00e4sidium Stuttgart.<\/p>\n<p>Das H\u00f6lderlin-Gymnasium konnte dabei drei Mannschaften in unterschiedlichen Altersklassen stellen. Alle Mannschaften beendeten den Tag mit einer perfekten Bilanz; es wurde nicht nur der Titel der jeweiligen Altersklasse gewonnen, dar\u00fcber hinaus gingen die N\u00fcrtinger Judoka auch bei jeder einzelnen Begegnung ungeschlagen von der Matte.<\/p>\n<p>Durch diesen Erfolg sind alle Mannschaften beim Landesfinale startberechtigt, welches am 13. Juni in Karlsruhe stattfindet.<\/p>\n<p style=\"text-align: right\"><em>Raphael Gutbrod<\/em><\/p>\n<\/div><\/div><\/div><\/div><\/div><\/div><\/div><\/section><section class=\"l-section wpb_row height_small\"><div class=\"l-section-h i-cf\"><div class=\"g-cols vc_row via_flex valign_top type_default stacking_default\"><div class=\"vc_col-sm-12 wpb_column vc_column_container\"><div class=\"vc_column-inner\"><div class=\"wpb_wrapper\"><div class=\"w-image align_none\"><a href=\"https:\/\/hoegy.de\/homepage\/hgy-media\/Bild_Zeitungsbericht-1-scaled.jpg\" aria-label=\"Bild_Zeitungsbericht\" class=\"w-image-h\"><img decoding=\"async\" width=\"1024\" height=\"768\" data-src=\"https:\/\/hoegy.de\/homepage\/hgy-media\/Bild_Zeitungsbericht-1-1024x768.jpg\" class=\"attachment-large size-large lazyload\" alt=\"\" data-srcset=\"https:\/\/hoegy.de\/homepage\/hgy-media\/\/Bild_Zeitungsbericht-1-1024x768.jpg 1024w, https:\/\/hoegy.de\/homepage\/hgy-media\/\/Bild_Zeitungsbericht-1-200x150.jpg 200w, https:\/\/hoegy.de\/homepage\/hgy-media\/\/Bild_Zeitungsbericht-1-600x450.jpg 600w, https:\/\/hoegy.de\/homepage\/hgy-media\/\/Bild_Zeitungsbericht-1-50x38.jpg 50w\" data-sizes=\"auto, (max-width: 1024px) 100vw, 1024px\" src=\"data:image\/svg+xml;base64,PHN2ZyB3aWR0aD0iMSIgaGVpZ2h0PSIxIiB4bWxucz0iaHR0cDovL3d3dy53My5vcmcvMjAwMC9zdmciPjwvc3ZnPg==\" style=\"--smush-placeholder-width: 1024px; --smush-placeholder-aspect-ratio: 1024\/768;\" \/><\/a><\/div><div class=\"wpb_text_column\"><div class=\"wpb_wrapper\"><p>Hintere Reihe von links: Diana St\u00e4rk, Kyra Moths, Sofia St\u00e4rk, Benedikt Haas, Felix Noizet<\/p>\n<p>Vordere Reihe von links: Emma Noizet, Emma Augenstein, Anna-Simone Bitar, Lilly-Marie Griesinger, Leon Scholl<\/p>\n<\/div><\/div><\/div><\/div><\/div><\/div><\/div><\/section>\n","protected":false},"excerpt":{"rendered":"Am Freitag, den 15. M\u00e4rz, fanden in N\u00fcrtingen die Schulmeisterschaften im Judo statt. Teilnahmeberechtigt waren alle Schulen des Regierungspr\u00e4sidium Stuttgart. Das H\u00f6lderlin-Gymnasium konnte dabei drei Mannschaften in unterschiedlichen Altersklassen stellen. Alle Mannschaften beendeten den Tag mit einer perfekten Bilanz; es wurde nicht nur der Titel der jeweiligen Altersklasse gewonnen, dar\u00fcber hinaus gingen die N\u00fcrtinger Judoka...","protected":false},"author":8,"featured_media":11880,"comment_status":"closed","ping_status":"open","sticky":false,"template":"","format":"standard","meta":{"footnotes":""},"categories":[1],"tags":[],"class_list":["post-11878","post","type-post","status-publish","format-standard","has-post-thumbnail","hentry","category-news"],"publishpress_future_action":{"enabled":false,"date":"2026-05-03 22:10:21","action":"change-status","newStatus":"draft","terms":[],"taxonomy":"category","extraData":[]},"publishpress_future_workflow_manual_trigger":{"enabledWorkflows":[]},"_links":{"self":[{"href":"https:\/\/hoegy.de\/homepage\/wp-json\/wp\/v2\/posts\/11878","targetHints":{"allow":["GET"]}}],"collection":[{"href":"https:\/\/hoegy.de\/homepage\/wp-json\/wp\/v2\/posts"}],"about":[{"href":"https:\/\/hoegy.de\/homepage\/wp-json\/wp\/v2\/types\/post"}],"author":[{"embeddable":true,"href":"https:\/\/hoegy.de\/homepage\/wp-json\/wp\/v2\/users\/8"}],"replies":[{"embeddable":true,"href":"https:\/\/hoegy.de\/homepage\/wp-json\/wp\/v2\/comments?post=11878"}],"version-history":[{"count":3,"href":"https:\/\/hoegy.de\/homepage\/wp-json\/wp\/v2\/posts\/11878\/revisions"}],"predecessor-version":[{"id":11884,"href":"https:\/\/hoegy.de\/homepage\/wp-json\/wp\/v2\/posts\/11878\/revisions\/11884"}],"wp:featuredmedia":[{"embeddable":true,"href":"https:\/\/hoegy.de\/homepage\/wp-json\/wp\/v2\/media\/11880"}],"wp:attachment":[{"href":"https:\/\/hoegy.de\/homepage\/wp-json\/wp\/v2\/media?parent=11878"}],"wp:term":[{"taxonomy":"category","embeddable":true,"href":"https:\/\/hoegy.de\/homepage\/wp-json\/wp\/v2\/categories?post=11878"},{"taxonomy":"post_tag","embeddable":true,"href":"https:\/\/hoegy.de\/homepage\/wp-json\/wp\/v2\/tags?post=11878"}],"curies":[{"name":"wp","href":"https:\/\/api.w.org\/{rel}","templated":true}]}}