{"id":11933,"date":"2024-04-09T11:38:01","date_gmt":"2024-04-09T09:38:01","guid":{"rendered":"https:\/\/hoegy.de\/homepage\/?p=11933"},"modified":"2024-04-09T11:38:01","modified_gmt":"2024-04-09T09:38:01","slug":"franzoesischaustausch-2024-besuch-der-franzoesischen-gaeste-bei-uns-in-nuertingen","status":"publish","type":"post","link":"https:\/\/hoegy.de\/homepage\/franzoesischaustausch-2024-besuch-der-franzoesischen-gaeste-bei-uns-in-nuertingen\/","title":{"rendered":"Franz\u00f6sischaustausch 2024 \u2013 Besuch der franz\u00f6sischen G\u00e4ste bei uns in N\u00fcrtingen"},"content":{"rendered":"<section class=\"l-section wpb_row height_small\"><div class=\"l-section-h i-cf\"><div class=\"g-cols vc_row via_flex valign_top type_default stacking_default\"><div class=\"vc_col-sm-12 wpb_column vc_column_container\"><div class=\"vc_column-inner\"><div class=\"wpb_wrapper\"><div class=\"wpb_text_column\"><div class=\"wpb_wrapper\"><p>Wie im letzten Jahr fand auch diesen M\u00e4rz 2024 wieder der deutsch-franz\u00f6sische Austausch zwischen Oullins und N\u00fcrtingen statt.<\/p>\n<p>Am 14.03.2024 kamen die Franzosen gegen 16.30 Uhr in N\u00fcrtingen an. Nach einem gemeinsamen Willkommenstrunk in der Mensa, mit verschiedenen Getr\u00e4nken und Brezeln, fuhren die Franzosen zu ihren Gastfamilien und verbrachten ihren ersten Abend mit ihnen.<\/p>\n<p>Am Freitag, den 15.03.2024, gingen die Franzosen ganz normal mit uns zur Schule und nahmen die ersten beiden Stunden, aufgeteilt in verschiedenen Klassen, an unserem Unterricht teil. In der 3.Stunde bekamen sie eine Schulhausf\u00fchrung und wurden von Frau Selb begr\u00fc\u00dft. Den restlichen Tag verbrachten sie in T\u00fcbingen.<\/p>\n<p>Am Wochenende hatten die Austauschsch\u00fcler individuelle Zeit mit ihren Gastfamilien. Viele von ihnen waren am Samstagabend auf dem H\u00f6gy-Ball, welcher ihnen sehr gefallen hat. Andere wiederum haben St\u00e4dte besichtigt und ein gro\u00dfer Teil der Gruppe war am Sonntag auf dem Hohenneuffen.<\/p>\n<p>Am Montag, den 18.03.2024, waren wir alle gemeinsam in Ludwigsburg und nahmen an einer Schlossbesichtigung im Residenzschloss teil. Daf\u00fcr gab es zwei Gruppen, die eine F\u00fchrung war auf Deutsch und die andere auf Franz\u00f6sisch. Dabei konnte man frei entscheiden, welcher Gruppe man beitritt. Eine anschlie\u00dfende F\u00fchrung im Bl\u00fchenden Barock hatte wir dann alle zusammen und danach hatten wir noch freie Zeit in der wir uns, mindestens zu dritt, frei in Ludwigsburg besch\u00e4ftigen durften. In dieser Zeit sind viele zum Beispiel ins Caf\u00e9 gegangen oder haben in Restaurants gegessen. Um 15.30 Uhr haben wir uns dann alle wieder getroffen, um zur\u00fcck nach N\u00fcrtingen zu fahren. Dort haben dann viele noch etwas zusammen unternommen, wie zum Beispiel ein Eis bei \u201aDa Claudio\u2018 zu genie\u00dfen. Am Abend hat sich noch ein gro\u00dfer Teil der Gruppe bei einer Sch\u00fclerin getroffen, wo wir eine sch\u00f6ne Zeit hatten.<\/p>\n<p>Den n\u00e4chsten Tag verbrachten die Franzosen in Heidelberg und besichtigten dort die Stadt und das Schloss. Gegen 19 Uhr kamen sie dann zur\u00fcck ans H\u00f6gy, wo abends die Soir\u00e9e franco-allemande stattfand. Dort trafen wir uns dann mit unseren Austauschpartnern und unseren Eltern oder auch Geschwistern und haben gemeinsam den Abend verbracht. Es gab ein gro\u00dfes Essensbuffet, an dem sich alle Familien beteiligt haben, und die deutschen Sch\u00fcler haben zusammen den Abend mit Spielen wie Limbo, Eierlauf und Reise nach Jerusalem gestaltet. Au\u00dferdem gab es Musik und eine Diashow mit Bildern der vergangenen Tage.<\/p>\n<p>Am darauffolgenden Tag nahmen die Franzosen vormittags an einer Stadtrallye in N\u00fcrtingen teil und wurden im Anschluss daran im Rathaus N\u00fcrtingen von Oberb\u00fcrgermeister Johannes Fridrich herzlich empfangen. Am Nachmittag hatten wir alle zusammen ein Sportevent am H\u00f6gy. Dort konnten sich die Austauschpaare individuell entscheiden, ob sie Basketball oder Volleyball spielen wollen. Die Mehrheit hatte sich f\u00fcr Volleyball entschieden. Kurz vor 17 Uhr gab es noch eine Siegerehrung und nach dem Sportevent gingen die meisten zusammen an die Grillstelle in Ro\u00dfdorf, wo wir dann noch gemeinsam den Abend verbrachten.<\/p>\n<p>Am Donnerstag, den 07.03.2024, verbrachten die Franzosen den Tag in Stuttgart. Dort gingen sie ins Porsche Museum und danach hatten sie noch freie Zeit in Stuttgart, in der sie Souvenirs f\u00fcr ihre Familien kauften. Am Abend um 17 Uhr holten wir sie in N\u00fcrtingen am Bahnhof ab und die meisten gingen dann noch einmal zu \u201aDa Claudio\u2018 oder nach Metzingen zum Bowlen, um den letzten Abend gemeinsam zu genie\u00dfen.<\/p>\n<p>Am Freitag vor Schulbeginn mussten wir dann vorerst Abschied nehmen. Jedoch waren alle voller Vorfreude, da wir uns in kurzer Zeit in Frankreich wiedersehen.<\/p>\n<p>Irina, Eva, Amelie und Isabell (9c)<\/p>\n<\/div><\/div><div class=\"w-slider style_none fit_scaledown nav_none count_5\"><div class=\"w-slider-h\" aria-hidden=\"true\"><div class=\"royalSlider\"><div class=\"rsContent\"><a class=\"rsImg\" data-rsw=\"1024\" data-rsh=\"768\" data-rsBigImg=\"https:\/\/hoegy.de\/homepage\/hgy-media\/IMG_0738-scaled.jpeg\" href=\"https:\/\/hoegy.de\/homepage\/hgy-media\/IMG_0738-1024x768.jpeg\"><span data-alt=\"\"><\/span><\/a><\/div><div class=\"rsContent\"><a class=\"rsImg\" data-rsw=\"1024\" data-rsh=\"768\" data-rsBigImg=\"https:\/\/hoegy.de\/homepage\/hgy-media\/IMG_0734-scaled.jpeg\" href=\"https:\/\/hoegy.de\/homepage\/hgy-media\/IMG_0734-1024x768.jpeg\"><span data-alt=\"\"><\/span><\/a><\/div><div class=\"rsContent\"><a class=\"rsImg\" data-rsw=\"768\" data-rsh=\"1024\" data-rsBigImg=\"https:\/\/hoegy.de\/homepage\/hgy-media\/IMG_0710-scaled.jpeg\" href=\"https:\/\/hoegy.de\/homepage\/hgy-media\/IMG_0710-768x1024.jpeg\"><span data-alt=\"\"><\/span><\/a><\/div><div class=\"rsContent\"><a class=\"rsImg\" data-rsw=\"768\" data-rsh=\"1024\" data-rsBigImg=\"https:\/\/hoegy.de\/homepage\/hgy-media\/IMG_0731-scaled.jpeg\" href=\"https:\/\/hoegy.de\/homepage\/hgy-media\/IMG_0731-768x1024.jpeg\"><span data-alt=\"\"><\/span><\/a><\/div><div class=\"rsContent\"><a class=\"rsImg\" data-rsw=\"1024\" data-rsh=\"768\" data-rsBigImg=\"https:\/\/hoegy.de\/homepage\/hgy-media\/IMG_0720-scaled.jpeg\" href=\"https:\/\/hoegy.de\/homepage\/hgy-media\/IMG_0720-1024x768.jpeg\"><span data-alt=\"\"><\/span><\/a><\/div><\/div><img decoding=\"async\" data-src=\"https:\/\/hoegy.de\/homepage\/hgy-media\/IMG_0738-1024x768.jpeg\" width=\"1024\" height=\"768\" alt src=\"data:image\/svg+xml;base64,PHN2ZyB3aWR0aD0iMSIgaGVpZ2h0PSIxIiB4bWxucz0iaHR0cDovL3d3dy53My5vcmcvMjAwMC9zdmciPjwvc3ZnPg==\" class=\"lazyload\" style=\"--smush-placeholder-width: 1024px; --smush-placeholder-aspect-ratio: 1024\/768;\"><\/div><div class=\"w-slider-json\" onclick='return {&quot;autoScaleSlider&quot;:true,&quot;addActiveClass&quot;:true,&quot;loop&quot;:true,&quot;fadeInLoadedSlide&quot;:false,&quot;slidesSpacing&quot;:0,&quot;imageScalePadding&quot;:0,&quot;numImagesToPreload&quot;:2,&quot;arrowsNav&quot;:true,&quot;arrowsNavAutoHide&quot;:false,&quot;transitionType&quot;:&quot;move&quot;,&quot;transitionSpeed&quot;:250,&quot;block&quot;:{&quot;moveEffect&quot;:&quot;none&quot;,&quot;speed&quot;:300},&quot;thumbs&quot;:{&quot;fitInViewport&quot;:false,&quot;firstMargin&quot;:false,&quot;spacing&quot;:4},&quot;controlNavigation&quot;:&quot;none&quot;,&quot;fullscreen&quot;:{&quot;enabled&quot;:true},&quot;autoScaleSliderWidth&quot;:1024,&quot;autoScaleSliderHeight&quot;:768}'><\/div><\/div><\/div><\/div><\/div><\/div><\/div><\/section>\n","protected":false},"excerpt":{"rendered":"Wie im letzten Jahr fand auch diesen M\u00e4rz 2024 wieder der deutsch-franz\u00f6sische Austausch zwischen Oullins und N\u00fcrtingen statt. Am 14.03.2024 kamen die Franzosen gegen 16.30 Uhr in N\u00fcrtingen an. Nach einem gemeinsamen Willkommenstrunk in der Mensa, mit verschiedenen Getr\u00e4nken und Brezeln, fuhren die Franzosen zu ihren Gastfamilien und verbrachten ihren ersten Abend mit ihnen. Am...","protected":false},"author":8,"featured_media":11938,"comment_status":"closed","ping_status":"open","sticky":false,"template":"","format":"standard","meta":{"footnotes":""},"categories":[1],"tags":[],"class_list":["post-11933","post","type-post","status-publish","format-standard","has-post-thumbnail","hentry","category-news"],"publishpress_future_action":{"enabled":false,"date":"2026-05-03 16:33:40","action":"change-status","newStatus":"draft","terms":[],"taxonomy":"category","extraData":[]},"publishpress_future_workflow_manual_trigger":{"enabledWorkflows":[]},"_links":{"self":[{"href":"https:\/\/hoegy.de\/homepage\/wp-json\/wp\/v2\/posts\/11933","targetHints":{"allow":["GET"]}}],"collection":[{"href":"https:\/\/hoegy.de\/homepage\/wp-json\/wp\/v2\/posts"}],"about":[{"href":"https:\/\/hoegy.de\/homepage\/wp-json\/wp\/v2\/types\/post"}],"author":[{"embeddable":true,"href":"https:\/\/hoegy.de\/homepage\/wp-json\/wp\/v2\/users\/8"}],"replies":[{"embeddable":true,"href":"https:\/\/hoegy.de\/homepage\/wp-json\/wp\/v2\/comments?post=11933"}],"version-history":[{"count":1,"href":"https:\/\/hoegy.de\/homepage\/wp-json\/wp\/v2\/posts\/11933\/revisions"}],"predecessor-version":[{"id":11939,"href":"https:\/\/hoegy.de\/homepage\/wp-json\/wp\/v2\/posts\/11933\/revisions\/11939"}],"wp:featuredmedia":[{"embeddable":true,"href":"https:\/\/hoegy.de\/homepage\/wp-json\/wp\/v2\/media\/11938"}],"wp:attachment":[{"href":"https:\/\/hoegy.de\/homepage\/wp-json\/wp\/v2\/media?parent=11933"}],"wp:term":[{"taxonomy":"category","embeddable":true,"href":"https:\/\/hoegy.de\/homepage\/wp-json\/wp\/v2\/categories?post=11933"},{"taxonomy":"post_tag","embeddable":true,"href":"https:\/\/hoegy.de\/homepage\/wp-json\/wp\/v2\/tags?post=11933"}],"curies":[{"name":"wp","href":"https:\/\/api.w.org\/{rel}","templated":true}]}}