{"id":12065,"date":"2024-04-21T15:07:09","date_gmt":"2024-04-21T13:07:09","guid":{"rendered":"https:\/\/hoegy.de\/homepage\/?p=12065"},"modified":"2024-04-21T15:12:17","modified_gmt":"2024-04-21T13:12:17","slug":"sod-ak-und-schulsozialarbeit-beteiligen-sich-an-der-aktion-nuertingen-ist-bunt","status":"publish","type":"post","link":"https:\/\/hoegy.de\/homepage\/sod-ak-und-schulsozialarbeit-beteiligen-sich-an-der-aktion-nuertingen-ist-bunt\/","title":{"rendered":"SoD-AK und Schulsozialarbeit beteiligen sich an der Aktion &#8220;N\u00fcrtingen ist bunt"},"content":{"rendered":"<section class=\"l-section wpb_row height_small\"><div class=\"l-section-h i-cf\"><div class=\"g-cols vc_row via_flex valign_top type_default stacking_default\"><div class=\"vc_col-sm-6 wpb_column vc_column_container\"><div class=\"vc_column-inner\"><div class=\"wpb_wrapper\"><div class=\"wpb_text_column\"><div class=\"wpb_wrapper\"><p>Gemeinsam ein Zeichen f\u00fcr Weltoffenheit, Toleranz und Vielfalt zu setzten und sich gegen Diskriminierung zu positionieren, daf\u00fcr k\u00f6nnen sich die Mitglieder des SoD-AKs (Schule ohne Diskriminierung) immer wieder begeistern. So auch am Samstag den 16.03.2024.<\/p>\n<p>Zusammen mit der Schulsozialarbeit haben wir uns am Aktionstag f\u00fcr Menschenrechte des B\u00fcndnisses \u201eN\u00fcrtingen ist bunt\u201c beteiligt. An unserem Pavillon gab es die M\u00f6glichkeit, seinen Handabdruck f\u00fcr die Aktion \u201eHand drauf\u201c zu hinterlassen, einen eigenen bunten Button zu gestalten oder auch einfach einen der fertigen H\u00f6gy-Buttons mitzunehmen.<\/p>\n<p>Viel spannender als die Durchf\u00fchrung der Angebote selber waren aber die Gespr\u00e4che mit den Besucher*innen unseres Standes. Ob mit Jung oder Alt, mit bunt gekleideten oder dunkel angezogen Menschen, auf Deutsch oder Englisch, wir konnten viel aus den Gespr\u00e4chen mitnehmen und so auch die Vielfalt der N\u00fcrtinger*innen richtig erleben und Teil einer diversen und bunten Menge sein.<\/p>\n<p>Leider wurden wir mehrmals von heftigen Regenschauern \u00fcberrascht, aber als uns dann am fr\u00fchen Nachmittag Oberb\u00fcrgermeister Johannes Fridrich besuchte, blitzte sogar ab und zu die Sonne durch. Alles in allem, war es also eine sehr gelungene und aufschlussreiche Veranstaltung f\u00fcr uns.<\/p>\n<p style=\"text-align: right\"><em>Irma Roth, 10C<\/em><\/p>\n<\/div><\/div><\/div><\/div><\/div><div class=\"vc_col-sm-6 wpb_column vc_column_container\"><div class=\"vc_column-inner\"><div class=\"wpb_wrapper\"><div class=\"w-image align_none\"><a ref=\"magnificPopup\" href=\"https:\/\/hoegy.de\/homepage\/hgy-media\/20240316_141136-scaled.jpg\" aria-label=\"20240316_141136\" class=\"w-image-h\"><img decoding=\"async\" width=\"1920\" height=\"2560\" data-src=\"https:\/\/hoegy.de\/homepage\/hgy-media\/20240316_141136-scaled.jpg\" class=\"attachment-full size-full lazyload\" alt=\"\" data-srcset=\"https:\/\/hoegy.de\/homepage\/hgy-media\/\/20240316_141136-scaled.jpg 1920w, https:\/\/hoegy.de\/homepage\/hgy-media\/\/20240316_141136-150x200.jpg 150w, https:\/\/hoegy.de\/homepage\/hgy-media\/\/20240316_141136-768x1024.jpg 768w, https:\/\/hoegy.de\/homepage\/hgy-media\/\/20240316_141136-446x595.jpg 446w, https:\/\/hoegy.de\/homepage\/hgy-media\/\/20240316_141136-38x50.jpg 38w\" data-sizes=\"auto, (max-width: 1920px) 100vw, 1920px\" src=\"data:image\/svg+xml;base64,PHN2ZyB3aWR0aD0iMSIgaGVpZ2h0PSIxIiB4bWxucz0iaHR0cDovL3d3dy53My5vcmcvMjAwMC9zdmciPjwvc3ZnPg==\" style=\"--smush-placeholder-width: 1920px; --smush-placeholder-aspect-ratio: 1920\/2560;\" \/><\/a><\/div><div class=\"w-image align_none\"><div class=\"w-image-h\"><img decoding=\"async\" width=\"1024\" height=\"768\" data-src=\"https:\/\/hoegy.de\/homepage\/hgy-media\/20240316_135319-1024x768.jpg\" class=\"attachment-large size-large lazyload\" alt=\"\" data-srcset=\"https:\/\/hoegy.de\/homepage\/hgy-media\/\/20240316_135319-1024x768.jpg 1024w, https:\/\/hoegy.de\/homepage\/hgy-media\/\/20240316_135319-200x150.jpg 200w, https:\/\/hoegy.de\/homepage\/hgy-media\/\/20240316_135319-600x450.jpg 600w, https:\/\/hoegy.de\/homepage\/hgy-media\/\/20240316_135319-50x38.jpg 50w\" data-sizes=\"auto, (max-width: 1024px) 100vw, 1024px\" src=\"data:image\/svg+xml;base64,PHN2ZyB3aWR0aD0iMSIgaGVpZ2h0PSIxIiB4bWxucz0iaHR0cDovL3d3dy53My5vcmcvMjAwMC9zdmciPjwvc3ZnPg==\" style=\"--smush-placeholder-width: 1024px; --smush-placeholder-aspect-ratio: 1024\/768;\" \/><\/div><\/div><div class=\"w-image align_none\"><div class=\"w-image-h\"><img decoding=\"async\" width=\"768\" height=\"1024\" data-src=\"https:\/\/hoegy.de\/homepage\/hgy-media\/20240316_135629-768x1024.jpg\" class=\"attachment-large size-large lazyload\" alt=\"\" data-srcset=\"https:\/\/hoegy.de\/homepage\/hgy-media\/\/20240316_135629-768x1024.jpg 768w, https:\/\/hoegy.de\/homepage\/hgy-media\/\/20240316_135629-150x200.jpg 150w, https:\/\/hoegy.de\/homepage\/hgy-media\/\/20240316_135629-446x595.jpg 446w, https:\/\/hoegy.de\/homepage\/hgy-media\/\/20240316_135629-38x50.jpg 38w, https:\/\/hoegy.de\/homepage\/hgy-media\/\/20240316_135629-scaled.jpg 1920w\" data-sizes=\"auto, (max-width: 768px) 100vw, 768px\" src=\"data:image\/svg+xml;base64,PHN2ZyB3aWR0aD0iMSIgaGVpZ2h0PSIxIiB4bWxucz0iaHR0cDovL3d3dy53My5vcmcvMjAwMC9zdmciPjwvc3ZnPg==\" style=\"--smush-placeholder-width: 768px; --smush-placeholder-aspect-ratio: 768\/1024;\" \/><\/div><\/div><\/div><\/div><\/div><\/div><\/div><\/section>\n","protected":false},"excerpt":{"rendered":"Gemeinsam ein Zeichen f\u00fcr Weltoffenheit, Toleranz und Vielfalt zu setzten und sich gegen Diskriminierung zu positionieren, daf\u00fcr k\u00f6nnen sich die Mitglieder des SoD-AKs (Schule ohne Diskriminierung) immer wieder begeistern. So auch am Samstag den 16.03.2024. Zusammen mit der Schulsozialarbeit haben wir uns am Aktionstag f\u00fcr Menschenrechte des B\u00fcndnisses \u201eN\u00fcrtingen ist bunt\u201c beteiligt. An unserem Pavillon...","protected":false},"author":8,"featured_media":12066,"comment_status":"closed","ping_status":"open","sticky":false,"template":"","format":"standard","meta":{"footnotes":""},"categories":[1],"tags":[],"class_list":["post-12065","post","type-post","status-publish","format-standard","has-post-thumbnail","hentry","category-news"],"publishpress_future_action":{"enabled":false,"date":"2026-05-03 18:23:11","action":"change-status","newStatus":"draft","terms":[],"taxonomy":"category","extraData":[]},"publishpress_future_workflow_manual_trigger":{"enabledWorkflows":[]},"_links":{"self":[{"href":"https:\/\/hoegy.de\/homepage\/wp-json\/wp\/v2\/posts\/12065","targetHints":{"allow":["GET"]}}],"collection":[{"href":"https:\/\/hoegy.de\/homepage\/wp-json\/wp\/v2\/posts"}],"about":[{"href":"https:\/\/hoegy.de\/homepage\/wp-json\/wp\/v2\/types\/post"}],"author":[{"embeddable":true,"href":"https:\/\/hoegy.de\/homepage\/wp-json\/wp\/v2\/users\/8"}],"replies":[{"embeddable":true,"href":"https:\/\/hoegy.de\/homepage\/wp-json\/wp\/v2\/comments?post=12065"}],"version-history":[{"count":3,"href":"https:\/\/hoegy.de\/homepage\/wp-json\/wp\/v2\/posts\/12065\/revisions"}],"predecessor-version":[{"id":12071,"href":"https:\/\/hoegy.de\/homepage\/wp-json\/wp\/v2\/posts\/12065\/revisions\/12071"}],"wp:featuredmedia":[{"embeddable":true,"href":"https:\/\/hoegy.de\/homepage\/wp-json\/wp\/v2\/media\/12066"}],"wp:attachment":[{"href":"https:\/\/hoegy.de\/homepage\/wp-json\/wp\/v2\/media?parent=12065"}],"wp:term":[{"taxonomy":"category","embeddable":true,"href":"https:\/\/hoegy.de\/homepage\/wp-json\/wp\/v2\/categories?post=12065"},{"taxonomy":"post_tag","embeddable":true,"href":"https:\/\/hoegy.de\/homepage\/wp-json\/wp\/v2\/tags?post=12065"}],"curies":[{"name":"wp","href":"https:\/\/api.w.org\/{rel}","templated":true}]}}