{"id":12074,"date":"2024-04-22T14:58:36","date_gmt":"2024-04-22T12:58:36","guid":{"rendered":"https:\/\/hoegy.de\/homepage\/?p=12074"},"modified":"2024-04-22T14:58:36","modified_gmt":"2024-04-22T12:58:36","slug":"die-vorbereitungen-fuer-schule-als-staat-beginnen","status":"publish","type":"post","link":"https:\/\/hoegy.de\/homepage\/die-vorbereitungen-fuer-schule-als-staat-beginnen\/","title":{"rendered":"Die Vorbereitungen f\u00fcr &#8220;Schule als Staat&#8221; beginnen"},"content":{"rendered":"<section class=\"l-section wpb_row height_small\"><div class=\"l-section-h i-cf\"><div class=\"g-cols vc_row via_flex valign_top type_default stacking_default\"><div class=\"vc_col-sm-12 wpb_column vc_column_container\"><div class=\"vc_column-inner\"><div class=\"wpb_wrapper\"><div class=\"wpb_text_column\"><div class=\"wpb_wrapper\"><p>Im n\u00e4chsten Schuljahr wird es am H\u00f6Gy wieder ein Gro\u00dfprojekt unter dem Motto &#8220;Schule als Staat geben, und die Vorbereitungen hierf\u00fcr sind schon voll im Gange.<\/p>\n<p>Am vergangenen Freitag trafen sich Sch\u00fcler*innen und Lehrer*innen, um gemeinsam Arbeitskreise zu gr\u00fcnden, die einzelne Aspekte betreuen werden. Damit das Projekt erfolgreich \u00fcber die B\u00fchne gehen kann, m\u00fcssen Aufgaben aus vielf\u00e4ltigen Bereichen bew\u00e4ltigt werden :<br \/>\nPolitik, Wirtschaft, Finanzen, \u00d6ffentlichkeitsarbeit, Design, Logistik und Technik.<\/p>\n<p>In all diesen Bereichen ist viel Arbeit zu leisten, und wer noch Lust hat, sich hier einzubringen, darf sich gerne unter sas25@myhoegy.de beim Organisationsteammelden.<\/p>\n<p>Wir sind gespannt auf den weiteren Verlauf der Vorbereitungen und werden regelm\u00e4\u00dfig dar\u00fcber berichten!<\/p>\n<\/div><\/div><div class=\"w-image align_none\"><div class=\"w-image-h\"><img decoding=\"async\" width=\"1024\" height=\"636\" data-src=\"https:\/\/hoegy.de\/homepage\/hgy-media\/25753a60-1e3a-4a4d-b1d0-4eb32009719d-1024x636.jpg\" class=\"attachment-large size-large lazyload\" alt=\"\" data-srcset=\"https:\/\/hoegy.de\/homepage\/hgy-media\/\/25753a60-1e3a-4a4d-b1d0-4eb32009719d-1024x636.jpg 1024w, https:\/\/hoegy.de\/homepage\/hgy-media\/\/25753a60-1e3a-4a4d-b1d0-4eb32009719d-200x124.jpg 200w, https:\/\/hoegy.de\/homepage\/hgy-media\/\/25753a60-1e3a-4a4d-b1d0-4eb32009719d-600x373.jpg 600w, https:\/\/hoegy.de\/homepage\/hgy-media\/\/25753a60-1e3a-4a4d-b1d0-4eb32009719d-50x31.jpg 50w\" data-sizes=\"auto, (max-width: 1024px) 100vw, 1024px\" src=\"data:image\/svg+xml;base64,PHN2ZyB3aWR0aD0iMSIgaGVpZ2h0PSIxIiB4bWxucz0iaHR0cDovL3d3dy53My5vcmcvMjAwMC9zdmciPjwvc3ZnPg==\" style=\"--smush-placeholder-width: 1024px; --smush-placeholder-aspect-ratio: 1024\/636;\" \/><\/div><\/div><\/div><\/div><\/div><\/div><\/div><\/section>\n","protected":false},"excerpt":{"rendered":"Im n\u00e4chsten Schuljahr wird es am H\u00f6Gy wieder ein Gro\u00dfprojekt unter dem Motto &#8220;Schule als Staat geben, und die Vorbereitungen hierf\u00fcr sind schon voll im Gange. Am vergangenen Freitag trafen sich Sch\u00fcler*innen und Lehrer*innen, um gemeinsam Arbeitskreise zu gr\u00fcnden, die einzelne Aspekte betreuen werden. Damit das Projekt erfolgreich \u00fcber die B\u00fchne gehen kann, m\u00fcssen Aufgaben...","protected":false},"author":8,"featured_media":1854,"comment_status":"closed","ping_status":"open","sticky":false,"template":"","format":"standard","meta":{"footnotes":""},"categories":[1],"tags":[],"class_list":["post-12074","post","type-post","status-publish","format-standard","has-post-thumbnail","hentry","category-news"],"publishpress_future_action":{"enabled":false,"date":"2026-05-03 16:34:03","action":"change-status","newStatus":"draft","terms":[],"taxonomy":"category","extraData":[]},"publishpress_future_workflow_manual_trigger":{"enabledWorkflows":[]},"_links":{"self":[{"href":"https:\/\/hoegy.de\/homepage\/wp-json\/wp\/v2\/posts\/12074","targetHints":{"allow":["GET"]}}],"collection":[{"href":"https:\/\/hoegy.de\/homepage\/wp-json\/wp\/v2\/posts"}],"about":[{"href":"https:\/\/hoegy.de\/homepage\/wp-json\/wp\/v2\/types\/post"}],"author":[{"embeddable":true,"href":"https:\/\/hoegy.de\/homepage\/wp-json\/wp\/v2\/users\/8"}],"replies":[{"embeddable":true,"href":"https:\/\/hoegy.de\/homepage\/wp-json\/wp\/v2\/comments?post=12074"}],"version-history":[{"count":2,"href":"https:\/\/hoegy.de\/homepage\/wp-json\/wp\/v2\/posts\/12074\/revisions"}],"predecessor-version":[{"id":12077,"href":"https:\/\/hoegy.de\/homepage\/wp-json\/wp\/v2\/posts\/12074\/revisions\/12077"}],"wp:featuredmedia":[{"embeddable":true,"href":"https:\/\/hoegy.de\/homepage\/wp-json\/wp\/v2\/media\/1854"}],"wp:attachment":[{"href":"https:\/\/hoegy.de\/homepage\/wp-json\/wp\/v2\/media?parent=12074"}],"wp:term":[{"taxonomy":"category","embeddable":true,"href":"https:\/\/hoegy.de\/homepage\/wp-json\/wp\/v2\/categories?post=12074"},{"taxonomy":"post_tag","embeddable":true,"href":"https:\/\/hoegy.de\/homepage\/wp-json\/wp\/v2\/tags?post=12074"}],"curies":[{"name":"wp","href":"https:\/\/api.w.org\/{rel}","templated":true}]}}