{"id":12102,"date":"2024-04-26T12:27:42","date_gmt":"2024-04-26T10:27:42","guid":{"rendered":"https:\/\/hoegy.de\/homepage\/?p=12102"},"modified":"2024-04-26T12:27:42","modified_gmt":"2024-04-26T10:27:42","slug":"ausflug-der-kletter-ag-nach-reutlingen","status":"publish","type":"post","link":"https:\/\/hoegy.de\/homepage\/ausflug-der-kletter-ag-nach-reutlingen\/","title":{"rendered":"Ausflug der Kletter-AG nach Reutlingen"},"content":{"rendered":"<section class=\"l-section wpb_row height_small\"><div class=\"l-section-h i-cf\"><div class=\"g-cols vc_row via_flex valign_top type_default stacking_default\"><div class=\"vc_col-sm-12 wpb_column vc_column_container\"><div class=\"vc_column-inner\"><div class=\"wpb_wrapper\"><div class=\"wpb_text_column\"><div class=\"wpb_wrapper\"><p>Am 22. April unternahm die Kletter-AG in Begleitung von Herrn Schnitzler und Herrn Bo\u00dfler einen Ausflug in die Reutlinger DAV Kletterhalle. Die Teilnehmer\/-innen der Kletter AG stellten ihre gelernten F\u00e4higkeiten nun auch in luftiger H\u00f6he (bis zu 17 Meter) unter Beweis.<\/p>\n<p>Besonders mutig waren zwei unserer Sch\u00fclerinnen, die sich trotz der frischen 8 Grad an die Au\u00dfenwand der Kletterhalle wagten. Mit einer Mischung aus Mut, einem augenzwinkernden Schmunzeln und Ehrgeiz erklommen sie die H\u00f6hen und lie\u00dfen sich dabei nicht von der K\u00e4lte abschrecken.<\/p>\n<p>Von anspruchsvollen \u00dcberh\u00e4ngen bis hin zu sanften Anf\u00e4ngerrouten bot die Halle f\u00fcr jeden etwas. Ein rundum gelungener Ausflug, der neue Motivation gibt, an unserer schuleigenen Wand zu trainieren, um noch besser zu werden und vielleicht das n\u00e4chste Mal auch einen Vorstieg zu wagen.<\/p>\n<p>Dieser Ausflug wird wegen des vorbildlichen Verhaltens der Sch\u00fcler\/-innen auch bei den Begleitern in bester Erinnerung bleiben und hat die Begeisterung f\u00fcr den Klettersport in unserer Schule weiter gest\u00e4rkt.<\/p>\n<p style=\"text-align: right\"><em>Hannes Bo\u00dfler<\/em><\/p>\n<\/div><\/div><div class=\"w-image align_none\"><a ref=\"magnificPopup\" href=\"https:\/\/hoegy.de\/homepage\/hgy-media\/IMG_6691-scaled.jpg\" aria-label=\"IMG_6691\" class=\"w-image-h\"><img decoding=\"async\" width=\"1024\" height=\"768\" data-src=\"https:\/\/hoegy.de\/homepage\/hgy-media\/IMG_6691-1024x768.jpg\" class=\"attachment-large size-large lazyload\" alt=\"\" data-srcset=\"https:\/\/hoegy.de\/homepage\/hgy-media\/\/IMG_6691-1024x768.jpg 1024w, https:\/\/hoegy.de\/homepage\/hgy-media\/\/IMG_6691-200x150.jpg 200w, https:\/\/hoegy.de\/homepage\/hgy-media\/\/IMG_6691-600x450.jpg 600w, https:\/\/hoegy.de\/homepage\/hgy-media\/\/IMG_6691-50x38.jpg 50w\" data-sizes=\"auto, (max-width: 1024px) 100vw, 1024px\" src=\"data:image\/svg+xml;base64,PHN2ZyB3aWR0aD0iMSIgaGVpZ2h0PSIxIiB4bWxucz0iaHR0cDovL3d3dy53My5vcmcvMjAwMC9zdmciPjwvc3ZnPg==\" style=\"--smush-placeholder-width: 1024px; --smush-placeholder-aspect-ratio: 1024\/768;\" \/><\/a><\/div><\/div><\/div><\/div><\/div><\/div><\/section>\n","protected":false},"excerpt":{"rendered":"Am 22. April unternahm die Kletter-AG in Begleitung von Herrn Schnitzler und Herrn Bo\u00dfler einen Ausflug in die Reutlinger DAV Kletterhalle. Die Teilnehmer\/-innen der Kletter AG stellten ihre gelernten F\u00e4higkeiten nun auch in luftiger H\u00f6he (bis zu 17 Meter) unter Beweis. Besonders mutig waren zwei unserer Sch\u00fclerinnen, die sich trotz der frischen 8 Grad an...","protected":false},"author":8,"featured_media":12103,"comment_status":"closed","ping_status":"open","sticky":false,"template":"","format":"standard","meta":{"footnotes":""},"categories":[1],"tags":[],"class_list":["post-12102","post","type-post","status-publish","format-standard","has-post-thumbnail","hentry","category-news"],"publishpress_future_action":{"enabled":false,"date":"2026-05-03 20:17:10","action":"change-status","newStatus":"draft","terms":[],"taxonomy":"category","extraData":[]},"publishpress_future_workflow_manual_trigger":{"enabledWorkflows":[]},"_links":{"self":[{"href":"https:\/\/hoegy.de\/homepage\/wp-json\/wp\/v2\/posts\/12102","targetHints":{"allow":["GET"]}}],"collection":[{"href":"https:\/\/hoegy.de\/homepage\/wp-json\/wp\/v2\/posts"}],"about":[{"href":"https:\/\/hoegy.de\/homepage\/wp-json\/wp\/v2\/types\/post"}],"author":[{"embeddable":true,"href":"https:\/\/hoegy.de\/homepage\/wp-json\/wp\/v2\/users\/8"}],"replies":[{"embeddable":true,"href":"https:\/\/hoegy.de\/homepage\/wp-json\/wp\/v2\/comments?post=12102"}],"version-history":[{"count":1,"href":"https:\/\/hoegy.de\/homepage\/wp-json\/wp\/v2\/posts\/12102\/revisions"}],"predecessor-version":[{"id":12104,"href":"https:\/\/hoegy.de\/homepage\/wp-json\/wp\/v2\/posts\/12102\/revisions\/12104"}],"wp:featuredmedia":[{"embeddable":true,"href":"https:\/\/hoegy.de\/homepage\/wp-json\/wp\/v2\/media\/12103"}],"wp:attachment":[{"href":"https:\/\/hoegy.de\/homepage\/wp-json\/wp\/v2\/media?parent=12102"}],"wp:term":[{"taxonomy":"category","embeddable":true,"href":"https:\/\/hoegy.de\/homepage\/wp-json\/wp\/v2\/categories?post=12102"},{"taxonomy":"post_tag","embeddable":true,"href":"https:\/\/hoegy.de\/homepage\/wp-json\/wp\/v2\/tags?post=12102"}],"curies":[{"name":"wp","href":"https:\/\/api.w.org\/{rel}","templated":true}]}}