{"id":12333,"date":"2024-07-04T10:45:42","date_gmt":"2024-07-04T08:45:42","guid":{"rendered":"https:\/\/hoegy.de\/homepage\/?p=12333"},"modified":"2024-07-04T10:45:42","modified_gmt":"2024-07-04T08:45:42","slug":"es-muss-nicht-immer-frankreich-sein","status":"publish","type":"post","link":"https:\/\/hoegy.de\/homepage\/es-muss-nicht-immer-frankreich-sein\/","title":{"rendered":"Es muss nicht immer Frankreich sein&#8230;"},"content":{"rendered":"<section class=\"l-section wpb_row height_small\"><div class=\"l-section-h i-cf\"><div class=\"g-cols vc_row via_flex valign_top type_default stacking_default\"><div class=\"vc_col-sm-12 wpb_column vc_column_container\"><div class=\"vc_column-inner\"><div class=\"wpb_wrapper\"><div class=\"wpb_text_column\"><div class=\"wpb_wrapper\"><p><span>Der Basiskurs Franz\u00f6sisch der Kursstufe 1 und der entsprechende Kurs der Waldorfschule haben sich zu einem kleinen Franz\u00f6sisch-Austausch &#8211; quasi \u00fcber die Stra\u00dfe \u2013 zusammengetan. Nachdem zun\u00e4chst \u00fcber klassische Briefe und dann \u00fcber E-Mails Kontakt aufgenommen worden war, um \u00fcber den franz\u00f6sischen Film \u201eLe Brio\u201c zu sprechen, den beide in ihren Kursen gesehen hatten, kam es am vergangenen Donnerstag zu einer \u201eDrittort-Begegnung\u201c an der Grillstelle des H\u00f6Gy. Und siehe da: mein verstand sich bestens und hat schon Pl\u00e4ne f\u00fcr weitere gemeinsame Aktionen geschmiedet. Zum Beispiel eine Exkursion nach Stra\u00dfburg. Manchmal muss es eben doch Frankreich sein. \u2026<\/span><\/p>\n<p>&nbsp;<\/p>\n<p style=\"text-align: right\"><em>Ulrich Munz<\/em><\/p>\n<\/div><\/div><div class=\"w-slider style_none fit_scaledown nav_none count_5\"><div class=\"w-slider-h\" aria-hidden=\"true\"><div class=\"royalSlider\"><div class=\"rsContent\"><a class=\"rsImg\" data-rsw=\"1024\" data-rsh=\"768\" href=\"https:\/\/hoegy.de\/homepage\/hgy-media\/IMG_8560-1024x768.jpeg\"><span data-alt=\"\"><\/span><\/a><\/div><div class=\"rsContent\"><a class=\"rsImg\" data-rsw=\"768\" data-rsh=\"1024\" href=\"https:\/\/hoegy.de\/homepage\/hgy-media\/IMG_8561-768x1024.jpeg\"><span data-alt=\"\"><\/span><\/a><\/div><div class=\"rsContent\"><a class=\"rsImg\" data-rsw=\"1024\" data-rsh=\"768\" href=\"https:\/\/hoegy.de\/homepage\/hgy-media\/IMG_8562-1024x768.jpeg\"><span data-alt=\"\"><\/span><\/a><\/div><div class=\"rsContent\"><a class=\"rsImg\" data-rsw=\"1024\" data-rsh=\"768\" href=\"https:\/\/hoegy.de\/homepage\/hgy-media\/IMG_8558-1024x768.jpeg\"><span data-alt=\"\"><\/span><\/a><\/div><div class=\"rsContent\"><a class=\"rsImg\" data-rsw=\"1024\" data-rsh=\"768\" href=\"https:\/\/hoegy.de\/homepage\/hgy-media\/IMG_8559-1024x768.jpeg\"><span data-alt=\"\"><\/span><\/a><\/div><\/div><img decoding=\"async\" data-src=\"https:\/\/hoegy.de\/homepage\/hgy-media\/IMG_8560-1024x768.jpeg\" width=\"1024\" height=\"768\" alt src=\"data:image\/svg+xml;base64,PHN2ZyB3aWR0aD0iMSIgaGVpZ2h0PSIxIiB4bWxucz0iaHR0cDovL3d3dy53My5vcmcvMjAwMC9zdmciPjwvc3ZnPg==\" class=\"lazyload\" style=\"--smush-placeholder-width: 1024px; --smush-placeholder-aspect-ratio: 1024\/768;\"><\/div><div class=\"w-slider-json\" onclick='return {&quot;autoScaleSlider&quot;:true,&quot;addActiveClass&quot;:true,&quot;loop&quot;:true,&quot;fadeInLoadedSlide&quot;:false,&quot;slidesSpacing&quot;:0,&quot;imageScalePadding&quot;:0,&quot;numImagesToPreload&quot;:2,&quot;arrowsNav&quot;:true,&quot;arrowsNavAutoHide&quot;:false,&quot;transitionType&quot;:&quot;move&quot;,&quot;transitionSpeed&quot;:250,&quot;block&quot;:{&quot;moveEffect&quot;:&quot;none&quot;,&quot;speed&quot;:300},&quot;thumbs&quot;:{&quot;fitInViewport&quot;:false,&quot;firstMargin&quot;:false,&quot;spacing&quot;:4},&quot;controlNavigation&quot;:&quot;none&quot;,&quot;autoScaleSliderWidth&quot;:1024,&quot;autoScaleSliderHeight&quot;:768}'><\/div><\/div><\/div><\/div><\/div><\/div><\/div><\/section>\n","protected":false},"excerpt":{"rendered":"Der Basiskurs Franz\u00f6sisch der Kursstufe 1 und der entsprechende Kurs der Waldorfschule haben sich zu einem kleinen Franz\u00f6sisch-Austausch &#8211; quasi \u00fcber die Stra\u00dfe \u2013 zusammengetan. Nachdem zun\u00e4chst \u00fcber klassische Briefe und dann \u00fcber E-Mails Kontakt aufgenommen worden war, um \u00fcber den franz\u00f6sischen Film \u201eLe Brio\u201c zu sprechen, den beide in ihren Kursen gesehen hatten, kam...","protected":false},"author":8,"featured_media":12334,"comment_status":"closed","ping_status":"open","sticky":false,"template":"","format":"standard","meta":{"footnotes":""},"categories":[1],"tags":[],"class_list":["post-12333","post","type-post","status-publish","format-standard","has-post-thumbnail","hentry","category-news"],"publishpress_future_action":{"enabled":false,"date":"2026-05-03 14:31:57","action":"change-status","newStatus":"draft","terms":[],"taxonomy":"category","extraData":[]},"publishpress_future_workflow_manual_trigger":{"enabledWorkflows":[]},"_links":{"self":[{"href":"https:\/\/hoegy.de\/homepage\/wp-json\/wp\/v2\/posts\/12333","targetHints":{"allow":["GET"]}}],"collection":[{"href":"https:\/\/hoegy.de\/homepage\/wp-json\/wp\/v2\/posts"}],"about":[{"href":"https:\/\/hoegy.de\/homepage\/wp-json\/wp\/v2\/types\/post"}],"author":[{"embeddable":true,"href":"https:\/\/hoegy.de\/homepage\/wp-json\/wp\/v2\/users\/8"}],"replies":[{"embeddable":true,"href":"https:\/\/hoegy.de\/homepage\/wp-json\/wp\/v2\/comments?post=12333"}],"version-history":[{"count":1,"href":"https:\/\/hoegy.de\/homepage\/wp-json\/wp\/v2\/posts\/12333\/revisions"}],"predecessor-version":[{"id":12339,"href":"https:\/\/hoegy.de\/homepage\/wp-json\/wp\/v2\/posts\/12333\/revisions\/12339"}],"wp:featuredmedia":[{"embeddable":true,"href":"https:\/\/hoegy.de\/homepage\/wp-json\/wp\/v2\/media\/12334"}],"wp:attachment":[{"href":"https:\/\/hoegy.de\/homepage\/wp-json\/wp\/v2\/media?parent=12333"}],"wp:term":[{"taxonomy":"category","embeddable":true,"href":"https:\/\/hoegy.de\/homepage\/wp-json\/wp\/v2\/categories?post=12333"},{"taxonomy":"post_tag","embeddable":true,"href":"https:\/\/hoegy.de\/homepage\/wp-json\/wp\/v2\/tags?post=12333"}],"curies":[{"name":"wp","href":"https:\/\/api.w.org\/{rel}","templated":true}]}}