{"id":12474,"date":"2024-09-04T12:15:47","date_gmt":"2024-09-04T10:15:47","guid":{"rendered":"https:\/\/hoegy.de\/homepage\/?p=12474"},"modified":"2024-09-04T12:22:16","modified_gmt":"2024-09-04T10:22:16","slug":"hinweise-zum-start-ins-neue-schuljahr","status":"publish","type":"post","link":"https:\/\/hoegy.de\/homepage\/hinweise-zum-start-ins-neue-schuljahr\/","title":{"rendered":"Hinweise zum Start ins neue Schuljahr und Stundenplan f\u00fcr Montag"},"content":{"rendered":"<p>Liebe Sch\u00fclerinnen und Sch\u00fcler, liebe Eltern,<\/p>\n<p>hier ein paar Informationen f\u00fcr den ersten Schultag am H\u00f6lderlin-Gymnasium im neuen Schuljahr.<\/p>\n<p>Alle <strong>neuen Sch\u00fcler*innen ab Klasse 6<\/strong> melden sich bitte am Montag, 09. September 2024 nach der Versammlung auf dem Pausenhof (gegen 8:00 Uhr) im Sekretariat. Dort nehmen wir Euch in Empfang und bringen Euch anschlie\u00dfend in Eure Klassen.<\/p>\n<p>F\u00fcr <strong>alle anderen Sch\u00fcler*innen mit neuer Klassenzuweisung<\/strong> und\/oder -einteilung h\u00e4ngen die entsprechenden Informationen ab Mittwoch, 04. September 2024 im Gang zum Sekretariat aus und k\u00f6nnen dort zwischen 9 und 14 Uhr eingesehen werden.<\/p>\n<p>&nbsp;<\/p>\n<p><strong>Der erste Schultag l\u00e4uft dann folgenderma\u00dfen ab:<\/strong><\/p>\n<p><strong>07:45 \u2013 08:00<\/strong> \u00a0\u00a0\u00a0\u00a0 Versammlung aller Sch\u00fclerinnen und Sch\u00fcler vor dem Haupteingang, Begr\u00fc\u00dfung<\/p>\n<p><strong>08:00 \u2013 10:00<\/strong>\u00a0\u00a0\u00a0\u00a0\u00a0 Klassenlehrer- und Tutorenstunde<\/p>\n<p><strong>10:00 \u2013 10:20<\/strong>\u00a0\u00a0\u00a0\u00a0\u00a0 Pause<\/p>\n<p><strong>ab 10:20<\/strong><strong>\u00a0\u00a0\u00a0 \u00a0\u00a0\u00a0\u00a0\u00a0\u00a0\u00a0 <\/strong><strong>Fachunterricht nach Plan inkl. Mittagschule\u00a0\u00a0\u00a0\u00a0\u00a0 <\/strong><\/p>\n<p>Wir w\u00fcnschen allen einen guten Start in das neue Schuljahr!<\/p>\n<a href=\"https:\/\/hoegy.de\/homepage\/hgy-media\/Stundenplan_erster_Tag.pdf\" class=\"pdfemb-viewer\" style=\"\" data-width=\"max\" data-height=\"max\" data-toolbar=\"bottom\" data-toolbar-fixed=\"on\">Stundenplan_erster_Tag<\/a>\n","protected":false},"excerpt":{"rendered":"<p>Liebe Sch\u00fclerinnen und Sch\u00fcler, liebe Eltern, hier ein paar Informationen f\u00fcr den ersten Schultag am H\u00f6lderlin-Gymnasium im neuen Schuljahr. Alle neuen Sch\u00fcler*innen ab Klasse 6 melden sich bitte am Montag, 09. September 2024 nach der Versammlung auf dem Pausenhof (gegen 8:00 Uhr) im Sekretariat. Dort nehmen wir Euch in Empfang und bringen Euch anschlie\u00dfend in&#8230;<\/p>\n","protected":false},"author":1,"featured_media":0,"comment_status":"closed","ping_status":"open","sticky":false,"template":"","format":"standard","meta":{"footnotes":""},"categories":[1],"tags":[],"class_list":["post-12474","post","type-post","status-publish","format-standard","hentry","category-news"],"publishpress_future_action":{"enabled":false,"date":"2026-05-05 12:33:49","action":"change-status","newStatus":"draft","terms":[],"taxonomy":"category","extraData":[]},"publishpress_future_workflow_manual_trigger":{"enabledWorkflows":[]},"_links":{"self":[{"href":"https:\/\/hoegy.de\/homepage\/wp-json\/wp\/v2\/posts\/12474","targetHints":{"allow":["GET"]}}],"collection":[{"href":"https:\/\/hoegy.de\/homepage\/wp-json\/wp\/v2\/posts"}],"about":[{"href":"https:\/\/hoegy.de\/homepage\/wp-json\/wp\/v2\/types\/post"}],"author":[{"embeddable":true,"href":"https:\/\/hoegy.de\/homepage\/wp-json\/wp\/v2\/users\/1"}],"replies":[{"embeddable":true,"href":"https:\/\/hoegy.de\/homepage\/wp-json\/wp\/v2\/comments?post=12474"}],"version-history":[{"count":3,"href":"https:\/\/hoegy.de\/homepage\/wp-json\/wp\/v2\/posts\/12474\/revisions"}],"predecessor-version":[{"id":12486,"href":"https:\/\/hoegy.de\/homepage\/wp-json\/wp\/v2\/posts\/12474\/revisions\/12486"}],"wp:attachment":[{"href":"https:\/\/hoegy.de\/homepage\/wp-json\/wp\/v2\/media?parent=12474"}],"wp:term":[{"taxonomy":"category","embeddable":true,"href":"https:\/\/hoegy.de\/homepage\/wp-json\/wp\/v2\/categories?post=12474"},{"taxonomy":"post_tag","embeddable":true,"href":"https:\/\/hoegy.de\/homepage\/wp-json\/wp\/v2\/tags?post=12474"}],"curies":[{"name":"wp","href":"https:\/\/api.w.org\/{rel}","templated":true}]}}