{"id":12754,"date":"2024-11-08T11:40:46","date_gmt":"2024-11-08T10:40:46","guid":{"rendered":"https:\/\/hoegy.de\/homepage\/?p=12754"},"modified":"2024-11-08T11:41:59","modified_gmt":"2024-11-08T10:41:59","slug":"als-schulseelsorgerin-am-hoegy","status":"publish","type":"post","link":"https:\/\/hoegy.de\/homepage\/als-schulseelsorgerin-am-hoegy\/","title":{"rendered":"Als Schulseelsorgerin am H\u00f6gy"},"content":{"rendered":"<section class=\"l-section wpb_row height_small\"><div class=\"l-section-h i-cf\"><div class=\"g-cols vc_row via_flex valign_top type_default stacking_default\"><div class=\"vc_col-sm-6 wpb_column vc_column_container\"><div class=\"vc_column-inner\"><div class=\"wpb_wrapper\"><div class=\"wpb_text_column\"><div class=\"wpb_wrapper\"><p>Viele kennen mich schon lange als Deutsch- und Religionslehrerin und auch als die Person, die von Anfang an im Raum der Stille gewirkt hat. In den letzten drei Jahren habe ich an einer dreij\u00e4hrigen Fort- und Weiterbildung der Di\u00f6zese Rottenburg \u2013 Stuttgart und der evangelischen Landeskirche W\u00fcrttemberg f\u00fcr \u201e\u00d6kumenische Schulseelsorge\u201c teilgenommen und bin nun Schulseelsorgerin f\u00fcr das H\u00f6lderlin-Gymnasium.<\/p>\n<p>Was bedeutet das?<\/p>\n<p>Je nach Pers\u00f6nlichkeit und schulischer Situation ist es ganz unterschiedlich, auf welche Weise sich Schulseelsorger und Schulseelsorgerinnen im Lebensraum Schule einbringen. Zun\u00e4chst ist es ganz allgemein gesprochen ein Beitrag zu einer humanen Schule, in der Kinder und Jugendliche ganzheitlich in ihrem Menschsein begleitet werden, in H\u00f6hen und Tiefen.<\/p>\n<p>Konkret bin ich im <strong>Raum der Stille<\/strong> t\u00e4tig, in dem ich das Angebot einer Auszeit, inzwischen \u201eRuheoase\u201c genannt, durchf\u00fchre und \u00e4ltere Sch\u00fcler als Sch\u00fclermentoren f\u00fcr den Raum der Stille gewinne und begleite.<\/p>\n<p>Zudem geh\u00f6re ich zum <strong>Beratungsteam<\/strong>, das aus der Schulsozialarbeit, der Beratungslehrerin und der Schulseelsorgerin besteht und bin <strong>Ansprechperson f\u00fcr Sorgen und N\u00f6te<\/strong> der Kinder und Jugendlichen, wenn man jemanden braucht, der einem zuh\u00f6rt und hilft. Das Angebot ist offen auch f\u00fcr alle am Schulleben Beteiligten unabh\u00e4ngig von Konfession, Religion und Weltanschauung und unterliegt dem Prinzip der Freiwilligkeit.<\/p>\n<p>Nat\u00fcrlich geh\u00f6ren auch die Organisation und Durchf\u00fchrung von Schulgottesdiensten zu meinem Aufgabenfeld, die Pflege von Kooperationen z.B. mit dem Evangelischen Jugendwerk N\u00fcrtingen und die <strong>Taiz\u00e9-Fahrt<\/strong> im Rahmen der Tage der Orientierung in den Jahrgangsstufen 10 und der Kursstufe 1.<\/p>\n<p>Erreichbar bin ich per Email unter <a href=\"mailto:schulseelsorge@myhoegy.de\">schulseelsorge@myhoegy.de<\/a><span>, Sprechzeiten nach Vereinbarung.<\/span><\/p>\n<p><span>Herzlich gr\u00fc\u00dft <\/span><\/p>\n<p><span>Ulrike Weber.<\/span><\/p>\n<\/div><\/div><\/div><\/div><\/div><div class=\"vc_col-sm-6 wpb_column vc_column_container\"><div class=\"vc_column-inner\"><div class=\"wpb_wrapper\"><div class=\"w-image align_none\"><a ref=\"magnificPopup\" href=\"https:\/\/hoegy.de\/homepage\/hgy-media\/Zuschnitt-image-20241016-113335-740.jpeg\" aria-label=\"Zuschnitt image-20241016-113335-740\" class=\"w-image-h\"><img decoding=\"async\" width=\"910\" height=\"1019\" data-src=\"https:\/\/hoegy.de\/homepage\/hgy-media\/Zuschnitt-image-20241016-113335-740.jpeg\" class=\"attachment-full size-full lazyload\" alt=\"\" data-srcset=\"https:\/\/hoegy.de\/homepage\/hgy-media\/Zuschnitt-image-20241016-113335-740.jpeg 910w, https:\/\/hoegy.de\/homepage\/hgy-media\/Zuschnitt-image-20241016-113335-740-179x200.jpeg 179w, https:\/\/hoegy.de\/homepage\/hgy-media\/Zuschnitt-image-20241016-113335-740-531x595.jpeg 531w, https:\/\/hoegy.de\/homepage\/hgy-media\/Zuschnitt-image-20241016-113335-740-45x50.jpeg 45w\" data-sizes=\"auto, (max-width: 910px) 100vw, 910px\" src=\"data:image\/svg+xml;base64,PHN2ZyB3aWR0aD0iMSIgaGVpZ2h0PSIxIiB4bWxucz0iaHR0cDovL3d3dy53My5vcmcvMjAwMC9zdmciPjwvc3ZnPg==\" style=\"--smush-placeholder-width: 910px; --smush-placeholder-aspect-ratio: 910\/1019;\" \/><\/a><\/div><\/div><\/div><\/div><\/div><\/div><\/section>\n","protected":false},"excerpt":{"rendered":"Viele kennen mich schon lange als Deutsch- und Religionslehrerin und auch als die Person, die von Anfang an im Raum der Stille gewirkt hat. In den letzten drei Jahren habe ich an einer dreij\u00e4hrigen Fort- und Weiterbildung der Di\u00f6zese Rottenburg \u2013 Stuttgart und der evangelischen Landeskirche W\u00fcrttemberg f\u00fcr \u201e\u00d6kumenische Schulseelsorge\u201c teilgenommen und bin nun Schulseelsorgerin...","protected":false},"author":8,"featured_media":12755,"comment_status":"closed","ping_status":"open","sticky":false,"template":"","format":"standard","meta":{"footnotes":""},"categories":[1],"tags":[],"class_list":["post-12754","post","type-post","status-publish","format-standard","has-post-thumbnail","hentry","category-news"],"publishpress_future_action":{"enabled":false,"date":"2026-05-09 10:39:45","action":"change-status","newStatus":"draft","terms":[],"taxonomy":"category","extraData":[]},"publishpress_future_workflow_manual_trigger":{"enabledWorkflows":[]},"_links":{"self":[{"href":"https:\/\/hoegy.de\/homepage\/wp-json\/wp\/v2\/posts\/12754","targetHints":{"allow":["GET"]}}],"collection":[{"href":"https:\/\/hoegy.de\/homepage\/wp-json\/wp\/v2\/posts"}],"about":[{"href":"https:\/\/hoegy.de\/homepage\/wp-json\/wp\/v2\/types\/post"}],"author":[{"embeddable":true,"href":"https:\/\/hoegy.de\/homepage\/wp-json\/wp\/v2\/users\/8"}],"replies":[{"embeddable":true,"href":"https:\/\/hoegy.de\/homepage\/wp-json\/wp\/v2\/comments?post=12754"}],"version-history":[{"count":2,"href":"https:\/\/hoegy.de\/homepage\/wp-json\/wp\/v2\/posts\/12754\/revisions"}],"predecessor-version":[{"id":12758,"href":"https:\/\/hoegy.de\/homepage\/wp-json\/wp\/v2\/posts\/12754\/revisions\/12758"}],"wp:featuredmedia":[{"embeddable":true,"href":"https:\/\/hoegy.de\/homepage\/wp-json\/wp\/v2\/media\/12755"}],"wp:attachment":[{"href":"https:\/\/hoegy.de\/homepage\/wp-json\/wp\/v2\/media?parent=12754"}],"wp:term":[{"taxonomy":"category","embeddable":true,"href":"https:\/\/hoegy.de\/homepage\/wp-json\/wp\/v2\/categories?post=12754"},{"taxonomy":"post_tag","embeddable":true,"href":"https:\/\/hoegy.de\/homepage\/wp-json\/wp\/v2\/tags?post=12754"}],"curies":[{"name":"wp","href":"https:\/\/api.w.org\/{rel}","templated":true}]}}