{"id":12847,"date":"2024-11-24T20:34:09","date_gmt":"2024-11-24T19:34:09","guid":{"rendered":"https:\/\/hoegy.de\/homepage\/?p=12847"},"modified":"2024-11-24T20:35:14","modified_gmt":"2024-11-24T19:35:14","slug":"mit-brahms-zu-gast-in-esslingen","status":"publish","type":"post","link":"https:\/\/hoegy.de\/homepage\/mit-brahms-zu-gast-in-esslingen\/","title":{"rendered":"Mit Brahms zu Gast in Esslingen"},"content":{"rendered":"<section class=\"l-section wpb_row height_small\"><div class=\"l-section-h i-cf\"><div class=\"g-cols vc_row via_flex valign_top type_default stacking_default\"><div class=\"vc_col-sm-12 wpb_column vc_column_container\"><div class=\"vc_column-inner\"><div class=\"wpb_wrapper\"><div class=\"wpb_text_column\"><div class=\"wpb_wrapper\"><p>Am 17.11.24 hatte eine kleine Besetzung des Kammerchors die Ehre, den Oratorienverein Esslingen bei seinem Konzert \u201eWurzeln\u201c im Rahmen des <em>Esslinger<\/em> <em>Forums f\u00fcr junge Solisten<\/em> musikalisch zu unterst\u00fctzen. Gesungen wurde das Schicksalslied von Johannes Brahms. Bereits seit Beginn des Schuljahres haben wir uns unter der Leitung unseres Chorleiters Tobias Flick in dieser kleinen Besetzung von ungef\u00e4hr 15 S\u00e4nger*innen auf das Konzert vorbereitet und flei\u00dfig geprobt. Um dem St\u00fcck den letzten Schliff zu geben, fanden mehrere gemeinsame Proben mit dem Oratorienverein statt. Hier konnten wir uns au\u00dferdem optimal kennenlernen. Es hat uns viel Freude bereitet, uns mit den S\u00e4nger*innen auszutauschen und von ihren Chorerlebnissen zu erfahren. Trotz des gro\u00dfen Altersunterschieds wurden wir alle sofort in die Gruppe aufgenommen und haben uns wohlgef\u00fchlt. Der Spa\u00df am Gesang und die Liebe zur Musik sorgten dabei f\u00fcr ausreichend Gespr\u00e4chsstoff.\u00a0 Wir haben gemerkt, wie interessant und eindr\u00fccklich wir die Begegnung zwischen uns und der deutlich \u00e4lteren Generation wahrnahmen, welche f\u00fcr uns besonders und nicht allt\u00e4glich war.<\/p>\n<p>Das Schicksalslied von Brahms ist mit seinen ca. 15 Minuten L\u00e4nge definitiv ein gro\u00dfes Werk. Der vierstimmige Chor wird von einem Sinfonieorchester gest\u00fctzt. Das erm\u00f6glicht eine abwechslungsreiche Vertonung des Textes von Friedrich H\u00f6lderlin, die mal ruhig und tr\u00e4umerisch, mal aufbrausend und aggressiv klingt. Und auch wenn zu Anfang der Probenzeit nicht alles sofort rund lief, konnten wir uns sehr gut mit diesem Werk anfreunden. Sp\u00e4testens mit Begleitung des Orchesters konnten wir es vollst\u00e4ndig in seinem Gro\u00dfen und Ganzen erfassen und genie\u00dfen. Es war eine gro\u00dfe Ehre f\u00fcr uns, in solch einem Werk partizipieren zu d\u00fcrfen und hat uns viel Spa\u00df bereitet.<\/p>\n<p>Am Konzerttag fuhren wir gespannt und voller Vorfreude gemeinsam zur Stadtkirche in Esslingen. Durch das Ambiente der Kirche fiel es uns leicht, uns in die f\u00fcr das Konzert ben\u00f6tigte Stimmung hineinzuversetzen. Nach ausgiebigem Einsingen und einer kleinen St\u00e4rkung in der Esslinger Innenstadt war es endlich soweit: Das Gef\u00fchl ein Werk, auf welches man sich lange vorbereitet hat, endlich gemeinsam zu pr\u00e4sentieren, ist in jedem Fall unbeschreiblich &#8211; und genauso war es auch hier.<\/p>\n<p>Der anschlie\u00dfende, gemeinsame Ausklang im Restaurant Galeria Zeus war das perfekte Ende f\u00fcr diesen Konzerttag. Auch hier durfte die von uns initiierte musikalische Untermalung nat\u00fcrlich nicht fehlen und auch die S\u00e4nger*innen des Oratorienvereins stimmten in unser H\u00f6Gy-Repertoire mit ein.<\/p>\n<p>Im Gro\u00dfen und Ganzen steht fest, dass wir immer wieder bereit sind, ein gro\u00dfes Werk wie dieses zu bestreiten. Auch die Zusammenarbeit mit den \u00e4lteren und erfahreneren S\u00e4nger*innen hat uns viel Freude, neue Impulse und unvergessliche Eindr\u00fccke bereitet. Die kleine Besetzung in der wir geprobt haben, soll auch in Zukunft bestehen bleiben, um intensiver zu proben und anspruchsvollere Werke zu singen. Bis auf Weiteres proben wir dienstags nach der normalen Chorprobe \u2013 wer Lust hat, darf gerne vorbeischauen!<\/p>\n<p style=\"text-align: right\"><em>Therese Pfann, KS1<\/em><\/p>\n<p>\u00a0<\/p>\n<\/div><\/div><div class=\"w-slider style_none fit_scaledown nav_none count_4\"><div class=\"w-slider-h\" aria-hidden=\"true\"><div class=\"royalSlider\"><div class=\"rsContent\"><a class=\"rsImg\" data-rsw=\"1024\" data-rsh=\"681\" data-rsBigImg=\"https:\/\/hoegy.de\/homepage\/hgy-media\/429-Z62_3168-Verbessert-RR.jpg\" href=\"https:\/\/hoegy.de\/homepage\/hgy-media\/429-Z62_3168-Verbessert-RR-1024x681.jpg\"><span data-alt=\"\"><\/span><\/a><\/div><div class=\"rsContent\"><a class=\"rsImg\" data-rsw=\"1024\" data-rsh=\"681\" data-rsBigImg=\"https:\/\/hoegy.de\/homepage\/hgy-media\/403-780_8902-Verbessert-RR.jpg\" href=\"https:\/\/hoegy.de\/homepage\/hgy-media\/403-780_8902-Verbessert-RR-1024x681.jpg\"><span data-alt=\"\"><\/span><\/a><\/div><div class=\"rsContent\"><a class=\"rsImg\" data-rsw=\"1024\" data-rsh=\"681\" data-rsBigImg=\"https:\/\/hoegy.de\/homepage\/hgy-media\/394-780_8896-Verbessert-RR.jpg\" href=\"https:\/\/hoegy.de\/homepage\/hgy-media\/394-780_8896-Verbessert-RR-1024x681.jpg\"><span data-alt=\"\"><\/span><\/a><\/div><div class=\"rsContent\"><a class=\"rsImg\" data-rsw=\"1024\" data-rsh=\"681\" data-rsBigImg=\"https:\/\/hoegy.de\/homepage\/hgy-media\/382-Z62_3126-Verbessert-RR.jpg\" href=\"https:\/\/hoegy.de\/homepage\/hgy-media\/382-Z62_3126-Verbessert-RR-1024x681.jpg\"><span data-alt=\"\"><\/span><\/a><\/div><\/div><img decoding=\"async\" data-src=\"https:\/\/hoegy.de\/homepage\/hgy-media\/429-Z62_3168-Verbessert-RR-1024x681.jpg\" width=\"1024\" height=\"681\" alt src=\"data:image\/svg+xml;base64,PHN2ZyB3aWR0aD0iMSIgaGVpZ2h0PSIxIiB4bWxucz0iaHR0cDovL3d3dy53My5vcmcvMjAwMC9zdmciPjwvc3ZnPg==\" class=\"lazyload\" style=\"--smush-placeholder-width: 1024px; --smush-placeholder-aspect-ratio: 1024\/681;\"><\/div><div class=\"w-slider-json\" onclick='return {&quot;autoScaleSlider&quot;:true,&quot;addActiveClass&quot;:true,&quot;loop&quot;:true,&quot;fadeInLoadedSlide&quot;:false,&quot;slidesSpacing&quot;:0,&quot;imageScalePadding&quot;:0,&quot;numImagesToPreload&quot;:2,&quot;arrowsNav&quot;:true,&quot;arrowsNavAutoHide&quot;:false,&quot;transitionType&quot;:&quot;move&quot;,&quot;transitionSpeed&quot;:250,&quot;block&quot;:{&quot;moveEffect&quot;:&quot;none&quot;,&quot;speed&quot;:300},&quot;thumbs&quot;:{&quot;fitInViewport&quot;:false,&quot;firstMargin&quot;:false,&quot;spacing&quot;:4},&quot;controlNavigation&quot;:&quot;none&quot;,&quot;fullscreen&quot;:{&quot;enabled&quot;:true},&quot;autoScaleSliderWidth&quot;:1024,&quot;autoScaleSliderHeight&quot;:681}'><\/div><\/div><\/div><\/div><\/div><\/div><\/div><\/section>\n","protected":false},"excerpt":{"rendered":"Am 17.11.24 hatte eine kleine Besetzung des Kammerchors die Ehre, den Oratorienverein Esslingen bei seinem Konzert \u201eWurzeln\u201c im Rahmen des Esslinger Forums f\u00fcr junge Solisten musikalisch zu unterst\u00fctzen. Gesungen wurde das Schicksalslied von Johannes Brahms. Bereits seit Beginn des Schuljahres haben wir uns unter der Leitung unseres Chorleiters Tobias Flick in dieser kleinen Besetzung von...","protected":false},"author":8,"featured_media":12850,"comment_status":"closed","ping_status":"open","sticky":false,"template":"","format":"standard","meta":{"footnotes":""},"categories":[1],"tags":[],"class_list":["post-12847","post","type-post","status-publish","format-standard","has-post-thumbnail","hentry","category-news"],"publishpress_future_action":{"enabled":false,"date":"2026-05-04 02:11:19","action":"change-status","newStatus":"draft","terms":[],"taxonomy":"category","extraData":[]},"publishpress_future_workflow_manual_trigger":{"enabledWorkflows":[]},"_links":{"self":[{"href":"https:\/\/hoegy.de\/homepage\/wp-json\/wp\/v2\/posts\/12847","targetHints":{"allow":["GET"]}}],"collection":[{"href":"https:\/\/hoegy.de\/homepage\/wp-json\/wp\/v2\/posts"}],"about":[{"href":"https:\/\/hoegy.de\/homepage\/wp-json\/wp\/v2\/types\/post"}],"author":[{"embeddable":true,"href":"https:\/\/hoegy.de\/homepage\/wp-json\/wp\/v2\/users\/8"}],"replies":[{"embeddable":true,"href":"https:\/\/hoegy.de\/homepage\/wp-json\/wp\/v2\/comments?post=12847"}],"version-history":[{"count":2,"href":"https:\/\/hoegy.de\/homepage\/wp-json\/wp\/v2\/posts\/12847\/revisions"}],"predecessor-version":[{"id":12853,"href":"https:\/\/hoegy.de\/homepage\/wp-json\/wp\/v2\/posts\/12847\/revisions\/12853"}],"wp:featuredmedia":[{"embeddable":true,"href":"https:\/\/hoegy.de\/homepage\/wp-json\/wp\/v2\/media\/12850"}],"wp:attachment":[{"href":"https:\/\/hoegy.de\/homepage\/wp-json\/wp\/v2\/media?parent=12847"}],"wp:term":[{"taxonomy":"category","embeddable":true,"href":"https:\/\/hoegy.de\/homepage\/wp-json\/wp\/v2\/categories?post=12847"},{"taxonomy":"post_tag","embeddable":true,"href":"https:\/\/hoegy.de\/homepage\/wp-json\/wp\/v2\/tags?post=12847"}],"curies":[{"name":"wp","href":"https:\/\/api.w.org\/{rel}","templated":true}]}}