{"id":13458,"date":"2025-02-25T10:42:01","date_gmt":"2025-02-25T09:42:01","guid":{"rendered":"https:\/\/hoegy.de\/homepage\/?p=13458"},"modified":"2025-02-25T10:42:01","modified_gmt":"2025-02-25T09:42:01","slug":"masken-mit-emotionen-aus-ton","status":"publish","type":"post","link":"https:\/\/hoegy.de\/homepage\/masken-mit-emotionen-aus-ton\/","title":{"rendered":"Masken mit Emotionen aus Ton"},"content":{"rendered":"<section class=\"l-section wpb_row height_small\"><div class=\"l-section-h i-cf\"><div class=\"g-cols vc_row via_flex valign_top type_default stacking_default\"><div class=\"vc_col-sm-12 wpb_column vc_column_container\"><div class=\"vc_column-inner\"><div class=\"wpb_wrapper\"><div class=\"wpb_text_column\"><div class=\"wpb_wrapper\"><p style=\"text-align: left\">\u00a0In den letzten Wochen hat sich die Klasse 7d im Kunstunterricht intensiv mit dem Thema \u201eEmotionen und Gesichtsausdr\u00fccke\u201c besch\u00e4ftigt. Unter der Anleitung ihrer Lehrerin haben die Sch\u00fclerinnen und Sch\u00fcler Masken aus Ton gestaltet, die verschiedene Gef\u00fchle ausdr\u00fccken \u2013 von Freude und \u00dcberraschung bis hin zu Wut oder Trauer.<br \/>\nZun\u00e4chst analysierten die Jugendlichen Gesichtsausdr\u00fccke und \u00fcberlegten, welche Merkmale Emotionen besonders gut vermitteln. Danach skizzierten sie ihre Ideen auf Papier, bevor sie begannen, ihre Masken aus Ton zu formen. Mit viel Kreativit\u00e4t und handwerklichem Geschick entstanden beeindruckende Kunstwerke, die nicht nur k\u00fcnstlerisch gelungen sind, sondern auch tiefe Emotionen transportieren.<br \/>\nJede Maske erz\u00e4hlt ihre eigene Geschichte und spiegelt die individuellen Vorstellungen der Sch\u00fclerinnen und Sch\u00fcler wider.<br \/>\nDieses kreative Projekt half den Jugendlichen, sich intensiv mit dem Ausdruck von Gef\u00fchlen auseinanderzusetzen und gleichzeitig ihre k\u00fcnstlerischen F\u00e4higkeiten zu<br \/>\nerweitern. Die Klasse 7d kann stolz auf ihre einzigartigen Masken sein!<\/p>\n<p style=\"text-align: right\"><em>Ines Saalfrank<\/em><\/p>\n<\/div><\/div><div class=\"w-image align_none\"><div class=\"w-image-h\"><img decoding=\"async\" width=\"1024\" height=\"1024\" data-src=\"https:\/\/hoegy.de\/homepage\/hgy-media\/Masken7D-1024x1024.jpg\" class=\"attachment-large size-large lazyload\" alt=\"\" data-srcset=\"https:\/\/hoegy.de\/homepage\/hgy-media\/Masken7D-1024x1024.jpg 1024w, https:\/\/hoegy.de\/homepage\/hgy-media\/Masken7D-200x200.jpg 200w, https:\/\/hoegy.de\/homepage\/hgy-media\/Masken7D-150x150.jpg 150w, https:\/\/hoegy.de\/homepage\/hgy-media\/Masken7D-595x595.jpg 595w, https:\/\/hoegy.de\/homepage\/hgy-media\/Masken7D-50x50.jpg 50w\" data-sizes=\"auto, (max-width: 1024px) 100vw, 1024px\" src=\"data:image\/svg+xml;base64,PHN2ZyB3aWR0aD0iMSIgaGVpZ2h0PSIxIiB4bWxucz0iaHR0cDovL3d3dy53My5vcmcvMjAwMC9zdmciPjwvc3ZnPg==\" style=\"--smush-placeholder-width: 1024px; --smush-placeholder-aspect-ratio: 1024\/1024;\" \/><\/div><\/div><\/div><\/div><\/div><\/div><\/div><\/section>\n","protected":false},"excerpt":{"rendered":"\u00a0In den letzten Wochen hat sich die Klasse 7d im Kunstunterricht intensiv mit dem Thema \u201eEmotionen und Gesichtsausdr\u00fccke\u201c besch\u00e4ftigt. Unter der Anleitung ihrer Lehrerin haben die Sch\u00fclerinnen und Sch\u00fcler Masken aus Ton gestaltet, die verschiedene Gef\u00fchle ausdr\u00fccken \u2013 von Freude und \u00dcberraschung bis hin zu Wut oder Trauer. Zun\u00e4chst analysierten die Jugendlichen Gesichtsausdr\u00fccke und \u00fcberlegten,...","protected":false},"author":8,"featured_media":13459,"comment_status":"closed","ping_status":"open","sticky":false,"template":"","format":"standard","meta":{"footnotes":""},"categories":[1],"tags":[],"class_list":["post-13458","post","type-post","status-publish","format-standard","has-post-thumbnail","hentry","category-news"],"publishpress_future_action":{"enabled":false,"date":"2026-05-10 10:38:18","action":"change-status","newStatus":"draft","terms":[],"taxonomy":"category","extraData":[]},"publishpress_future_workflow_manual_trigger":{"enabledWorkflows":[]},"_links":{"self":[{"href":"https:\/\/hoegy.de\/homepage\/wp-json\/wp\/v2\/posts\/13458","targetHints":{"allow":["GET"]}}],"collection":[{"href":"https:\/\/hoegy.de\/homepage\/wp-json\/wp\/v2\/posts"}],"about":[{"href":"https:\/\/hoegy.de\/homepage\/wp-json\/wp\/v2\/types\/post"}],"author":[{"embeddable":true,"href":"https:\/\/hoegy.de\/homepage\/wp-json\/wp\/v2\/users\/8"}],"replies":[{"embeddable":true,"href":"https:\/\/hoegy.de\/homepage\/wp-json\/wp\/v2\/comments?post=13458"}],"version-history":[{"count":1,"href":"https:\/\/hoegy.de\/homepage\/wp-json\/wp\/v2\/posts\/13458\/revisions"}],"predecessor-version":[{"id":13460,"href":"https:\/\/hoegy.de\/homepage\/wp-json\/wp\/v2\/posts\/13458\/revisions\/13460"}],"wp:featuredmedia":[{"embeddable":true,"href":"https:\/\/hoegy.de\/homepage\/wp-json\/wp\/v2\/media\/13459"}],"wp:attachment":[{"href":"https:\/\/hoegy.de\/homepage\/wp-json\/wp\/v2\/media?parent=13458"}],"wp:term":[{"taxonomy":"category","embeddable":true,"href":"https:\/\/hoegy.de\/homepage\/wp-json\/wp\/v2\/categories?post=13458"},{"taxonomy":"post_tag","embeddable":true,"href":"https:\/\/hoegy.de\/homepage\/wp-json\/wp\/v2\/tags?post=13458"}],"curies":[{"name":"wp","href":"https:\/\/api.w.org\/{rel}","templated":true}]}}