{"id":13563,"date":"2025-03-11T15:30:20","date_gmt":"2025-03-11T14:30:20","guid":{"rendered":"https:\/\/hoegy.de\/homepage\/?p=13563"},"modified":"2025-03-12T15:00:13","modified_gmt":"2025-03-12T14:00:13","slug":"neuordnung-handy-regelung","status":"publish","type":"post","link":"https:\/\/hoegy.de\/homepage\/neuordnung-handy-regelung\/","title":{"rendered":"Neuordnung Handy-Regelung"},"content":{"rendered":"<section class=\"l-section wpb_row height_small\"><div class=\"l-section-h i-cf\"><div class=\"g-cols vc_row via_flex valign_top type_default stacking_default\"><div class=\"vc_col-sm-12 wpb_column vc_column_container\"><div class=\"vc_column-inner\"><div class=\"wpb_wrapper\"><div class=\"wpb_text_column\"><div class=\"wpb_wrapper\"><p><strong>Ab dem 12. M\u00e4rz 2025 gelten am H\u00f6Gy die nachfolgenden Regelungen f\u00fcr den Umgang mit Handys und anderen digitalen mobilen Ger\u00e4ten.<\/strong><\/p>\n<p><em>Digitale Kommunikationsmedien sind zu sta\u0308ndigen Begleitern im Alltag geworden und beanspruchen immer mehr Aufmerksamkeit. <\/em><\/p>\n<p><em>Die Schule muss digitale Medien und Gera\u0308te als Lerninstrumente fachlich sinnvoll einsetzen. Der reflektierte Umgang mit diesen Gera\u0308ten ist ein Bildungsziel. Zudem muss ein ungesto\u0308rter Unterricht gewa\u0308hrleistet werden. <\/em><\/p>\n<p><em>Unser H\u00f6lderlin-Gymnasium ist ein Ort des gemeinsamen Lernens und Lebens. Dazu geh\u00f6rt auch die St\u00e4rkung eines guten sozialen Miteinanders.<\/em><\/p>\n<p><em>Daher legen wir f\u00fcr die au\u00dferunterrichtliche Nutzung digitaler mobiler Ger\u00e4te am H\u00f6lderlin-Gymnasium N\u00fcrtingen folgende Regeln fest, die ab dem 12. M\u00e4rz 2025 gelten:<\/em><\/p>\n<ul>\n<li>Handys und digitale Ger\u00e4te sind f\u00fcr Sch\u00fclerinnen und Sch\u00fcler im Schulgeb\u00e4ude und auf dem gesamten Schulgel\u00e4nde\u00a0<strong>ausgeschaltet und nicht sichtbar<\/strong>.<\/li>\n<li><strong>Zu Arbeitszwecken<\/strong> sind digitale Ger\u00e4te <strong>ab Klasse 10<\/strong> <strong>in den daf\u00fcr vorgesehenen Arbeitsbereichen<\/strong> (Empore, Bibliothek) gestattet; ebenso das Nutzen von Kopfh\u00f6rern zur Ger\u00e4uschunterdr\u00fcckung.<\/li>\n<li><strong>Im Au\u00dfenbereich<\/strong> ist die Nutzung dieser Ger\u00e4te <strong>ab Klasse 10<\/strong>\u00a0erlaubt.<\/li>\n<li>Tablets im Unterricht sind erst ab Klasse 10 mit Einverst\u00e4ndnis des Fachlehrers erlaubt.<\/li>\n<li>Nicht ausdr\u00fccklich genehmigte Bild- und Tonaufnahmen sind verboten.<\/li>\n<\/ul>\n<p>Das bedeutet: <strong>F\u00fcr Sch\u00fclerinnen und Sch\u00fcler der Klassen 5 bis 9 ist die Handy-Nutzung im Schulgeb\u00e4ude und auf dem gesamten Schulgel\u00e4nde nicht mehr zul\u00e4ssig!<\/strong><\/p>\n<p>\u00dcber diese Regelungen wurde in der Gesamtlehrerkonferenz sowie in der Schulkonferenz abgestimmt, die aus Vertretern der Eltern-, Sch\u00fcler- und Lehrerschaft zusammengesetzt ist. Die Regeln haben volle Zustimmung gefunden.<\/p>\n<p>In Notf\u00e4llen steht ein Telefon der Schule zur Verf\u00fcgung, mit dem die Eltern kontaktiert werden k\u00f6nnen.<\/p>\n<\/div><\/div><\/div><\/div><\/div><div class=\"vc_col-sm-12 wpb_column vc_column_container\"><div class=\"vc_column-inner\"><div class=\"wpb_wrapper\"><\/div><\/div><\/div><\/div><\/div><\/section>\n","protected":false},"excerpt":{"rendered":"Ab dem 12. M\u00e4rz 2025 gelten am H\u00f6Gy die nachfolgenden Regelungen f\u00fcr den Umgang mit Handys und anderen digitalen mobilen Ger\u00e4ten. Digitale Kommunikationsmedien sind zu sta\u0308ndigen Begleitern im Alltag geworden und beanspruchen immer mehr Aufmerksamkeit. Die Schule muss digitale Medien und Gera\u0308te als Lerninstrumente fachlich sinnvoll einsetzen. Der reflektierte Umgang mit diesen Gera\u0308ten ist ein...","protected":false},"author":8,"featured_media":0,"comment_status":"closed","ping_status":"open","sticky":false,"template":"","format":"standard","meta":{"footnotes":""},"categories":[1],"tags":[],"class_list":["post-13563","post","type-post","status-publish","format-standard","hentry","category-news"],"publishpress_future_action":{"enabled":false,"date":"2026-05-04 04:12:11","action":"change-status","newStatus":"draft","terms":[],"taxonomy":"category","extraData":[]},"publishpress_future_workflow_manual_trigger":{"enabledWorkflows":[]},"_links":{"self":[{"href":"https:\/\/hoegy.de\/homepage\/wp-json\/wp\/v2\/posts\/13563","targetHints":{"allow":["GET"]}}],"collection":[{"href":"https:\/\/hoegy.de\/homepage\/wp-json\/wp\/v2\/posts"}],"about":[{"href":"https:\/\/hoegy.de\/homepage\/wp-json\/wp\/v2\/types\/post"}],"author":[{"embeddable":true,"href":"https:\/\/hoegy.de\/homepage\/wp-json\/wp\/v2\/users\/8"}],"replies":[{"embeddable":true,"href":"https:\/\/hoegy.de\/homepage\/wp-json\/wp\/v2\/comments?post=13563"}],"version-history":[{"count":7,"href":"https:\/\/hoegy.de\/homepage\/wp-json\/wp\/v2\/posts\/13563\/revisions"}],"predecessor-version":[{"id":13578,"href":"https:\/\/hoegy.de\/homepage\/wp-json\/wp\/v2\/posts\/13563\/revisions\/13578"}],"wp:attachment":[{"href":"https:\/\/hoegy.de\/homepage\/wp-json\/wp\/v2\/media?parent=13563"}],"wp:term":[{"taxonomy":"category","embeddable":true,"href":"https:\/\/hoegy.de\/homepage\/wp-json\/wp\/v2\/categories?post=13563"},{"taxonomy":"post_tag","embeddable":true,"href":"https:\/\/hoegy.de\/homepage\/wp-json\/wp\/v2\/tags?post=13563"}],"curies":[{"name":"wp","href":"https:\/\/api.w.org\/{rel}","templated":true}]}}