{"id":13594,"date":"2025-03-15T12:08:03","date_gmt":"2025-03-15T11:08:03","guid":{"rendered":"https:\/\/hoegy.de\/homepage\/?p=13594"},"modified":"2025-03-15T12:08:03","modified_gmt":"2025-03-15T11:08:03","slug":"das-war-unser-sporttag-im-winter-2025","status":"publish","type":"post","link":"https:\/\/hoegy.de\/homepage\/das-war-unser-sporttag-im-winter-2025\/","title":{"rendered":"Das war unser Sporttag im Winter 2025"},"content":{"rendered":"<section class=\"l-section wpb_row height_small\"><div class=\"l-section-h i-cf\"><div class=\"g-cols vc_row via_flex valign_top type_default stacking_default\"><div class=\"vc_col-sm-12 wpb_column vc_column_container\"><div class=\"vc_column-inner\"><div class=\"wpb_wrapper\"><div class=\"wpb_text_column\"><div class=\"wpb_wrapper\"><p>Nachdem der \u201eWintersporttag\u201c im vergangenen Jahr zum \u201eSporttag im Winter\u201c umbenannt wurde, fand in diesem Jahr die Zweitauflage mit den erweiterten Angeboten (derer 8!) am Donnerstag vor den Faschingsferien statt.<\/p>\n<p>Die fr\u00fchesten \u201eWinter-V\u00f6gel\u201c ab Klasse 7 trafen sich bereits um 6.15Uhr zur problemlosen und geselligen Anfahrt u.a. mit Busfahrer \u201eSchorsch\u201c ans Oberjoch. Hier konnten die Sch\u00fclerInnen und Begleitpersonen bis 15.30 Uhr ihre B\u00f6gen schwingen, vormittags noch bei etwas Sonne, ab Mittag dann unter Schneefall, aber immer mit bester Laune und \u2013 zumindest unter den Sch\u00fclerInnen \u2013 ohne Verletzungen.<\/p>\n<p>Ein gro\u00dfer Teil unserer Sch\u00fclerschaft fuhr mit dem Zug zur Eishalle Reutlingen. Hier waren besonders die diversen Schiebe-Figuren ein Highlight und sicherlich auch, dass sich der ein oder andere Lehr(er)k\u00f6rper aufs Eis traute. F\u00fcrs n\u00e4chste Jahr gilt f\u00fcr manche noch zu beachten, den eigenen Helm und dicke Handschuhe als Ausr\u00fcstung mitzunehmen.<\/p>\n<p>In teils zackigem Tempo marschierte unsere gef\u00fchrte Wandertruppe mit 15 Sch\u00fclerInnen von klein bis gro\u00df an diesem Vormittag in Richtung Tischardt \/ Gro\u00dfbettlingen und zur\u00fcck und g\u00f6nnte sich w\u00e4hrend der 10km gerade mal eine Viertelstunde Verschnaufpause auf Baumst\u00e4mmen.<\/p>\n<p>Wellenbad, Wasserrutsche und Pommes \u2013 die Stimmung im Fildorado war bestens. Ein bisschen mehr R\u00fccksicht an den Wasserrutschen w\u00fcnschen wir uns aber f\u00fcrs n\u00e4chste Jahr von unseren Sch\u00fclerInnen.<\/p>\n<p>Sport, Spa\u00df und spannende Challenges in den Disziplinen Bouldern, Parkour und Ninja Warrior warteten nach einer anf\u00e4nglichen Sicherheitseinweisung im \u201eStuntwerk\u201c in Kirchheim auf alle Kletterbegeisterten.<\/p>\n<p>In der H\u00f6Gy &#8211; eigenen Sporthalle fanden gleich zweierlei Angebote statt: Eine Solo-Choreo in der Rumba wurde im einen Hallenteil mit tanzmotivierten Sch\u00fclerinnen einstudiert. Dabei ging es um das Erlernen von Grundschritten, von verschiedenen Figuren bis hin zu einem auch theoretischen Teil, der die technischen Kniffe beim Tanzen in den Mittelpunkt stellte (gestrecktes Knie, Ballenschritte, ausgedrehte F\u00fc\u00dfe).<\/p>\n<p>Gleich daneben ging es noch ein bisschen \u201eh\u00e4rter\u201c zur Sache, denn hier wurden beim Judo W\u00fcrfe, Haltegriffe und eine Fallschule zum Vorbeugen von Verletzungen einstudiert. Ein Probekampf zur Anwendung des Gelernten kr\u00f6nte den ersten Teil f\u00fcr die 5.-7. Kl\u00e4ssler, denn dann erfolgte ein kurzer Spaziergang in die Stadtmitte, wo im Wechsel mit der Gruppe der 8. \u2013 10.Kl\u00e4ssler der Kampfsportakademie ein Besuch abgestattet wurde. Schl\u00e4ge und Tritte am Boxsack wurden hier in den Mittelpunkt des Programmes gestellt. Einige Sch\u00fclerInnen k\u00f6nnen sich sogar vorstellen, das hier Erlebte k\u00fcnftig zum Hobby zu machen \u2013 trotzdessen, dass sie am Ende eigentlich zu ausgepowert waren, den Lerchenberg zum H\u00f6Gy hoch wieder zur\u00fcckzulaufen und sie lieber mit dem Bus gefahren w\u00e4ren.<\/p>\n<p>Insgesamt war es also ein Tag voller Spa\u00df, motivierten Sch\u00fclerInnen und KollegInnen und jeder Menge sportlicher Bewegung!<\/p>\n<p style=\"text-align: right\"><em>Kerstin Laumanns \/ Fachschaft Sport<\/em><\/p>\n<\/div><\/div><div class=\"w-slider style_none fit_scaledown nav_none count_7\"><div class=\"w-slider-h\" aria-hidden=\"true\"><div class=\"royalSlider\"><div class=\"rsContent\"><a class=\"rsImg\" data-rsw=\"1024\" data-rsh=\"576\" href=\"https:\/\/hoegy.de\/homepage\/hgy-media\/IMG_20250227_085632941-1024x576.jpg\"><span data-alt=\"\"><\/span><\/a><\/div><div class=\"rsContent\"><a class=\"rsImg\" data-rsw=\"1024\" data-rsh=\"576\" href=\"https:\/\/hoegy.de\/homepage\/hgy-media\/IMG_20250227_092143717-1024x576.jpg\"><span data-alt=\"\"><\/span><\/a><\/div><div class=\"rsContent\"><a class=\"rsImg\" data-rsw=\"1024\" data-rsh=\"576\" href=\"https:\/\/hoegy.de\/homepage\/hgy-media\/IMG_20250227_092252231_HDR-1024x576.jpg\"><span data-alt=\"\"><\/span><\/a><\/div><div class=\"rsContent\"><a class=\"rsImg\" data-rsw=\"1024\" data-rsh=\"576\" href=\"https:\/\/hoegy.de\/homepage\/hgy-media\/IMG_20250227_093338361-1024x576.jpg\"><span data-alt=\"\"><\/span><\/a><\/div><div class=\"rsContent\"><a class=\"rsImg\" data-rsw=\"1024\" data-rsh=\"576\" href=\"https:\/\/hoegy.de\/homepage\/hgy-media\/IMG_20250227_093453124-1024x576.jpg\"><span data-alt=\"\"><\/span><\/a><\/div><div class=\"rsContent\"><a class=\"rsImg\" data-rsw=\"768\" data-rsh=\"1024\" href=\"https:\/\/hoegy.de\/homepage\/hgy-media\/IMG_1873-768x1024.jpeg\"><span data-alt=\"\"><\/span><\/a><\/div><div class=\"rsContent\"><a class=\"rsImg\" data-rsw=\"768\" data-rsh=\"1024\" href=\"https:\/\/hoegy.de\/homepage\/hgy-media\/IMG_1874-768x1024.jpeg\"><span data-alt=\"\"><\/span><\/a><\/div><\/div><img decoding=\"async\" data-src=\"https:\/\/hoegy.de\/homepage\/hgy-media\/IMG_20250227_085632941-1024x576.jpg\" width=\"1024\" height=\"576\" alt src=\"data:image\/svg+xml;base64,PHN2ZyB3aWR0aD0iMSIgaGVpZ2h0PSIxIiB4bWxucz0iaHR0cDovL3d3dy53My5vcmcvMjAwMC9zdmciPjwvc3ZnPg==\" class=\"lazyload\" style=\"--smush-placeholder-width: 1024px; --smush-placeholder-aspect-ratio: 1024\/576;\"><\/div><div class=\"w-slider-json\" onclick='return {&quot;autoScaleSlider&quot;:true,&quot;addActiveClass&quot;:true,&quot;loop&quot;:true,&quot;fadeInLoadedSlide&quot;:false,&quot;slidesSpacing&quot;:0,&quot;imageScalePadding&quot;:0,&quot;numImagesToPreload&quot;:2,&quot;arrowsNav&quot;:true,&quot;arrowsNavAutoHide&quot;:false,&quot;transitionType&quot;:&quot;move&quot;,&quot;transitionSpeed&quot;:250,&quot;block&quot;:{&quot;moveEffect&quot;:&quot;none&quot;,&quot;speed&quot;:300},&quot;thumbs&quot;:{&quot;fitInViewport&quot;:false,&quot;firstMargin&quot;:false,&quot;spacing&quot;:4},&quot;controlNavigation&quot;:&quot;none&quot;,&quot;autoScaleSliderWidth&quot;:1024,&quot;autoScaleSliderHeight&quot;:576}'><\/div><\/div><\/div><\/div><\/div><\/div><\/div><\/section>\n","protected":false},"excerpt":{"rendered":"Nachdem der \u201eWintersporttag\u201c im vergangenen Jahr zum \u201eSporttag im Winter\u201c umbenannt wurde, fand in diesem Jahr die Zweitauflage mit den erweiterten Angeboten (derer 8!) am Donnerstag vor den Faschingsferien statt. Die fr\u00fchesten \u201eWinter-V\u00f6gel\u201c ab Klasse 7 trafen sich bereits um 6.15Uhr zur problemlosen und geselligen Anfahrt u.a. mit Busfahrer \u201eSchorsch\u201c ans Oberjoch. Hier konnten die...","protected":false},"author":8,"featured_media":13597,"comment_status":"closed","ping_status":"open","sticky":false,"template":"","format":"standard","meta":{"footnotes":""},"categories":[1],"tags":[],"class_list":["post-13594","post","type-post","status-publish","format-standard","has-post-thumbnail","hentry","category-news"],"publishpress_future_action":{"enabled":false,"date":"2026-05-04 01:57:11","action":"change-status","newStatus":"draft","terms":[],"taxonomy":"category","extraData":[]},"publishpress_future_workflow_manual_trigger":{"enabledWorkflows":[]},"_links":{"self":[{"href":"https:\/\/hoegy.de\/homepage\/wp-json\/wp\/v2\/posts\/13594","targetHints":{"allow":["GET"]}}],"collection":[{"href":"https:\/\/hoegy.de\/homepage\/wp-json\/wp\/v2\/posts"}],"about":[{"href":"https:\/\/hoegy.de\/homepage\/wp-json\/wp\/v2\/types\/post"}],"author":[{"embeddable":true,"href":"https:\/\/hoegy.de\/homepage\/wp-json\/wp\/v2\/users\/8"}],"replies":[{"embeddable":true,"href":"https:\/\/hoegy.de\/homepage\/wp-json\/wp\/v2\/comments?post=13594"}],"version-history":[{"count":1,"href":"https:\/\/hoegy.de\/homepage\/wp-json\/wp\/v2\/posts\/13594\/revisions"}],"predecessor-version":[{"id":13603,"href":"https:\/\/hoegy.de\/homepage\/wp-json\/wp\/v2\/posts\/13594\/revisions\/13603"}],"wp:featuredmedia":[{"embeddable":true,"href":"https:\/\/hoegy.de\/homepage\/wp-json\/wp\/v2\/media\/13597"}],"wp:attachment":[{"href":"https:\/\/hoegy.de\/homepage\/wp-json\/wp\/v2\/media?parent=13594"}],"wp:term":[{"taxonomy":"category","embeddable":true,"href":"https:\/\/hoegy.de\/homepage\/wp-json\/wp\/v2\/categories?post=13594"},{"taxonomy":"post_tag","embeddable":true,"href":"https:\/\/hoegy.de\/homepage\/wp-json\/wp\/v2\/tags?post=13594"}],"curies":[{"name":"wp","href":"https:\/\/api.w.org\/{rel}","templated":true}]}}