{"id":13643,"date":"2025-03-31T22:37:35","date_gmt":"2025-03-31T20:37:35","guid":{"rendered":"https:\/\/hoegy.de\/homepage\/?p=13643"},"modified":"2025-03-31T22:43:01","modified_gmt":"2025-03-31T20:43:01","slug":"judo-schulmeisterschaften-hoegy-maedchen-besiegen-im-finale-die-mannschaft-des-mpg","status":"publish","type":"post","link":"https:\/\/hoegy.de\/homepage\/judo-schulmeisterschaften-hoegy-maedchen-besiegen-im-finale-die-mannschaft-des-mpg\/","title":{"rendered":"Judo-Schulmeisterschaften: H\u00f6Gy-M\u00e4dchen besiegen im Finale die Mannschaft des MPG"},"content":{"rendered":"<section class=\"l-section wpb_row height_small\"><div class=\"l-section-h i-cf\"><div class=\"g-cols vc_row via_flex valign_top type_default stacking_default\"><div class=\"vc_col-sm-12 wpb_column vc_column_container\"><div class=\"vc_column-inner\"><div class=\"wpb_wrapper\"><div class=\"wpb_text_column\"><div class=\"wpb_wrapper\"><p>Am Freitag, den 28. M\u00e4rz, fand in der M\u00f6rikehalle die Schulmeisterschaft des Regierungsbezirks Stuttgart im Judo statt. Durch den Sieg in einer Altersklasse konnte man sich nicht nur einen Pokal erk\u00e4mpfen, sondern auch automatisch die Qualifikation f\u00fcr das Landesfinale in Bietigheim-Bissingen im Juli. In einem spannenden Finale bezwangen unsere H\u00f6Gy-M\u00e4dchen die Mannschaft des MPG mit 3:2. Mehr dazu in der Fotostory.<\/p>\n<p style=\"text-align: right\"><em>Raphael Gutbrod<\/em><\/p>\n<\/div><\/div><div class=\"w-slider us_custom_073d376e style_none fit_scaledown nav_none count_11\"><div class=\"w-slider-h\" aria-hidden=\"true\"><div class=\"royalSlider\"><div class=\"rsContent\"><a class=\"rsImg\" data-rsw=\"1024\" data-rsh=\"768\" data-rsBigImg=\"https:\/\/hoegy.de\/homepage\/hgy-media\/Bild-1-scaled.jpg\" href=\"https:\/\/hoegy.de\/homepage\/hgy-media\/Bild-1-1024x768.jpg\"><span data-alt=\"\"><\/span><\/a><div class=\"rsABlock\" data-fadeEffect=\"false\" data-moveEffect=\"none\"><div class=\"w-slider-item-title\">Aufstellung der Mannschaften zu Beginn der Veranstaltung<\/div><\/div><\/div><div class=\"rsContent\"><a class=\"rsImg\" data-rsw=\"1024\" data-rsh=\"768\" data-rsBigImg=\"https:\/\/hoegy.de\/homepage\/hgy-media\/Bild-2-scaled.jpg\" href=\"https:\/\/hoegy.de\/homepage\/hgy-media\/Bild-2-1024x768.jpg\"><span data-alt=\"\"><\/span><\/a><div class=\"rsABlock\" data-fadeEffect=\"false\" data-moveEffect=\"none\"><div class=\"w-slider-item-title\">So war das eigentlich nicht geplant. Aufgrund von Krankheit und Verletzungspech vertrat Leon Scholl allein die Jungen-Mannschaft des H\u00f6Gy. Die Begegnung war damit schon vor Kampfbeginn verloren!<\/div><\/div><\/div><div class=\"rsContent\"><a class=\"rsImg\" data-rsw=\"768\" data-rsh=\"1024\" data-rsBigImg=\"https:\/\/hoegy.de\/homepage\/hgy-media\/Bild-3-scaled.jpg\" href=\"https:\/\/hoegy.de\/homepage\/hgy-media\/Bild-3-768x1024.jpg\"><span data-alt=\"\"><\/span><\/a><div class=\"rsABlock\" data-fadeEffect=\"false\" data-moveEffect=\"none\"><div class=\"w-slider-item-title\">Aber auch bei den M\u00e4dchen konnten nicht alle Gewichtsklassen besetzt werden. Das Schwergewicht blieb unbesetzt\u2026<\/div><\/div><\/div><div class=\"rsContent\"><a class=\"rsImg\" data-rsw=\"768\" data-rsh=\"1024\" data-rsBigImg=\"https:\/\/hoegy.de\/homepage\/hgy-media\/Bild-4-scaled.jpg\" href=\"https:\/\/hoegy.de\/homepage\/hgy-media\/Bild-4-768x1024.jpg\"><span data-alt=\"\"><\/span><\/a><div class=\"rsABlock\" data-fadeEffect=\"false\" data-moveEffect=\"none\"><div class=\"w-slider-item-title\">\u2026gl\u00fccklicherweise konnte auch das MPG nicht alle Gewichtsklassen besetzen, so dass die Entscheidung in den mittleren drei Gewichtsklassen fallen musste. Da sich die M\u00e4dchen alle aus dem Training kennen, spielte die taktische Mannschaftsaufstellung vor Beginn der Begegnung eine gro\u00dfe Rolle.<\/div><\/div><\/div><div class=\"rsContent\"><a class=\"rsImg\" data-rsw=\"1024\" data-rsh=\"768\" data-rsBigImg=\"https:\/\/hoegy.de\/homepage\/hgy-media\/Bild-5-scaled.jpg\" href=\"https:\/\/hoegy.de\/homepage\/hgy-media\/Bild-5-1024x768.jpg\"><span data-alt=\"\"><\/span><\/a><div class=\"rsABlock\" data-fadeEffect=\"false\" data-moveEffect=\"none\"><div class=\"w-slider-item-title\">Emma Augenstein gewinnt kampflos. 1:0!<\/div><\/div><\/div><div class=\"rsContent\"><a class=\"rsImg\" data-rsw=\"1024\" data-rsh=\"768\" data-rsBigImg=\"https:\/\/hoegy.de\/homepage\/hgy-media\/Bild-6-scaled.jpg\" href=\"https:\/\/hoegy.de\/homepage\/hgy-media\/Bild-6-1024x768.jpg\"><span data-alt=\"\"><\/span><\/a><div class=\"rsABlock\" data-fadeEffect=\"false\" data-moveEffect=\"none\"><div class=\"w-slider-item-title\">Lilly-Marie Griesinger erh\u00f6ht auf 2:0!<\/div><\/div><\/div><div class=\"rsContent\"><a class=\"rsImg\" data-rsw=\"1024\" data-rsh=\"768\" data-rsBigImg=\"https:\/\/hoegy.de\/homepage\/hgy-media\/Bild-7-scaled.jpg\" href=\"https:\/\/hoegy.de\/homepage\/hgy-media\/Bild-7-1024x768.jpg\"><span data-alt=\"\"><\/span><\/a><div class=\"rsABlock\" data-fadeEffect=\"false\" data-moveEffect=\"none\"><div class=\"w-slider-item-title\">Emma Noizet muss gegen die erfahrene Mia Beckmann eine Niederlage einstecken. Da der Punkt im Schwergewicht automatisch an das MPG f\u00e4llt, steht es vor der letzten Begegnung 2:2. Sofia St\u00e4rk muss eine Gewichtsklasse h\u00f6her als gew\u00f6hnlich antreten\u2026<\/div><\/div><\/div><div class=\"rsContent\"><a class=\"rsImg\" data-rsw=\"1024\" data-rsh=\"768\" data-rsBigImg=\"https:\/\/hoegy.de\/homepage\/hgy-media\/Bild-8-scaled.jpg\" href=\"https:\/\/hoegy.de\/homepage\/hgy-media\/Bild-8-1024x768.jpg\"><span data-alt=\"\"><\/span><\/a><div class=\"rsABlock\" data-fadeEffect=\"false\" data-moveEffect=\"none\"><div class=\"w-slider-item-title\">\u2026 aus ihrem Haltegriff gibt es aber auch hier kein Entrinnen.<\/div><\/div><\/div><div class=\"rsContent\"><a class=\"rsImg\" data-rsw=\"1024\" data-rsh=\"768\" data-rsBigImg=\"https:\/\/hoegy.de\/homepage\/hgy-media\/Bild-9-scaled.jpg\" href=\"https:\/\/hoegy.de\/homepage\/hgy-media\/Bild-9-1024x768.jpg\"><span data-alt=\"\"><\/span><\/a><div class=\"rsABlock\" data-fadeEffect=\"false\" data-moveEffect=\"none\"><div class=\"w-slider-item-description\">Endstand 3:2 f\u00fcr das H\u00f6GY. Platz 1!<\/div><\/div><\/div><div class=\"rsContent\"><a class=\"rsImg\" data-rsw=\"1024\" data-rsh=\"768\" data-rsBigImg=\"https:\/\/hoegy.de\/homepage\/hgy-media\/Bild-10-scaled.jpg\" href=\"https:\/\/hoegy.de\/homepage\/hgy-media\/Bild-10-1024x768.jpg\"><span data-alt=\"\"><\/span><\/a><div class=\"rsABlock\" data-fadeEffect=\"false\" data-moveEffect=\"none\"><div class=\"w-slider-item-description\">Gemeinsame Siegerehrung aller Teilnehmer\u2026<\/div><\/div><\/div><div class=\"rsContent\"><a class=\"rsImg\" data-rsw=\"1024\" data-rsh=\"768\" data-rsBigImg=\"https:\/\/hoegy.de\/homepage\/hgy-media\/Bild-11-scaled.jpg\" href=\"https:\/\/hoegy.de\/homepage\/hgy-media\/Bild-11-1024x768.jpg\"><span data-alt=\"\"><\/span><\/a><div class=\"rsABlock\" data-fadeEffect=\"false\" data-moveEffect=\"none\"><div class=\"w-slider-item-description\">\u2026 und hier \u201eunsere\u201c Judoka.<\/div><\/div><\/div><\/div><img decoding=\"async\" data-src=\"https:\/\/hoegy.de\/homepage\/hgy-media\/Bild-1-1024x768.jpg\" width=\"1024\" height=\"768\" alt src=\"data:image\/svg+xml;base64,PHN2ZyB3aWR0aD0iMSIgaGVpZ2h0PSIxIiB4bWxucz0iaHR0cDovL3d3dy53My5vcmcvMjAwMC9zdmciPjwvc3ZnPg==\" class=\"lazyload\" style=\"--smush-placeholder-width: 1024px; --smush-placeholder-aspect-ratio: 1024\/768;\"><\/div><div class=\"w-slider-json\" onclick='return {&quot;autoScaleSlider&quot;:true,&quot;addActiveClass&quot;:true,&quot;loop&quot;:true,&quot;fadeInLoadedSlide&quot;:false,&quot;slidesSpacing&quot;:0,&quot;imageScalePadding&quot;:0,&quot;numImagesToPreload&quot;:2,&quot;arrowsNav&quot;:true,&quot;arrowsNavAutoHide&quot;:false,&quot;transitionType&quot;:&quot;move&quot;,&quot;transitionSpeed&quot;:250,&quot;block&quot;:{&quot;moveEffect&quot;:&quot;none&quot;,&quot;speed&quot;:300},&quot;thumbs&quot;:{&quot;fitInViewport&quot;:false,&quot;firstMargin&quot;:false,&quot;spacing&quot;:4},&quot;controlNavigation&quot;:&quot;none&quot;,&quot;fullscreen&quot;:{&quot;enabled&quot;:true},&quot;autoScaleSliderWidth&quot;:1024,&quot;autoScaleSliderHeight&quot;:768}'><\/div><\/div><\/div><\/div><\/div><\/div><\/div><\/section>\n","protected":false},"excerpt":{"rendered":"Am Freitag, den 28. M\u00e4rz, fand in der M\u00f6rikehalle die Schulmeisterschaft des Regierungsbezirks Stuttgart im Judo statt. Durch den Sieg in einer Altersklasse konnte man sich nicht nur einen Pokal erk\u00e4mpfen, sondern auch automatisch die Qualifikation f\u00fcr das Landesfinale in Bietigheim-Bissingen im Juli. In einem spannenden Finale bezwangen unsere H\u00f6Gy-M\u00e4dchen die Mannschaft des MPG mit...","protected":false},"author":8,"featured_media":13654,"comment_status":"closed","ping_status":"open","sticky":false,"template":"","format":"standard","meta":{"footnotes":""},"categories":[1],"tags":[],"class_list":["post-13643","post","type-post","status-publish","format-standard","has-post-thumbnail","hentry","category-news"],"publishpress_future_action":{"enabled":false,"date":"2026-05-09 10:36:45","action":"change-status","newStatus":"draft","terms":[],"taxonomy":"category","extraData":[]},"publishpress_future_workflow_manual_trigger":{"enabledWorkflows":[]},"_links":{"self":[{"href":"https:\/\/hoegy.de\/homepage\/wp-json\/wp\/v2\/posts\/13643","targetHints":{"allow":["GET"]}}],"collection":[{"href":"https:\/\/hoegy.de\/homepage\/wp-json\/wp\/v2\/posts"}],"about":[{"href":"https:\/\/hoegy.de\/homepage\/wp-json\/wp\/v2\/types\/post"}],"author":[{"embeddable":true,"href":"https:\/\/hoegy.de\/homepage\/wp-json\/wp\/v2\/users\/8"}],"replies":[{"embeddable":true,"href":"https:\/\/hoegy.de\/homepage\/wp-json\/wp\/v2\/comments?post=13643"}],"version-history":[{"count":7,"href":"https:\/\/hoegy.de\/homepage\/wp-json\/wp\/v2\/posts\/13643\/revisions"}],"predecessor-version":[{"id":13659,"href":"https:\/\/hoegy.de\/homepage\/wp-json\/wp\/v2\/posts\/13643\/revisions\/13659"}],"wp:featuredmedia":[{"embeddable":true,"href":"https:\/\/hoegy.de\/homepage\/wp-json\/wp\/v2\/media\/13654"}],"wp:attachment":[{"href":"https:\/\/hoegy.de\/homepage\/wp-json\/wp\/v2\/media?parent=13643"}],"wp:term":[{"taxonomy":"category","embeddable":true,"href":"https:\/\/hoegy.de\/homepage\/wp-json\/wp\/v2\/categories?post=13643"},{"taxonomy":"post_tag","embeddable":true,"href":"https:\/\/hoegy.de\/homepage\/wp-json\/wp\/v2\/tags?post=13643"}],"curies":[{"name":"wp","href":"https:\/\/api.w.org\/{rel}","templated":true}]}}