{"id":13855,"date":"2025-05-02T13:51:31","date_gmt":"2025-05-02T11:51:31","guid":{"rendered":"https:\/\/hoegy.de\/homepage\/?p=13855"},"modified":"2025-05-02T13:51:31","modified_gmt":"2025-05-02T11:51:31","slug":"musik-und-theaterauffuehrungen-mai-bis-juli","status":"publish","type":"post","link":"https:\/\/hoegy.de\/homepage\/musik-und-theaterauffuehrungen-mai-bis-juli\/","title":{"rendered":"Musik- und Theaterauff\u00fchrungen Mai bis Juli"},"content":{"rendered":"<section class=\"l-section wpb_row height_small\"><div class=\"l-section-h i-cf\"><div class=\"g-cols vc_row via_flex valign_top type_default stacking_default\"><div class=\"vc_col-sm-12 wpb_column vc_column_container\"><div class=\"vc_column-inner\"><div class=\"wpb_wrapper\"><div class=\"wpb_text_column\"><div class=\"wpb_wrapper\"><p>Wir freuen uns, Sie auch in diesem Schuljahr zu einer Vielzahl von kulturellen Veranstaltungen einladen zu k\u00f6nnen. Hier eine \u00dcbersicht \u00fcber einige der anstehenden H\u00f6hepunkte.<br \/>\nN\u00e4here Informationen zu den einzelnen Veranstaltungen finden Sie rechtzeitig vor der jeweiligen Veranstaltung auf der H\u00f6Gy-Homepage.<\/p>\n<\/div><\/div><\/div><\/div><\/div><\/div><\/div><\/section><section class=\"l-section wpb_row height_small\"><div class=\"l-section-h i-cf\"><div class=\"g-cols vc_row via_flex valign_top type_default stacking_default\"><div class=\"vc_col-sm-6 wpb_column vc_column_container\"><div class=\"vc_column-inner\"><div class=\"wpb_wrapper\"><div class=\"wpb_text_column\"><div class=\"wpb_wrapper\"><p><strong>Chorkonzerte &#8220;Summer Nights&#8221;\u00a0<\/strong><br \/>\nDienstag\/Mittwoch, 27.\/28. Mai, jeweils 19:00, im Festsaal des H\u00f6Gy<br \/>\nEs erklingen Abendlieder und Ausschnitte aus dem Musical &#8220;Grease&#8221;.<br \/>\nLeitung: Tobias Flick<br \/>\nAls besondere G\u00e4ste wirken die Mlad\u00ed Madrigalist\u00e9, der Chor unserer Partnerschule in Br\u00fcnn, am Konzert mit.<\/p>\n<p>Kostenlose Eintrittskarten sind ab dem 12.05. auf tickets.hoegy.de erh\u00e4ltlich.<\/p>\n<\/div><\/div><\/div><\/div><\/div><div class=\"vc_col-sm-6 wpb_column vc_column_container\"><div class=\"vc_column-inner\"><div class=\"wpb_wrapper\"><div class=\"w-image align_none\"><div class=\"w-image-h\"><img decoding=\"async\" width=\"819\" height=\"1024\" data-src=\"https:\/\/hoegy.de\/homepage\/hgy-media\/Plakat-Summer-nights-klein-819x1024.png\" class=\"attachment-large size-large lazyload\" alt=\"\" data-srcset=\"https:\/\/hoegy.de\/homepage\/hgy-media\/Plakat-Summer-nights-klein-819x1024.png 819w, https:\/\/hoegy.de\/homepage\/hgy-media\/Plakat-Summer-nights-klein-160x200.png 160w, https:\/\/hoegy.de\/homepage\/hgy-media\/Plakat-Summer-nights-klein-476x595.png 476w, https:\/\/hoegy.de\/homepage\/hgy-media\/Plakat-Summer-nights-klein-40x50.png 40w, https:\/\/hoegy.de\/homepage\/hgy-media\/Plakat-Summer-nights-klein-80x100.png 80w, https:\/\/hoegy.de\/homepage\/hgy-media\/Plakat-Summer-nights-klein.png 1000w\" data-sizes=\"auto, (max-width: 819px) 100vw, 819px\" src=\"data:image\/svg+xml;base64,PHN2ZyB3aWR0aD0iMSIgaGVpZ2h0PSIxIiB4bWxucz0iaHR0cDovL3d3dy53My5vcmcvMjAwMC9zdmciPjwvc3ZnPg==\" style=\"--smush-placeholder-width: 819px; --smush-placeholder-aspect-ratio: 819\/1024;\" \/><\/div><\/div><\/div><\/div><\/div><\/div><\/div><\/section><section class=\"l-section wpb_row height_small\"><div class=\"l-section-h i-cf\"><div class=\"g-cols vc_row via_flex valign_top type_default stacking_default\"><div class=\"vc_col-sm-6 wpb_column vc_column_container\"><div class=\"vc_column-inner\"><div class=\"wpb_wrapper\"><div class=\"wpb_text_column\"><div class=\"wpb_wrapper\"><p><strong>Musical &#8220;Emil und die Detektive&#8221;<br \/>\n<\/strong>Donnerstag\/Samstag, 26.\/28. Juni, jeweils 19:30, im Festsaal des H\u00f6Gy<strong><br \/>\n<\/strong>Die Theater-AG und die Ch\u00f6re der Unter- und Mittelstufe f\u00fchren das Musical &#8220;Emil und die Detektive&#8221; nach dem gleichnamigen Kinderbuch von Erich K\u00e4stner mit Musik von Benedikt Br\u00e4ndle auf.<br \/>\nLeitung: Benedikt Br\u00e4ndle und Ulrich Munz<\/p>\n<p>Kostenlose Eintrittskarten sind ab dem 19.05. auf tickets.hoegy.de erh\u00e4ltlich.<\/p>\n<\/div><\/div><\/div><\/div><\/div><div class=\"vc_col-sm-6 wpb_column vc_column_container\"><div class=\"vc_column-inner\"><div class=\"wpb_wrapper\"><\/div><\/div><\/div><\/div><\/div><\/section><section class=\"l-section wpb_row height_small\"><div class=\"l-section-h i-cf\"><div class=\"g-cols vc_row via_flex valign_top type_default stacking_default\"><div class=\"vc_col-sm-6 wpb_column vc_column_container\"><div class=\"vc_column-inner\"><div class=\"wpb_wrapper\"><div class=\"wpb_text_column\"><div class=\"wpb_wrapper\"><p><strong>Sommerkonzert des Sinfonieorchesters<br \/>\n<\/strong>Sonntag,\u00a0 27. Juli, 19:00, im Gro\u00dfen Saal der Rudolf-Steiner-Schule<strong><br \/>\n<\/strong>Das H\u00f6Gy-Sinfonieorchester pr\u00e4sentiert sinfonische Werke und Solokonzerte der Romantik sowie Ausschnitte aus Musical (&#8220;The Sound of Music&#8221;) und Filmmusik (&#8220;How to train your Dragon&#8221;).<br \/>\nLeitung: Florian Eisentraut<\/p>\n<p>Kostenlose Eintrittskarten sind ab dem 01.07.\u00a0 auf tickets.hoegy.de erh\u00e4ltlich.<\/p>\n<\/div><\/div><\/div><\/div><\/div><div class=\"vc_col-sm-6 wpb_column vc_column_container\"><div class=\"vc_column-inner\"><div class=\"wpb_wrapper\"><div class=\"w-image align_none\"><div class=\"w-image-h\"><img decoding=\"async\" width=\"724\" height=\"1024\" data-src=\"https:\/\/hoegy.de\/homepage\/hgy-media\/Plakat-Sk25-pdf-724x1024.jpg\" class=\"attachment-large size-large lazyload\" alt=\"\" src=\"data:image\/svg+xml;base64,PHN2ZyB3aWR0aD0iMSIgaGVpZ2h0PSIxIiB4bWxucz0iaHR0cDovL3d3dy53My5vcmcvMjAwMC9zdmciPjwvc3ZnPg==\" style=\"--smush-placeholder-width: 724px; --smush-placeholder-aspect-ratio: 724\/1024;\" \/><\/div><\/div><\/div><\/div><\/div><\/div><\/div><\/section>\n","protected":false},"excerpt":{"rendered":"Wir freuen uns, Sie auch in diesem Schuljahr zu einer Vielzahl von kulturellen Veranstaltungen einladen zu k\u00f6nnen. Hier eine \u00dcbersicht \u00fcber einige der anstehenden H\u00f6hepunkte. N\u00e4here Informationen zu den einzelnen Veranstaltungen finden Sie rechtzeitig vor der jeweiligen Veranstaltung auf der H\u00f6Gy-Homepage. Chorkonzerte &#8220;Summer Nights&#8221;\u00a0 Dienstag\/Mittwoch, 27.\/28. Mai, jeweils 19:00, im Festsaal des H\u00f6Gy Es erklingen...","protected":false},"author":8,"featured_media":12331,"comment_status":"closed","ping_status":"open","sticky":false,"template":"","format":"standard","meta":{"footnotes":""},"categories":[1],"tags":[],"class_list":["post-13855","post","type-post","status-publish","format-standard","has-post-thumbnail","hentry","category-news"],"publishpress_future_action":{"enabled":false,"date":"2026-05-03 23:47:33","action":"change-status","newStatus":"draft","terms":[],"taxonomy":"category","extraData":[]},"publishpress_future_workflow_manual_trigger":{"enabledWorkflows":[]},"_links":{"self":[{"href":"https:\/\/hoegy.de\/homepage\/wp-json\/wp\/v2\/posts\/13855","targetHints":{"allow":["GET"]}}],"collection":[{"href":"https:\/\/hoegy.de\/homepage\/wp-json\/wp\/v2\/posts"}],"about":[{"href":"https:\/\/hoegy.de\/homepage\/wp-json\/wp\/v2\/types\/post"}],"author":[{"embeddable":true,"href":"https:\/\/hoegy.de\/homepage\/wp-json\/wp\/v2\/users\/8"}],"replies":[{"embeddable":true,"href":"https:\/\/hoegy.de\/homepage\/wp-json\/wp\/v2\/comments?post=13855"}],"version-history":[{"count":4,"href":"https:\/\/hoegy.de\/homepage\/wp-json\/wp\/v2\/posts\/13855\/revisions"}],"predecessor-version":[{"id":13861,"href":"https:\/\/hoegy.de\/homepage\/wp-json\/wp\/v2\/posts\/13855\/revisions\/13861"}],"wp:featuredmedia":[{"embeddable":true,"href":"https:\/\/hoegy.de\/homepage\/wp-json\/wp\/v2\/media\/12331"}],"wp:attachment":[{"href":"https:\/\/hoegy.de\/homepage\/wp-json\/wp\/v2\/media?parent=13855"}],"wp:term":[{"taxonomy":"category","embeddable":true,"href":"https:\/\/hoegy.de\/homepage\/wp-json\/wp\/v2\/categories?post=13855"},{"taxonomy":"post_tag","embeddable":true,"href":"https:\/\/hoegy.de\/homepage\/wp-json\/wp\/v2\/tags?post=13855"}],"curies":[{"name":"wp","href":"https:\/\/api.w.org\/{rel}","templated":true}]}}