{"id":13891,"date":"2025-05-06T19:50:52","date_gmt":"2025-05-06T17:50:52","guid":{"rendered":"https:\/\/hoegy.de\/homepage\/?p=13891"},"modified":"2025-05-06T19:50:52","modified_gmt":"2025-05-06T17:50:52","slug":"macht-mit-beim-stadtradeln","status":"publish","type":"post","link":"https:\/\/hoegy.de\/homepage\/macht-mit-beim-stadtradeln\/","title":{"rendered":"Macht mit beim Stadtradeln!"},"content":{"rendered":"<section class=\"l-section wpb_row height_small\"><div class=\"l-section-h i-cf\"><div class=\"g-cols vc_row via_flex valign_top type_default stacking_default\"><div class=\"vc_col-sm-12 wpb_column vc_column_container\"><div class=\"vc_column-inner\"><div class=\"wpb_wrapper\"><div class=\"wpb_text_column\"><div class=\"wpb_wrapper\"><p style=\"font-weight: 400;\">Liebe H\u00f6Gyaner und Mitradelnde,<\/p>\n<p>eine neue<span>\u00a0<\/span><strong>Stadtradeln<\/strong>-Runde steht an.<\/p>\n<p>Start:\u00a0 Montag 12. Mai 2025<br \/>\nEnde:\u00a0 Sonntag 01. Juni 2025<\/p>\n<p>Es geht darum, in diesem Zeitraum<span>\u00a0<\/span><strong>m\u00f6glichst viele km f\u00fcr die Klasse bzw. die Schule<\/strong><span>\u00a0<\/span>und schlussendlich auch f\u00fcr die Stadt N\u00fcrtingen zu<span>\u00a0<\/span><strong>erradeln<\/strong>.<\/p>\n<p>Das letzte Jahr waren wir als H\u00f6Gyaner sehr erfolgreich.<span>\u00a0<\/span><em><span>Zwei H\u00f6Gy-Klassen erhielten die Geldpreise der Stadt N\u00fcrtingen<\/span><\/em>. Lasst uns alle daran ankn\u00fcpfen. Ich bin gespannt welche Klasse dieses Jahr den<span>\u00a0<\/span><strong>schulinternen Wanderpokal<\/strong><span>\u00a0<\/span>erh\u00e4lt.<\/p>\n<p>Besondere Motivationen sind sicher die diesj\u00e4hrigen<span>\u00a0<\/span><strong>drei<span>\u00a0<\/span>Sonderpreise<span>\u00a0<\/span>der Stadt N\u00fcrtingen<\/strong><span>\u00a0<\/span>in H\u00f6he von<span>\u00a0<\/span><strong>500 \u20ac, 300\u20ac und 200 \u20ac<\/strong><span>\u00a0<\/span>f\u00fcr die N\u00fcrtinger Schulklassen mit den meisten erradelten Kilometern. Mit diesen Preisgeldern k\u00f6nnten die Klassen- oder Abikassen gef\u00fcllt werden.<\/p>\n<p>Die<span>\u00a0<\/span><strong>Anmeldung zum H\u00f6Gy-Team bzw. den Klassenteams<\/strong><span>\u00a0<\/span>erfolgt \u00fcber folgenden Schulradeln-Link (<a href=\"http:\/\/bit.ly\/4iOMk6e\">http:\/\/bit.ly\/4iOMk6e<\/a>):<\/p>\n<p>In die Klassenteams d\u00fcrfen sich nur die jeweiligen Sch\u00fclerinnen und Sch\u00fcler der entsprechenden Klasse anmelden.<\/p>\n<p>Eltern, Lehrkr\u00e4fte und Freunde des H\u00f6Gy melden sich zum \u201eH\u00f6Gy-Team\u201c an.<\/p>\n<p>Alle gefahrenen Kilometer sowohl den jeweiligen Klassenteams oder dem H\u00f6Gy-Team als auch dem Hauptteam des H\u00f6lderlin-Gymnasiums angerechnet. So k\u00f6nnen wir einerseits schulintern das beste Team des H\u00f6Gy mit dem Wanderpokal ehren und andererseits k\u00f6nnen wir uns als gesamte Schulgemeinschaft im Wettstreit mit den anderen Stadtradelngruppen in N\u00fcrtingen messen.<\/p>\n<p>Nutzt jede Gelegenheit, Strecken mit dem Fahrrad zur\u00fcckzulegen (zur Schule oder Arbeit, zum Einkauf, zum Briefkasten,\u2026) oder mal eine gr\u00f6\u00dfere Radtour zu machen.<\/p>\n<p>Sportliche Gr\u00fc\u00dfe<\/p>\n<p>Euer neuer H\u00f6Gy-Captain<\/p>\n<p>Joachim Gr\u00e4ber<\/p>\n<p><a href=\"https:\/\/hoegy.de\/homepage\/hgy-media\/SR-FlyerNT25-06endk.pdf\">Zum Flyer &#8220;Stadtradeln N\u00fcrtingen 2025&#8221;<\/a><\/p>\n<\/div><\/div><div class=\"w-image align_center\"><a ref=\"magnificPopup\" href=\"https:\/\/hoegy.de\/homepage\/hgy-media\/image001.png\" aria-label=\"image001\" class=\"w-image-h\"><img decoding=\"async\" width=\"301\" height=\"347\" data-src=\"https:\/\/hoegy.de\/homepage\/hgy-media\/image001.png\" class=\"attachment-full size-full lazyload\" alt=\"\" data-srcset=\"https:\/\/hoegy.de\/homepage\/hgy-media\/image001.png 301w, https:\/\/hoegy.de\/homepage\/hgy-media\/image001-173x200.png 173w, https:\/\/hoegy.de\/homepage\/hgy-media\/image001-43x50.png 43w, https:\/\/hoegy.de\/homepage\/hgy-media\/image001-87x100.png 87w\" data-sizes=\"auto, (max-width: 301px) 100vw, 301px\" src=\"data:image\/svg+xml;base64,PHN2ZyB3aWR0aD0iMSIgaGVpZ2h0PSIxIiB4bWxucz0iaHR0cDovL3d3dy53My5vcmcvMjAwMC9zdmciPjwvc3ZnPg==\" style=\"--smush-placeholder-width: 301px; --smush-placeholder-aspect-ratio: 301\/347;\" \/><\/a><\/div><\/div><\/div><\/div><\/div><\/div><\/section>\n","protected":false},"excerpt":{"rendered":"Liebe H\u00f6Gyaner und Mitradelnde, eine neue\u00a0Stadtradeln-Runde steht an. Start:\u00a0 Montag 12. Mai 2025 Ende:\u00a0 Sonntag 01. Juni 2025 Es geht darum, in diesem Zeitraum\u00a0m\u00f6glichst viele km f\u00fcr die Klasse bzw. die Schule\u00a0und schlussendlich auch f\u00fcr die Stadt N\u00fcrtingen zu\u00a0erradeln. Das letzte Jahr waren wir als H\u00f6Gyaner sehr erfolgreich.\u00a0Zwei H\u00f6Gy-Klassen erhielten die Geldpreise der Stadt N\u00fcrtingen....","protected":false},"author":8,"featured_media":13896,"comment_status":"closed","ping_status":"open","sticky":false,"template":"","format":"standard","meta":{"footnotes":""},"categories":[1],"tags":[],"class_list":["post-13891","post","type-post","status-publish","format-standard","has-post-thumbnail","hentry","category-news"],"publishpress_future_action":{"enabled":false,"date":"2026-05-03 22:00:40","action":"change-status","newStatus":"draft","terms":[],"taxonomy":"category","extraData":[]},"publishpress_future_workflow_manual_trigger":{"enabledWorkflows":[]},"_links":{"self":[{"href":"https:\/\/hoegy.de\/homepage\/wp-json\/wp\/v2\/posts\/13891","targetHints":{"allow":["GET"]}}],"collection":[{"href":"https:\/\/hoegy.de\/homepage\/wp-json\/wp\/v2\/posts"}],"about":[{"href":"https:\/\/hoegy.de\/homepage\/wp-json\/wp\/v2\/types\/post"}],"author":[{"embeddable":true,"href":"https:\/\/hoegy.de\/homepage\/wp-json\/wp\/v2\/users\/8"}],"replies":[{"embeddable":true,"href":"https:\/\/hoegy.de\/homepage\/wp-json\/wp\/v2\/comments?post=13891"}],"version-history":[{"count":2,"href":"https:\/\/hoegy.de\/homepage\/wp-json\/wp\/v2\/posts\/13891\/revisions"}],"predecessor-version":[{"id":13895,"href":"https:\/\/hoegy.de\/homepage\/wp-json\/wp\/v2\/posts\/13891\/revisions\/13895"}],"wp:featuredmedia":[{"embeddable":true,"href":"https:\/\/hoegy.de\/homepage\/wp-json\/wp\/v2\/media\/13896"}],"wp:attachment":[{"href":"https:\/\/hoegy.de\/homepage\/wp-json\/wp\/v2\/media?parent=13891"}],"wp:term":[{"taxonomy":"category","embeddable":true,"href":"https:\/\/hoegy.de\/homepage\/wp-json\/wp\/v2\/categories?post=13891"},{"taxonomy":"post_tag","embeddable":true,"href":"https:\/\/hoegy.de\/homepage\/wp-json\/wp\/v2\/tags?post=13891"}],"curies":[{"name":"wp","href":"https:\/\/api.w.org\/{rel}","templated":true}]}}