{"id":14105,"date":"2025-06-21T12:10:46","date_gmt":"2025-06-21T10:10:46","guid":{"rendered":"https:\/\/hoegy.de\/homepage\/?p=14105"},"modified":"2025-07-06T10:41:24","modified_gmt":"2025-07-06T08:41:24","slug":"spanienaustausch-2025","status":"publish","type":"post","link":"https:\/\/hoegy.de\/homepage\/spanienaustausch-2025\/","title":{"rendered":"Spanienaustausch 2025"},"content":{"rendered":"<section class=\"l-section wpb_row height_small\"><div class=\"l-section-h i-cf\"><div class=\"g-cols vc_row via_flex valign_top type_default stacking_default\"><div class=\"vc_col-sm-12 wpb_column vc_column_container\"><div class=\"vc_column-inner\"><div class=\"wpb_wrapper\"><div class=\"wpb_text_column\"><div class=\"wpb_wrapper\"><p>20 Sch\u00fclerInnen der Klassenstufe 10 (mit Spanischprofil) durften vom 06. bis 12. April 2025 eine Woche nach Vilassar de Mar zum Sch\u00fcleraustausch fliegen.<\/p>\n<p>Der Ortsname \u2013 Vilassar de MAR \u2013 verr\u00e4t es bereits: Wir verbrachten die Tage in einem h\u00fcbschen Fischerst\u00e4dtchen direkt am Meer in der N\u00e4he von Barcelona.<\/p>\n<p>Das Kulturprogramm war sehr ansprechend und vielf\u00e4ltig: Modernismo-Bauwerke Antoni Gaud\u00eds, inklusive einer spannenden F\u00fchrung durch die Sagrada Familia (noch ist das Ulmer M\u00fcnster der h\u00f6chste Kirchturm der Welt, das soll sich aber bald \u00e4ndern\u2026), Stadtrallye durch das gotische Viertel Barcelonas, Salsa-Workshop in der Schule, Besuch des Unterrichts einer spanischen Gesamtschule, Strand, \u2026.<\/p>\n<p>Zudem rundeten zahlreiche Aktivit\u00e4ten mit den Gastfamilien das Programm ab: Es wurde u.a. die typische Paella gekocht, Ausfl\u00fcge in die Umgebung unternommen, im Sonnenuntergang auf der nahegelegenen Burgruine getanzt, \u2026<\/p>\n<p>M\u00fcde aber zufrieden sind wir nach einer Woche des kulturellen Austauschs wieder heimgekehrt.<\/p>\n<p>Die Sch\u00fclerInnen haben in kurzen Berichten ihre Eindr\u00fccke in Schrift und Bild festgehalten.<\/p>\n<p>Der Austausch war f\u00fcr alle Beteiligten ein voller Erfolg: \u00a1Nos lo pasamos fenomenal!<\/p>\n<p style=\"text-align: right;\"><em>Rebekka Dolde<\/em><\/p>\n<\/div><\/div><\/div><\/div><\/div><\/div><\/div><\/section><section class=\"l-section wpb_row height_small\"><div class=\"l-section-h i-cf\"><div class=\"g-cols vc_row via_flex valign_top type_default stacking_default\"><div class=\"vc_col-sm-12 wpb_column vc_column_container\"><div class=\"vc_column-inner\"><div class=\"wpb_wrapper\"><div class=\"w-image align_none\"><div class=\"w-image-h\"><img decoding=\"async\" width=\"1024\" height=\"768\" data-src=\"https:\/\/hoegy.de\/homepage\/hgy-media\/20250412_175036-1024x768.jpg\" class=\"attachment-large size-large lazyload\" alt=\"\" data-srcset=\"https:\/\/hoegy.de\/homepage\/hgy-media\/20250412_175036-1024x768.jpg 1024w, https:\/\/hoegy.de\/homepage\/hgy-media\/20250412_175036-200x150.jpg 200w, https:\/\/hoegy.de\/homepage\/hgy-media\/20250412_175036-600x450.jpg 600w, https:\/\/hoegy.de\/homepage\/hgy-media\/20250412_175036-50x37.jpg 50w, https:\/\/hoegy.de\/homepage\/hgy-media\/20250412_175036-100x75.jpg 100w, https:\/\/hoegy.de\/homepage\/hgy-media\/20250412_175036-1320x990.jpg 1320w\" data-sizes=\"auto, (max-width: 1024px) 100vw, 1024px\" src=\"data:image\/svg+xml;base64,PHN2ZyB3aWR0aD0iMSIgaGVpZ2h0PSIxIiB4bWxucz0iaHR0cDovL3d3dy53My5vcmcvMjAwMC9zdmciPjwvc3ZnPg==\" style=\"--smush-placeholder-width: 1024px; --smush-placeholder-aspect-ratio: 1024\/768;\" \/><\/div><\/div><div class=\"w-video align_none ratio_16x9\"><div class=\"w-video-h\"><video  preload=\"metadata\" playsinline controls><source type=\"video\/mp4\" src=\"https:\/\/hoegy.de\/homepage\/hgy-media\/lv_0_20250513162013.mp4\" \/><\/video><\/div><\/div><div class=\"w-video align_none ratio_16x9\"><div class=\"w-video-h\"><video  preload=\"metadata\" playsinline controls><source type=\"video\/mp4\" src=\"https:\/\/hoegy.de\/homepage\/hgy-media\/Screen_Recording_20250524_011230_CapCut.mp4\" \/><\/video><\/div><\/div><\/div><\/div><\/div><\/div><\/div><\/section>\n","protected":false},"excerpt":{"rendered":"20 Sch\u00fclerInnen der Klassenstufe 10 (mit Spanischprofil) durften vom 06. bis 12. April 2025 eine Woche nach Vilassar de Mar zum Sch\u00fcleraustausch fliegen. Der Ortsname \u2013 Vilassar de MAR \u2013 verr\u00e4t es bereits: Wir verbrachten die Tage in einem h\u00fcbschen Fischerst\u00e4dtchen direkt am Meer in der N\u00e4he von Barcelona. Das Kulturprogramm war sehr ansprechend und...","protected":false},"author":8,"featured_media":14218,"comment_status":"closed","ping_status":"open","sticky":false,"template":"","format":"standard","meta":{"footnotes":""},"categories":[1],"tags":[],"class_list":["post-14105","post","type-post","status-publish","format-standard","has-post-thumbnail","hentry","category-news"],"publishpress_future_action":{"enabled":false,"date":"2026-05-04 00:19:16","action":"change-status","newStatus":"draft","terms":[],"taxonomy":"category","extraData":[]},"publishpress_future_workflow_manual_trigger":{"enabledWorkflows":[]},"_links":{"self":[{"href":"https:\/\/hoegy.de\/homepage\/wp-json\/wp\/v2\/posts\/14105","targetHints":{"allow":["GET"]}}],"collection":[{"href":"https:\/\/hoegy.de\/homepage\/wp-json\/wp\/v2\/posts"}],"about":[{"href":"https:\/\/hoegy.de\/homepage\/wp-json\/wp\/v2\/types\/post"}],"author":[{"embeddable":true,"href":"https:\/\/hoegy.de\/homepage\/wp-json\/wp\/v2\/users\/8"}],"replies":[{"embeddable":true,"href":"https:\/\/hoegy.de\/homepage\/wp-json\/wp\/v2\/comments?post=14105"}],"version-history":[{"count":4,"href":"https:\/\/hoegy.de\/homepage\/wp-json\/wp\/v2\/posts\/14105\/revisions"}],"predecessor-version":[{"id":14222,"href":"https:\/\/hoegy.de\/homepage\/wp-json\/wp\/v2\/posts\/14105\/revisions\/14222"}],"wp:featuredmedia":[{"embeddable":true,"href":"https:\/\/hoegy.de\/homepage\/wp-json\/wp\/v2\/media\/14218"}],"wp:attachment":[{"href":"https:\/\/hoegy.de\/homepage\/wp-json\/wp\/v2\/media?parent=14105"}],"wp:term":[{"taxonomy":"category","embeddable":true,"href":"https:\/\/hoegy.de\/homepage\/wp-json\/wp\/v2\/categories?post=14105"},{"taxonomy":"post_tag","embeddable":true,"href":"https:\/\/hoegy.de\/homepage\/wp-json\/wp\/v2\/tags?post=14105"}],"curies":[{"name":"wp","href":"https:\/\/api.w.org\/{rel}","templated":true}]}}