{"id":14154,"date":"2025-07-01T08:49:48","date_gmt":"2025-07-01T06:49:48","guid":{"rendered":"https:\/\/hoegy.de\/homepage\/?p=14154"},"modified":"2025-07-01T08:49:48","modified_gmt":"2025-07-01T06:49:48","slug":"der-luth-kurs-praesentiert-eden","status":"publish","type":"post","link":"https:\/\/hoegy.de\/homepage\/der-luth-kurs-praesentiert-eden\/","title":{"rendered":"Der LuTh-Kurs pr\u00e4sentiert: EDEN"},"content":{"rendered":"<section class=\"l-section wpb_row height_small\"><div class=\"l-section-h i-cf\"><div class=\"g-cols vc_row via_flex valign_top type_default stacking_default\"><div class=\"vc_col-sm-12 wpb_column vc_column_container\"><div class=\"vc_column-inner\"><div class=\"wpb_wrapper\"><div class=\"wpb_text_column\"><div class=\"wpb_wrapper\"><p>Ein Highlight jagt das n\u00e4chste: Kaum ist das Unterstufenmusical vorbei, steht die Theaterauff\u00fchrung unserer Abiturienten an. Der LuTh-Kurs der KS2 pr\u00e4sentiert<span>\u00a0<\/span><i>Eden<\/i>\u00a0<i>&#8211; eine ernste Science-Fiction-Kom\u00f6die<\/i>.<\/p>\n<p><strong>Die Auff\u00fchrung findet am Mittwoch, 9. Juli, 19 Uhr, im Festsaal statt<\/strong><\/p>\n<p><b><u>Worum geht es?<\/u><\/b><\/p>\n<p>In einer Welt in gar nicht allzu ferner Zukunft geht es den Menschen toll: Man lebt ein vollversorgtes Leben und wird von Robotern bedient, die einem ohnehin alle Bereiche des Alltags l\u00e4ngst abgenommen haben. \u00dcberhaupt kontrollieren Maschinen und KI inzwischen alles. Die einzige Besch\u00e4ftigung des ehemaligen &#8220;Humankapitals&#8221; stellt ein Wettkampf dar, bei dem man den &#8220;perfekten Zustand&#8221; gewinnen kann. Und irgendwo zwischen Konkurrenzkampf, Selbstoptimierung und Paarungsplanung stellt sich einmal mehr die Frage, was den Menschen eigentlich zum Menschen macht.<\/p>\n<p>Der Eintritt zu der Veranstaltung ist frei.<\/p>\n<\/div><\/div><div class=\"w-image align_none\"><a ref=\"magnificPopup\" href=\"https:\/\/hoegy.de\/homepage\/hgy-media\/Flyer-Eden-1.png\" aria-label=\"Flyer Eden\" class=\"w-image-h\"><img decoding=\"async\" width=\"1240\" height=\"1443\" data-src=\"https:\/\/hoegy.de\/homepage\/hgy-media\/Flyer-Eden-1.png\" class=\"attachment-full size-full lazyload\" alt=\"\" data-srcset=\"https:\/\/hoegy.de\/homepage\/hgy-media\/Flyer-Eden-1.png 1240w, https:\/\/hoegy.de\/homepage\/hgy-media\/Flyer-Eden-1-172x200.png 172w, https:\/\/hoegy.de\/homepage\/hgy-media\/Flyer-Eden-1-880x1024.png 880w, https:\/\/hoegy.de\/homepage\/hgy-media\/Flyer-Eden-1-511x595.png 511w, https:\/\/hoegy.de\/homepage\/hgy-media\/Flyer-Eden-1-43x50.png 43w, https:\/\/hoegy.de\/homepage\/hgy-media\/Flyer-Eden-1-86x100.png 86w\" data-sizes=\"auto, (max-width: 1240px) 100vw, 1240px\" src=\"data:image\/svg+xml;base64,PHN2ZyB3aWR0aD0iMSIgaGVpZ2h0PSIxIiB4bWxucz0iaHR0cDovL3d3dy53My5vcmcvMjAwMC9zdmciPjwvc3ZnPg==\" style=\"--smush-placeholder-width: 1240px; --smush-placeholder-aspect-ratio: 1240\/1443;\" \/><\/a><\/div><\/div><\/div><\/div><\/div><\/div><\/section>\n","protected":false},"excerpt":{"rendered":"Ein Highlight jagt das n\u00e4chste: Kaum ist das Unterstufenmusical vorbei, steht die Theaterauff\u00fchrung unserer Abiturienten an. Der LuTh-Kurs der KS2 pr\u00e4sentiert\u00a0Eden\u00a0&#8211; eine ernste Science-Fiction-Kom\u00f6die. Die Auff\u00fchrung findet am Mittwoch, 9. Juli, 19 Uhr, im Festsaal statt Worum geht es? In einer Welt in gar nicht allzu ferner Zukunft geht es den Menschen toll: Man lebt...","protected":false},"author":8,"featured_media":14156,"comment_status":"closed","ping_status":"open","sticky":false,"template":"","format":"standard","meta":{"footnotes":""},"categories":[1],"tags":[],"class_list":["post-14154","post","type-post","status-publish","format-standard","has-post-thumbnail","hentry","category-news"],"publishpress_future_action":{"enabled":false,"date":"2026-05-04 00:17:48","action":"change-status","newStatus":"draft","terms":[],"taxonomy":"category","extraData":[]},"publishpress_future_workflow_manual_trigger":{"enabledWorkflows":[]},"_links":{"self":[{"href":"https:\/\/hoegy.de\/homepage\/wp-json\/wp\/v2\/posts\/14154","targetHints":{"allow":["GET"]}}],"collection":[{"href":"https:\/\/hoegy.de\/homepage\/wp-json\/wp\/v2\/posts"}],"about":[{"href":"https:\/\/hoegy.de\/homepage\/wp-json\/wp\/v2\/types\/post"}],"author":[{"embeddable":true,"href":"https:\/\/hoegy.de\/homepage\/wp-json\/wp\/v2\/users\/8"}],"replies":[{"embeddable":true,"href":"https:\/\/hoegy.de\/homepage\/wp-json\/wp\/v2\/comments?post=14154"}],"version-history":[{"count":1,"href":"https:\/\/hoegy.de\/homepage\/wp-json\/wp\/v2\/posts\/14154\/revisions"}],"predecessor-version":[{"id":14157,"href":"https:\/\/hoegy.de\/homepage\/wp-json\/wp\/v2\/posts\/14154\/revisions\/14157"}],"wp:featuredmedia":[{"embeddable":true,"href":"https:\/\/hoegy.de\/homepage\/wp-json\/wp\/v2\/media\/14156"}],"wp:attachment":[{"href":"https:\/\/hoegy.de\/homepage\/wp-json\/wp\/v2\/media?parent=14154"}],"wp:term":[{"taxonomy":"category","embeddable":true,"href":"https:\/\/hoegy.de\/homepage\/wp-json\/wp\/v2\/categories?post=14154"},{"taxonomy":"post_tag","embeddable":true,"href":"https:\/\/hoegy.de\/homepage\/wp-json\/wp\/v2\/tags?post=14154"}],"curies":[{"name":"wp","href":"https:\/\/api.w.org\/{rel}","templated":true}]}}