{"id":14158,"date":"2025-07-26T13:01:58","date_gmt":"2025-07-26T11:01:58","guid":{"rendered":"https:\/\/hoegy.de\/homepage\/?p=14158"},"modified":"2025-07-26T15:23:30","modified_gmt":"2025-07-26T13:23:30","slug":"einladung-zum-sommerkonzert-2","status":"publish","type":"post","link":"https:\/\/hoegy.de\/homepage\/einladung-zum-sommerkonzert-2\/","title":{"rendered":"Einladung zum Sommerkonzert"},"content":{"rendered":"<section class=\"l-section wpb_row height_small\"><div class=\"l-section-h i-cf\"><div class=\"g-cols vc_row via_flex valign_top type_default stacking_default\"><div class=\"vc_col-sm-12 wpb_column vc_column_container\"><div class=\"vc_column-inner\"><div class=\"wpb_wrapper\"><div class=\"wpb_text_column\"><div class=\"wpb_wrapper\"><p>Liebe Freunde der H\u00f6Gy-Musik, liebe Musikbegeisterte,<\/p>\n<p>wir laden Sie herzlich zum diesj\u00e4hrigen Sommerkonzert des H\u00f6Gy-Sinfonieorchesters ein.<br \/>\nLassen Sie sich begleitet von \u00fcber 60 Mitwirkenden auf eine sinfonisch besetzte Reise durch verschiedene Stile und Gattungen mitnehmen, auf der es allerhand zu erleben gibt. In Ausschnitten aus romantischen Solokonzerten von Faur\u00e9 (die zauberhafte \u00c9l\u00e9gie), Lalo (der<br \/>\nst\u00fcrmische 1. Satz aus der Symphonie Espagnole) und Rachmaninow (der ber\u00fchmte langsame Satz aus dem 2. Klavierkonzert) werde die Abiturient*innen Lena Seyfang (Violoncello), Felix Recke (Violine) und Sarah Wiebe (Klavier) ihr K\u00f6nnen zeigen.<br \/>\nAu\u00dferdem gibt es reichlich selten zu h\u00f6rende Werke zu entdecken: die Ouvert\u00fcre zur Operette<em> Der Carneval in Rom<\/em> des diesj\u00e4hrigen Jubilars Johann Strau\u00df (Sohn) und die Schauspielmusik zu Shakespeares Othello des britischen Komponisten Samuel Coleridge-Taylor sind, v\u00f6llig zu Unrecht, hierzulande kaum in den Konzerts\u00e4len zu h\u00f6ren. Hier wird mit hoher Wahrscheinlichkeit die ein oder andere N\u00fcrtinger Erstauff\u00fchrung zu erleben sein.<br \/>\nIn bew\u00e4hrter Tradition haben auch Filmmusik und Musical ihren Platz im Programm: In Musik aus dem Animationsfilm <em>Drachenz\u00e4hmen leicht gemacht<\/em> und einem gro\u00dfen Querschnitt aus dem Erfolgsmusical <em>The Sound of Music<\/em> werden alle Register des Orchesters von der Piccolofl\u00f6te \u00fcber die Harfe bis zur Tuba gefordert sein.<\/p>\n<p><strong>Das Konzert findet am Sonntag, 27. Juli 2025, um 19 Uhr in der Rudolf-Steiner-Schule (Am Lerchenberg 60) statt.<\/strong><\/p>\n<p><strong>Kostenlose Eintrittskarten (am Ausgang bitten wir um eine Spende) sind ab sofort auf <a href=\"http:\/\/tickets.hoegy.de\">tickets.hoegy.de<\/a> erh\u00e4ltlich.<\/strong><\/p>\n<p>\u00dcber Ihre Teilnahme an diesem besonderen Konzert freuen sich alle Mitwirkenden.<\/p>\n<\/div><\/div><div class=\"w-image align_none\"><a ref=\"magnificPopup\" href=\"https:\/\/hoegy.de\/homepage\/hgy-media\/Screenshot-2025-07-01-085854.jpg\" aria-label=\"Screenshot 2025-07-01 085854\" class=\"w-image-h\"><img decoding=\"async\" width=\"668\" height=\"928\" data-src=\"https:\/\/hoegy.de\/homepage\/hgy-media\/Screenshot-2025-07-01-085854.jpg\" class=\"attachment-full size-full lazyload\" alt=\"\" data-srcset=\"https:\/\/hoegy.de\/homepage\/hgy-media\/Screenshot-2025-07-01-085854.jpg 668w, https:\/\/hoegy.de\/homepage\/hgy-media\/Screenshot-2025-07-01-085854-144x200.jpg 144w, https:\/\/hoegy.de\/homepage\/hgy-media\/Screenshot-2025-07-01-085854-428x595.jpg 428w, https:\/\/hoegy.de\/homepage\/hgy-media\/Screenshot-2025-07-01-085854-36x50.jpg 36w, https:\/\/hoegy.de\/homepage\/hgy-media\/Screenshot-2025-07-01-085854-72x100.jpg 72w\" data-sizes=\"auto, (max-width: 668px) 100vw, 668px\" src=\"data:image\/svg+xml;base64,PHN2ZyB3aWR0aD0iMSIgaGVpZ2h0PSIxIiB4bWxucz0iaHR0cDovL3d3dy53My5vcmcvMjAwMC9zdmciPjwvc3ZnPg==\" style=\"--smush-placeholder-width: 668px; --smush-placeholder-aspect-ratio: 668\/928;\" \/><\/a><\/div><\/div><\/div><\/div><\/div><\/div><\/section>\n","protected":false},"excerpt":{"rendered":"Liebe Freunde der H\u00f6Gy-Musik, liebe Musikbegeisterte, wir laden Sie herzlich zum diesj\u00e4hrigen Sommerkonzert des H\u00f6Gy-Sinfonieorchesters ein. Lassen Sie sich begleitet von \u00fcber 60 Mitwirkenden auf eine sinfonisch besetzte Reise durch verschiedene Stile und Gattungen mitnehmen, auf der es allerhand zu erleben gibt. In Ausschnitten aus romantischen Solokonzerten von Faur\u00e9 (die zauberhafte \u00c9l\u00e9gie), Lalo (der st\u00fcrmische...","protected":false},"author":8,"featured_media":14162,"comment_status":"closed","ping_status":"open","sticky":false,"template":"","format":"standard","meta":{"footnotes":""},"categories":[1],"tags":[],"class_list":["post-14158","post","type-post","status-publish","format-standard","has-post-thumbnail","hentry","category-news"],"publishpress_future_action":{"enabled":false,"date":"2026-05-04 04:12:52","action":"change-status","newStatus":"draft","terms":[],"taxonomy":"category","extraData":[]},"publishpress_future_workflow_manual_trigger":{"enabledWorkflows":[]},"_links":{"self":[{"href":"https:\/\/hoegy.de\/homepage\/wp-json\/wp\/v2\/posts\/14158","targetHints":{"allow":["GET"]}}],"collection":[{"href":"https:\/\/hoegy.de\/homepage\/wp-json\/wp\/v2\/posts"}],"about":[{"href":"https:\/\/hoegy.de\/homepage\/wp-json\/wp\/v2\/types\/post"}],"author":[{"embeddable":true,"href":"https:\/\/hoegy.de\/homepage\/wp-json\/wp\/v2\/users\/8"}],"replies":[{"embeddable":true,"href":"https:\/\/hoegy.de\/homepage\/wp-json\/wp\/v2\/comments?post=14158"}],"version-history":[{"count":2,"href":"https:\/\/hoegy.de\/homepage\/wp-json\/wp\/v2\/posts\/14158\/revisions"}],"predecessor-version":[{"id":14161,"href":"https:\/\/hoegy.de\/homepage\/wp-json\/wp\/v2\/posts\/14158\/revisions\/14161"}],"wp:featuredmedia":[{"embeddable":true,"href":"https:\/\/hoegy.de\/homepage\/wp-json\/wp\/v2\/media\/14162"}],"wp:attachment":[{"href":"https:\/\/hoegy.de\/homepage\/wp-json\/wp\/v2\/media?parent=14158"}],"wp:term":[{"taxonomy":"category","embeddable":true,"href":"https:\/\/hoegy.de\/homepage\/wp-json\/wp\/v2\/categories?post=14158"},{"taxonomy":"post_tag","embeddable":true,"href":"https:\/\/hoegy.de\/homepage\/wp-json\/wp\/v2\/tags?post=14158"}],"curies":[{"name":"wp","href":"https:\/\/api.w.org\/{rel}","templated":true}]}}