{"id":14163,"date":"2025-07-03T12:38:24","date_gmt":"2025-07-03T10:38:24","guid":{"rendered":"https:\/\/hoegy.de\/homepage\/?p=14163"},"modified":"2025-07-03T12:38:24","modified_gmt":"2025-07-03T10:38:24","slug":"erfolg-beim-stadtradeln","status":"publish","type":"post","link":"https:\/\/hoegy.de\/homepage\/erfolg-beim-stadtradeln\/","title":{"rendered":"Erfolg beim Stadtradeln"},"content":{"rendered":"<section class=\"l-section wpb_row height_small\"><div class=\"l-section-h i-cf\"><div class=\"g-cols vc_row via_flex valign_top type_default stacking_default\"><div class=\"vc_col-sm-12 wpb_column vc_column_container\"><div class=\"vc_column-inner\"><div class=\"wpb_wrapper\"><div class=\"wpb_text_column\"><div class=\"wpb_wrapper\"><p><span>Am Montag, 30.05., durfte eine Delegation des H\u00f6Gy zum Landratsamt nach Plochingen. In der dortigen Mehrzweckhalle wurden von Landrat Marcel Musolf die Preistr\u00e4ger der Aktion &#8220;Stadtradeln 2025&#8221; geehrt. Das H\u00f6Gy erreichte bei den Schulen den ersten Platz in N\u00fcrtingen und die drittbeste Leistung im Landkreis und konnte sich \u00fcber eine Urkunde und ein Preisgeld von 300 Euro freuen. Vielen Dank an alle, die zu den insgesamt erreichten 55.017 Kilometern f\u00fcr das H\u00f6Gy beigetragen haben!<\/span><\/p>\n<\/div><\/div><div class=\"w-image align_none\"><a ref=\"magnificPopup\" href=\"https:\/\/hoegy.de\/homepage\/hgy-media\/20250630_174109-scaled.jpg\" aria-label=\"20250630_174109\" class=\"w-image-h\"><img decoding=\"async\" width=\"2560\" height=\"1920\" data-src=\"https:\/\/hoegy.de\/homepage\/hgy-media\/20250630_174109-scaled.jpg\" class=\"attachment-full size-full lazyload\" alt=\"\" data-srcset=\"https:\/\/hoegy.de\/homepage\/hgy-media\/20250630_174109-scaled.jpg 2560w, https:\/\/hoegy.de\/homepage\/hgy-media\/20250630_174109-200x150.jpg 200w, https:\/\/hoegy.de\/homepage\/hgy-media\/20250630_174109-1024x768.jpg 1024w, https:\/\/hoegy.de\/homepage\/hgy-media\/20250630_174109-600x450.jpg 600w, https:\/\/hoegy.de\/homepage\/hgy-media\/20250630_174109-50x38.jpg 50w, https:\/\/hoegy.de\/homepage\/hgy-media\/20250630_174109-100x75.jpg 100w, https:\/\/hoegy.de\/homepage\/hgy-media\/20250630_174109-1320x990.jpg 1320w\" data-sizes=\"auto, (max-width: 2560px) 100vw, 2560px\" src=\"data:image\/svg+xml;base64,PHN2ZyB3aWR0aD0iMSIgaGVpZ2h0PSIxIiB4bWxucz0iaHR0cDovL3d3dy53My5vcmcvMjAwMC9zdmciPjwvc3ZnPg==\" style=\"--smush-placeholder-width: 2560px; --smush-placeholder-aspect-ratio: 2560\/1920;\" \/><\/a><\/div><\/div><\/div><\/div><\/div><\/div><\/section>\n","protected":false},"excerpt":{"rendered":"Am Montag, 30.05., durfte eine Delegation des H\u00f6Gy zum Landratsamt nach Plochingen. In der dortigen Mehrzweckhalle wurden von Landrat Marcel Musolf die Preistr\u00e4ger der Aktion &#8220;Stadtradeln 2025&#8221; geehrt. Das H\u00f6Gy erreichte bei den Schulen den ersten Platz in N\u00fcrtingen und die drittbeste Leistung im Landkreis und konnte sich \u00fcber eine Urkunde und ein Preisgeld von...","protected":false},"author":8,"featured_media":14164,"comment_status":"closed","ping_status":"open","sticky":false,"template":"","format":"standard","meta":{"footnotes":""},"categories":[1],"tags":[],"class_list":["post-14163","post","type-post","status-publish","format-standard","has-post-thumbnail","hentry","category-news"],"publishpress_future_action":{"enabled":false,"date":"2026-05-04 02:12:35","action":"change-status","newStatus":"draft","terms":[],"taxonomy":"category","extraData":[]},"publishpress_future_workflow_manual_trigger":{"enabledWorkflows":[]},"_links":{"self":[{"href":"https:\/\/hoegy.de\/homepage\/wp-json\/wp\/v2\/posts\/14163","targetHints":{"allow":["GET"]}}],"collection":[{"href":"https:\/\/hoegy.de\/homepage\/wp-json\/wp\/v2\/posts"}],"about":[{"href":"https:\/\/hoegy.de\/homepage\/wp-json\/wp\/v2\/types\/post"}],"author":[{"embeddable":true,"href":"https:\/\/hoegy.de\/homepage\/wp-json\/wp\/v2\/users\/8"}],"replies":[{"embeddable":true,"href":"https:\/\/hoegy.de\/homepage\/wp-json\/wp\/v2\/comments?post=14163"}],"version-history":[{"count":1,"href":"https:\/\/hoegy.de\/homepage\/wp-json\/wp\/v2\/posts\/14163\/revisions"}],"predecessor-version":[{"id":14165,"href":"https:\/\/hoegy.de\/homepage\/wp-json\/wp\/v2\/posts\/14163\/revisions\/14165"}],"wp:featuredmedia":[{"embeddable":true,"href":"https:\/\/hoegy.de\/homepage\/wp-json\/wp\/v2\/media\/14164"}],"wp:attachment":[{"href":"https:\/\/hoegy.de\/homepage\/wp-json\/wp\/v2\/media?parent=14163"}],"wp:term":[{"taxonomy":"category","embeddable":true,"href":"https:\/\/hoegy.de\/homepage\/wp-json\/wp\/v2\/categories?post=14163"},{"taxonomy":"post_tag","embeddable":true,"href":"https:\/\/hoegy.de\/homepage\/wp-json\/wp\/v2\/tags?post=14163"}],"curies":[{"name":"wp","href":"https:\/\/api.w.org\/{rel}","templated":true}]}}