{"id":14284,"date":"2025-07-10T21:35:15","date_gmt":"2025-07-10T19:35:15","guid":{"rendered":"https:\/\/hoegy.de\/homepage\/?p=14284"},"modified":"2025-07-10T21:35:15","modified_gmt":"2025-07-10T19:35:15","slug":"blaeserklasse-tritt-bei-nuertingen-klingt-gut-auf","status":"publish","type":"post","link":"https:\/\/hoegy.de\/homepage\/blaeserklasse-tritt-bei-nuertingen-klingt-gut-auf\/","title":{"rendered":"Bl\u00e4serklasse tritt bei &#8220;N\u00fcrtingen klingt gut&#8221; auf"},"content":{"rendered":"<section class=\"l-section wpb_row height_small\"><div class=\"l-section-h i-cf\"><div class=\"g-cols vc_row via_flex valign_top type_default stacking_default\"><div class=\"vc_col-sm-12 wpb_column vc_column_container\"><div class=\"vc_column-inner\"><div class=\"wpb_wrapper\"><div class=\"wpb_text_column\"><div class=\"wpb_wrapper\"><p>Unsere Bl\u00e4serklasse fiebert ihrem ersten \u00f6ffentlichen Auftritt entgegen. In den letzten Wochen haben die jungen Instrumentalist*innen gemeinsam mit den Bl\u00e4serklassen der Braikeschule und der GSR sowie der Bl\u00e4serbande der Stadtkapelle als gro\u00dfes Blasorchester ein Programm einstudiert, das am kommenden Samstag, dem 12. Juli, um 10:30 Uhr im Rahmen von &#8220;N\u00fcrtingen klingt gut&#8221; vor der Stadthalle K3N zu h\u00f6ren sein wird. Herzliche Einladung!<\/p>\n<p>N\u00e4here Informationen: <a href=\"https:\/\/www.musikschule-nuertingen.de\/veranstaltungen\/n%C3%BCrtingen-klingt-gut\">N\u00fcrtingen klingt gut<\/a><\/p>\n<\/div><\/div><div class=\"w-image align_none\"><a ref=\"magnificPopup\" href=\"https:\/\/hoegy.de\/homepage\/hgy-media\/IMG_4111-scaled.jpeg\" aria-label=\"IMG_4111\" class=\"w-image-h\"><img decoding=\"async\" width=\"2560\" height=\"1920\" data-src=\"https:\/\/hoegy.de\/homepage\/hgy-media\/IMG_4111-scaled.jpeg\" class=\"attachment-full size-full lazyload\" alt=\"\" data-srcset=\"https:\/\/hoegy.de\/homepage\/hgy-media\/IMG_4111-scaled.jpeg 2560w, https:\/\/hoegy.de\/homepage\/hgy-media\/IMG_4111-200x150.jpeg 200w, https:\/\/hoegy.de\/homepage\/hgy-media\/IMG_4111-1024x768.jpeg 1024w, https:\/\/hoegy.de\/homepage\/hgy-media\/IMG_4111-600x450.jpeg 600w, https:\/\/hoegy.de\/homepage\/hgy-media\/IMG_4111-50x38.jpeg 50w, https:\/\/hoegy.de\/homepage\/hgy-media\/IMG_4111-100x75.jpeg 100w, https:\/\/hoegy.de\/homepage\/hgy-media\/IMG_4111-1320x990.jpeg 1320w\" data-sizes=\"auto, (max-width: 2560px) 100vw, 2560px\" src=\"data:image\/svg+xml;base64,PHN2ZyB3aWR0aD0iMSIgaGVpZ2h0PSIxIiB4bWxucz0iaHR0cDovL3d3dy53My5vcmcvMjAwMC9zdmciPjwvc3ZnPg==\" style=\"--smush-placeholder-width: 2560px; --smush-placeholder-aspect-ratio: 2560\/1920;\" \/><\/a><\/div><\/div><\/div><\/div><\/div><\/div><\/section>\n","protected":false},"excerpt":{"rendered":"Unsere Bl\u00e4serklasse fiebert ihrem ersten \u00f6ffentlichen Auftritt entgegen. In den letzten Wochen haben die jungen Instrumentalist*innen gemeinsam mit den Bl\u00e4serklassen der Braikeschule und der GSR sowie der Bl\u00e4serbande der Stadtkapelle als gro\u00dfes Blasorchester ein Programm einstudiert, das am kommenden Samstag, dem 12. Juli, um 10:30 Uhr im Rahmen von &#8220;N\u00fcrtingen klingt gut&#8221; vor der Stadthalle...","protected":false},"author":8,"featured_media":14285,"comment_status":"closed","ping_status":"open","sticky":false,"template":"","format":"standard","meta":{"footnotes":""},"categories":[1],"tags":[],"class_list":["post-14284","post","type-post","status-publish","format-standard","has-post-thumbnail","hentry","category-news"],"publishpress_future_action":{"enabled":false,"date":"2026-05-04 04:12:51","action":"change-status","newStatus":"draft","terms":[],"taxonomy":"category","extraData":[]},"publishpress_future_workflow_manual_trigger":{"enabledWorkflows":[]},"_links":{"self":[{"href":"https:\/\/hoegy.de\/homepage\/wp-json\/wp\/v2\/posts\/14284","targetHints":{"allow":["GET"]}}],"collection":[{"href":"https:\/\/hoegy.de\/homepage\/wp-json\/wp\/v2\/posts"}],"about":[{"href":"https:\/\/hoegy.de\/homepage\/wp-json\/wp\/v2\/types\/post"}],"author":[{"embeddable":true,"href":"https:\/\/hoegy.de\/homepage\/wp-json\/wp\/v2\/users\/8"}],"replies":[{"embeddable":true,"href":"https:\/\/hoegy.de\/homepage\/wp-json\/wp\/v2\/comments?post=14284"}],"version-history":[{"count":1,"href":"https:\/\/hoegy.de\/homepage\/wp-json\/wp\/v2\/posts\/14284\/revisions"}],"predecessor-version":[{"id":14286,"href":"https:\/\/hoegy.de\/homepage\/wp-json\/wp\/v2\/posts\/14284\/revisions\/14286"}],"wp:featuredmedia":[{"embeddable":true,"href":"https:\/\/hoegy.de\/homepage\/wp-json\/wp\/v2\/media\/14285"}],"wp:attachment":[{"href":"https:\/\/hoegy.de\/homepage\/wp-json\/wp\/v2\/media?parent=14284"}],"wp:term":[{"taxonomy":"category","embeddable":true,"href":"https:\/\/hoegy.de\/homepage\/wp-json\/wp\/v2\/categories?post=14284"},{"taxonomy":"post_tag","embeddable":true,"href":"https:\/\/hoegy.de\/homepage\/wp-json\/wp\/v2\/tags?post=14284"}],"curies":[{"name":"wp","href":"https:\/\/api.w.org\/{rel}","templated":true}]}}