{"id":14320,"date":"2025-07-17T16:08:28","date_gmt":"2025-07-17T14:08:28","guid":{"rendered":"https:\/\/hoegy.de\/homepage\/?p=14320"},"modified":"2025-07-17T16:08:28","modified_gmt":"2025-07-17T14:08:28","slug":"wie-ein-imagefilm-entsteht","status":"publish","type":"post","link":"https:\/\/hoegy.de\/homepage\/wie-ein-imagefilm-entsteht\/","title":{"rendered":"Wie ein Imagefilm entsteht\u2026"},"content":{"rendered":"<section class=\"l-section wpb_row height_small\"><div class=\"l-section-h i-cf\"><div class=\"g-cols vc_row via_flex valign_top type_default stacking_default\"><div class=\"vc_col-sm-12 wpb_column vc_column_container\"><div class=\"vc_column-inner\"><div class=\"wpb_wrapper\"><div class=\"wpb_text_column\"><div class=\"wpb_wrapper\"><p>\u2026bekamen 3 unserer H\u00f6Gy -Sch\u00fclerinnen und Sch\u00fcler am 14. und 15.7. hautnah mit.<\/p>\n<p>Yva-Coco Kleck (Klasse 5a), Selena Ana Panduru (Klasse 5a) und Philipp Ladewig (KS 1) f\u00fchrten dabei mit Witz, Charme und unersch\u00fctterlicher Ausdauer und Durchhalteverm\u00f6gen als \u201eModeratoren-Trio\u201c durch das Video. Rund 14 Stunden dauerte der Dreh an beiden Tagen insgesamt.<\/p>\n<p>Die Drehbedingungen waren \u201egut\u201c, wenngleich auch ein Au\u00dfendreh abgebrochen und verlegt werden musste, da die Tonaufnahmen bei st\u00fcrmischen B\u00f6en und einsetzendem Regen schlichtweg unm\u00f6glich waren. Auch die Panorama-Szene an der H\u00f6Gy-eigenen Grillstelle musste aufgrund schwarzen Horizonts am Montag auf den n\u00e4chsten Tag verlegt werden.<\/p>\n<p>Nicht immer war es einfach die Takes innerhalb des Schulhauses zu filmen. Oftmals hat man sich gewundert, wo denn w\u00e4hrend des Unterrichts all die Ger\u00e4usche aus dem Schulhaus ans Set durchdringen konnten \u2013 aber letztlich bietet unser Geb\u00e4ude einfach viele Arbeitsst\u00e4tten auch au\u00dferhalb des Klassenzimmers, die ebenfalls Drehorte darstellten.<\/p>\n<p>Durch die gute Vorbereitung der Darsteller und die von ausgew\u00e4hlten Klassen und deren LehrerInnen bestens vorbereiteten Szeneninhalte blieb man grunds\u00e4tzlich im straff getakteten Zeitplan.<\/p>\n<p>Jetzt liegt es an dem kompetenten Kamerateam &#8211; Tilo und Alexander Turian (ehemals H\u00f6Gy-Sch\u00fcler-), die uns ein h\u00f6chstprofessionelles Video \u00fcber unser H\u00f6Gy zusammenbasteln werden.<\/p>\n<p>Wir sind schon sehr gespannt!<\/p>\n<p>Herzlichen Dank an alle Mitwirkenden!<\/p>\n<p style=\"text-align: right;\"><em>Kerstin Laumanns<\/em><\/p>\n<\/div><\/div><div class=\"w-slider style_none fit_scaledown nav_none count_7\"><div class=\"w-slider-h\" aria-hidden=\"true\"><div class=\"royalSlider\"><div class=\"rsContent\"><a class=\"rsImg\" data-rsw=\"576\" data-rsh=\"1024\" data-rsBigImg=\"https:\/\/hoegy.de\/homepage\/hgy-media\/IMG_20250714_133001692_HDR-scaled.jpg\" href=\"https:\/\/hoegy.de\/homepage\/hgy-media\/IMG_20250714_133001692_HDR-576x1024.jpg\"><span data-alt=\"\"><\/span><\/a><\/div><div class=\"rsContent\"><a class=\"rsImg\" data-rsw=\"576\" data-rsh=\"1024\" data-rsBigImg=\"https:\/\/hoegy.de\/homepage\/hgy-media\/IMG_20250714_080424595_HDR-scaled.jpg\" href=\"https:\/\/hoegy.de\/homepage\/hgy-media\/IMG_20250714_080424595_HDR-576x1024.jpg\"><span data-alt=\"\"><\/span><\/a><\/div><div class=\"rsContent\"><a class=\"rsImg\" data-rsw=\"1024\" data-rsh=\"576\" data-rsBigImg=\"https:\/\/hoegy.de\/homepage\/hgy-media\/IMG_20250714_103747520_HDR-scaled.jpg\" href=\"https:\/\/hoegy.de\/homepage\/hgy-media\/IMG_20250714_103747520_HDR-1024x576.jpg\"><span data-alt=\"\"><\/span><\/a><\/div><div class=\"rsContent\"><a class=\"rsImg\" data-rsw=\"1024\" data-rsh=\"576\" data-rsBigImg=\"https:\/\/hoegy.de\/homepage\/hgy-media\/IMG_20250714_134414830_HDR-scaled.jpg\" href=\"https:\/\/hoegy.de\/homepage\/hgy-media\/IMG_20250714_134414830_HDR-1024x576.jpg\"><span data-alt=\"\"><\/span><\/a><\/div><div class=\"rsContent\"><a class=\"rsImg\" data-rsw=\"576\" data-rsh=\"1024\" data-rsBigImg=\"https:\/\/hoegy.de\/homepage\/hgy-media\/IMG_20250714_141732504-scaled.jpg\" href=\"https:\/\/hoegy.de\/homepage\/hgy-media\/IMG_20250714_141732504-576x1024.jpg\"><span data-alt=\"\"><\/span><\/a><\/div><div class=\"rsContent\"><a class=\"rsImg\" data-rsw=\"1024\" data-rsh=\"576\" data-rsBigImg=\"https:\/\/hoegy.de\/homepage\/hgy-media\/IMG_20250714_145035924_HDR-scaled.jpg\" href=\"https:\/\/hoegy.de\/homepage\/hgy-media\/IMG_20250714_145035924_HDR-1024x576.jpg\"><span data-alt=\"\"><\/span><\/a><\/div><div class=\"rsContent\"><a class=\"rsImg\" data-rsw=\"1024\" data-rsh=\"576\" data-rsBigImg=\"https:\/\/hoegy.de\/homepage\/hgy-media\/IMG_20250714_143227617_HDR-scaled.jpg\" href=\"https:\/\/hoegy.de\/homepage\/hgy-media\/IMG_20250714_143227617_HDR-1024x576.jpg\"><span data-alt=\"\"><\/span><\/a><\/div><\/div><img decoding=\"async\" data-src=\"https:\/\/hoegy.de\/homepage\/hgy-media\/IMG_20250714_133001692_HDR-576x1024.jpg\" width=\"576\" height=\"1024\" alt src=\"data:image\/svg+xml;base64,PHN2ZyB3aWR0aD0iMSIgaGVpZ2h0PSIxIiB4bWxucz0iaHR0cDovL3d3dy53My5vcmcvMjAwMC9zdmciPjwvc3ZnPg==\" class=\"lazyload\" style=\"--smush-placeholder-width: 576px; --smush-placeholder-aspect-ratio: 576\/1024;\"><\/div><div class=\"w-slider-json\" onclick='return {&quot;autoScaleSlider&quot;:true,&quot;addActiveClass&quot;:true,&quot;loop&quot;:true,&quot;fadeInLoadedSlide&quot;:false,&quot;slidesSpacing&quot;:0,&quot;imageScalePadding&quot;:0,&quot;numImagesToPreload&quot;:2,&quot;arrowsNav&quot;:true,&quot;arrowsNavAutoHide&quot;:false,&quot;transitionType&quot;:&quot;move&quot;,&quot;transitionSpeed&quot;:250,&quot;block&quot;:{&quot;moveEffect&quot;:&quot;none&quot;,&quot;speed&quot;:300},&quot;thumbs&quot;:{&quot;fitInViewport&quot;:false,&quot;firstMargin&quot;:false,&quot;spacing&quot;:4},&quot;controlNavigation&quot;:&quot;none&quot;,&quot;fullscreen&quot;:{&quot;enabled&quot;:true},&quot;autoScaleSliderWidth&quot;:576,&quot;autoScaleSliderHeight&quot;:1024}'><\/div><\/div><\/div><\/div><\/div><\/div><\/div><\/section>\n","protected":false},"excerpt":{"rendered":"\u2026bekamen 3 unserer H\u00f6Gy -Sch\u00fclerinnen und Sch\u00fcler am 14. und 15.7. hautnah mit. Yva-Coco Kleck (Klasse 5a), Selena Ana Panduru (Klasse 5a) und Philipp Ladewig (KS 1) f\u00fchrten dabei mit Witz, Charme und unersch\u00fctterlicher Ausdauer und Durchhalteverm\u00f6gen als \u201eModeratoren-Trio\u201c durch das Video. Rund 14 Stunden dauerte der Dreh an beiden Tagen insgesamt. Die Drehbedingungen waren...","protected":false},"author":8,"featured_media":14321,"comment_status":"closed","ping_status":"open","sticky":false,"template":"","format":"standard","meta":{"footnotes":""},"categories":[1],"tags":[],"class_list":["post-14320","post","type-post","status-publish","format-standard","has-post-thumbnail","hentry","category-news"],"publishpress_future_action":{"enabled":false,"date":"2026-05-04 05:55:14","action":"change-status","newStatus":"draft","terms":[],"taxonomy":"category","extraData":[]},"publishpress_future_workflow_manual_trigger":{"enabledWorkflows":[]},"_links":{"self":[{"href":"https:\/\/hoegy.de\/homepage\/wp-json\/wp\/v2\/posts\/14320","targetHints":{"allow":["GET"]}}],"collection":[{"href":"https:\/\/hoegy.de\/homepage\/wp-json\/wp\/v2\/posts"}],"about":[{"href":"https:\/\/hoegy.de\/homepage\/wp-json\/wp\/v2\/types\/post"}],"author":[{"embeddable":true,"href":"https:\/\/hoegy.de\/homepage\/wp-json\/wp\/v2\/users\/8"}],"replies":[{"embeddable":true,"href":"https:\/\/hoegy.de\/homepage\/wp-json\/wp\/v2\/comments?post=14320"}],"version-history":[{"count":1,"href":"https:\/\/hoegy.de\/homepage\/wp-json\/wp\/v2\/posts\/14320\/revisions"}],"predecessor-version":[{"id":14328,"href":"https:\/\/hoegy.de\/homepage\/wp-json\/wp\/v2\/posts\/14320\/revisions\/14328"}],"wp:featuredmedia":[{"embeddable":true,"href":"https:\/\/hoegy.de\/homepage\/wp-json\/wp\/v2\/media\/14321"}],"wp:attachment":[{"href":"https:\/\/hoegy.de\/homepage\/wp-json\/wp\/v2\/media?parent=14320"}],"wp:term":[{"taxonomy":"category","embeddable":true,"href":"https:\/\/hoegy.de\/homepage\/wp-json\/wp\/v2\/categories?post=14320"},{"taxonomy":"post_tag","embeddable":true,"href":"https:\/\/hoegy.de\/homepage\/wp-json\/wp\/v2\/tags?post=14320"}],"curies":[{"name":"wp","href":"https:\/\/api.w.org\/{rel}","templated":true}]}}