{"id":14356,"date":"2025-07-23T17:49:08","date_gmt":"2025-07-23T15:49:08","guid":{"rendered":"https:\/\/hoegy.de\/homepage\/?p=14356"},"modified":"2025-07-23T18:32:41","modified_gmt":"2025-07-23T16:32:41","slug":"sommerfest-2025-2","status":"publish","type":"post","link":"https:\/\/hoegy.de\/homepage\/sommerfest-2025-2\/","title":{"rendered":"Sommerfest 2025"},"content":{"rendered":"<p>Unser Sommerfest findet auf jeden Fall statt \u2013 wir freuen uns sehr auf ein sch\u00f6nes gemeinsames Fest mit Ihnen und Euch!<\/p>\n<p>Da die Wettervorhersage derzeit unbest\u00e4ndig ist, entscheiden wir am Freitagvormittag, ob das Fest im Freien oder in den Innenr\u00e4umen stattfinden wird.<\/p>\n<p>Unabh\u00e4ngig vom Wetter werden alle St\u00e4nde, sportlichen Aktivit\u00e4ten und Essensangebote wie geplant durchgef\u00fchrt.<\/p>\n<p>Auch s\u00e4mtliche Helferschichten bleiben bestehen, sodass der Ablauf in jedem Fall unver\u00e4ndert bleibt. Falls Sie Reservierungen vorgenommen haben, behalten diese selbstverst\u00e4ndlich ihre G\u00fcltigkeit.<\/p>\n<p>Die endg\u00fcltige Entscheidung, ob das Fest drau\u00dfen oder drinnen stattfinden wird, ver\u00f6ffentlichen wir am Freitag ab 9 Uhr auf unserer Homepage.<\/p>\n<p><img decoding=\"async\" class=\"alignnone size-full wp-image-14363 lazyload\" data-src=\"https:\/\/hoegy.de\/homepage\/hgy-media\/Sommerfest_Regen-1.png\" alt=\"\" width=\"403\" height=\"787\" data-srcset=\"https:\/\/hoegy.de\/homepage\/hgy-media\/Sommerfest_Regen-1.png 403w, https:\/\/hoegy.de\/homepage\/hgy-media\/Sommerfest_Regen-1-102x200.png 102w, https:\/\/hoegy.de\/homepage\/hgy-media\/Sommerfest_Regen-1-305x595.png 305w, https:\/\/hoegy.de\/homepage\/hgy-media\/Sommerfest_Regen-1-26x50.png 26w, https:\/\/hoegy.de\/homepage\/hgy-media\/Sommerfest_Regen-1-51x100.png 51w\" data-sizes=\"(max-width: 403px) 100vw, 403px\" src=\"data:image\/svg+xml;base64,PHN2ZyB3aWR0aD0iMSIgaGVpZ2h0PSIxIiB4bWxucz0iaHR0cDovL3d3dy53My5vcmcvMjAwMC9zdmciPjwvc3ZnPg==\" style=\"--smush-placeholder-width: 403px; --smush-placeholder-aspect-ratio: 403\/787;\" \/><\/p>\n","protected":false},"excerpt":{"rendered":"<p>Unser Sommerfest findet auf jeden Fall statt \u2013 wir freuen uns sehr auf ein sch\u00f6nes gemeinsames Fest mit Ihnen und Euch! Da die Wettervorhersage derzeit unbest\u00e4ndig ist, entscheiden wir am Freitagvormittag, ob das Fest im Freien oder in den Innenr\u00e4umen stattfinden wird. Unabh\u00e4ngig vom Wetter werden alle St\u00e4nde, sportlichen Aktivit\u00e4ten und Essensangebote wie geplant durchgef\u00fchrt&#8230;.<\/p>\n","protected":false},"author":1,"featured_media":14363,"comment_status":"closed","ping_status":"open","sticky":false,"template":"","format":"standard","meta":{"footnotes":""},"categories":[1],"tags":[],"class_list":["post-14356","post","type-post","status-publish","format-standard","has-post-thumbnail","hentry","category-news"],"publishpress_future_action":{"enabled":false,"date":"2026-05-06 09:56:30","action":"change-status","newStatus":"draft","terms":[],"taxonomy":"category","extraData":[]},"publishpress_future_workflow_manual_trigger":{"enabledWorkflows":[]},"_links":{"self":[{"href":"https:\/\/hoegy.de\/homepage\/wp-json\/wp\/v2\/posts\/14356","targetHints":{"allow":["GET"]}}],"collection":[{"href":"https:\/\/hoegy.de\/homepage\/wp-json\/wp\/v2\/posts"}],"about":[{"href":"https:\/\/hoegy.de\/homepage\/wp-json\/wp\/v2\/types\/post"}],"author":[{"embeddable":true,"href":"https:\/\/hoegy.de\/homepage\/wp-json\/wp\/v2\/users\/1"}],"replies":[{"embeddable":true,"href":"https:\/\/hoegy.de\/homepage\/wp-json\/wp\/v2\/comments?post=14356"}],"version-history":[{"count":5,"href":"https:\/\/hoegy.de\/homepage\/wp-json\/wp\/v2\/posts\/14356\/revisions"}],"predecessor-version":[{"id":14364,"href":"https:\/\/hoegy.de\/homepage\/wp-json\/wp\/v2\/posts\/14356\/revisions\/14364"}],"wp:featuredmedia":[{"embeddable":true,"href":"https:\/\/hoegy.de\/homepage\/wp-json\/wp\/v2\/media\/14363"}],"wp:attachment":[{"href":"https:\/\/hoegy.de\/homepage\/wp-json\/wp\/v2\/media?parent=14356"}],"wp:term":[{"taxonomy":"category","embeddable":true,"href":"https:\/\/hoegy.de\/homepage\/wp-json\/wp\/v2\/categories?post=14356"},{"taxonomy":"post_tag","embeddable":true,"href":"https:\/\/hoegy.de\/homepage\/wp-json\/wp\/v2\/tags?post=14356"}],"curies":[{"name":"wp","href":"https:\/\/api.w.org\/{rel}","templated":true}]}}