{"id":14385,"date":"2025-07-29T23:54:53","date_gmt":"2025-07-29T21:54:53","guid":{"rendered":"https:\/\/hoegy.de\/homepage\/?p=14385"},"modified":"2025-07-29T23:54:53","modified_gmt":"2025-07-29T21:54:53","slug":"reli-kurse-der-ks1-auf-der-alternativen-stadtfuehrung-in-stuttgart-unterwegs","status":"publish","type":"post","link":"https:\/\/hoegy.de\/homepage\/reli-kurse-der-ks1-auf-der-alternativen-stadtfuehrung-in-stuttgart-unterwegs\/","title":{"rendered":"Reli-Kurse der KS1 auf der \u201eAlternativen Stadtf\u00fchrung\u201c in Stuttgart unterwegs"},"content":{"rendered":"<section class=\"l-section wpb_row height_small\"><div class=\"l-section-h i-cf\"><div class=\"g-cols vc_row via_flex valign_top type_default stacking_default\"><div class=\"vc_col-sm-6 wpb_column vc_column_container\"><div class=\"vc_column-inner\"><div class=\"wpb_wrapper\"><div class=\"wpb_text_column\"><div class=\"wpb_wrapper\"><p>Am 14. Juli 2025 unternahmen wir, die beiden evangelischen Religionskurse der Kursstufe 1, gemeinsam mit unseren Lehrerinnen Frau Frank und Frau Veit eine Exkursion nach Stuttgart um an einer alternativen Stadtf\u00fchrung, gef\u00fchrt von der Trottwar Organisation teilzunehmen. Im Unterricht hatten wir uns bereits mit dem Thema <em>\u201eWelt und Verantwortung\u201c<\/em> auseinandergesetzt, und so waren wir gespannt darauf, wie diese Inhalte durch reale Eindr\u00fccke vertieft werden w\u00fcrden.<\/p>\n<p>Um 09:00 Uhr trafen wir unsere Stadtf\u00fchrerin Frau Walter an der U-Bahn-Station Charlottenplatz. Von dort aus begaben wir uns auf einen Spaziergang durch Stuttgart \u2013 allerdings abseits der \u00fcblichen Sehensw\u00fcrdigkeiten. Der Fokus der F\u00fchrung lag auf Orten, die im Alltag oft \u00fcbersehen werden, f\u00fcr obdachlose Menschen in Stuttgart jedoch gro\u00dfe Bedeutung haben: Schlafpl\u00e4tze, Hilfsangebote, Aufenthaltsorte.<\/p>\n<p>Dabei wurde deutlich, wie unterschiedlich der Umgang der Stadt mit wohnungslosen Menschen ist. Einerseits gibt es verschiedene Unterst\u00fctzungsangebote wie Essensausgaben, Duschm\u00f6glichkeiten oder Beratungsstellen, andererseits versucht man an manchen Stellen gezielt, Obdachlose fernzuhalten \u2013 etwa durch das Abspielen klassischer Musik am Hauptbahnhof, um l\u00e4ngere Aufenthalte zu verhindern.<\/p>\n<p>Frau Walter erkl\u00e4rte uns, wo man f\u00fcr wenig Geld eine warme Mahlzeit bekommt, duschen kann oder medizinische Hilfe erh\u00e4lt. Sie zeigte uns unter anderem das Rotlichtviertel sowie einen Spielplatz, der als Treffpunkt f\u00fcr viele drogenabh\u00e4ngige Menschen gilt.<\/p>\n<p>Die F\u00fchrung wurde von Frau Walter eher sachlich und informierend gestaltet. Zwar h\u00e4tten wir uns an einigen Stellen mehr pers\u00f6nliche Einblicke oder Erfahrungen gew\u00fcnscht \u2013 dennoch war es beeindruckend zu sehen, wie individuell jede Tour verl\u00e4uft, da die F\u00fchrenden selbst von Wohnungslosigkeit betroffen waren und die Inhalte daher aus eigener Perspektive zusammenstellen. Sie erz\u00e4hlte uns am Ende, dass sie in der Zeit als sie obdachlos war, niemandem davon erz\u00e4hlt hat. Dementsprechend verstanden wir auch, warum sie die meisten pers\u00f6nlichen Details auslie\u00df.<\/p>\n<p>Insgesamt empfanden wir die\u00a0 Stadtf\u00fchrung als lehrreich und eindrucksvoll, wir w\u00fcrden immer wieder an ihr teilnehmen. Sie hat uns geholfen, unseren Blick auf die Situationen Wohnungsloser zu ver\u00e4ndern und sensibler und aufmerksamer zu sein.<\/p>\n<p style=\"text-align: right;\"><em>Theres Pfann und Luna Kubin (KS1)<\/em><\/p>\n<\/div><\/div><\/div><\/div><\/div><div class=\"vc_col-sm-6 wpb_column vc_column_container\"><div class=\"vc_column-inner\"><div class=\"wpb_wrapper\"><div class=\"w-image align_none\"><a ref=\"magnificPopup\" href=\"https:\/\/hoegy.de\/homepage\/hgy-media\/IMG_4725-scaled.jpeg\" aria-label=\"IMG_4725\" class=\"w-image-h\"><img decoding=\"async\" width=\"1920\" height=\"2560\" data-src=\"https:\/\/hoegy.de\/homepage\/hgy-media\/IMG_4725-scaled.jpeg\" class=\"attachment-full size-full lazyload\" alt=\"\" data-srcset=\"https:\/\/hoegy.de\/homepage\/hgy-media\/IMG_4725-scaled.jpeg 1920w, https:\/\/hoegy.de\/homepage\/hgy-media\/IMG_4725-150x200.jpeg 150w, https:\/\/hoegy.de\/homepage\/hgy-media\/IMG_4725-768x1024.jpeg 768w, https:\/\/hoegy.de\/homepage\/hgy-media\/IMG_4725-446x595.jpeg 446w, https:\/\/hoegy.de\/homepage\/hgy-media\/IMG_4725-37x50.jpeg 37w, https:\/\/hoegy.de\/homepage\/hgy-media\/IMG_4725-75x100.jpeg 75w\" data-sizes=\"auto, (max-width: 1920px) 100vw, 1920px\" src=\"data:image\/svg+xml;base64,PHN2ZyB3aWR0aD0iMSIgaGVpZ2h0PSIxIiB4bWxucz0iaHR0cDovL3d3dy53My5vcmcvMjAwMC9zdmciPjwvc3ZnPg==\" style=\"--smush-placeholder-width: 1920px; --smush-placeholder-aspect-ratio: 1920\/2560;\" \/><\/a><\/div><div class=\"w-image align_none\"><a ref=\"magnificPopup\" href=\"https:\/\/hoegy.de\/homepage\/hgy-media\/IMG_4718-scaled.jpeg\" aria-label=\"IMG_4718\" class=\"w-image-h\"><img decoding=\"async\" width=\"1920\" height=\"2560\" data-src=\"https:\/\/hoegy.de\/homepage\/hgy-media\/IMG_4718-scaled.jpeg\" class=\"attachment-full size-full lazyload\" alt=\"\" data-srcset=\"https:\/\/hoegy.de\/homepage\/hgy-media\/IMG_4718-scaled.jpeg 1920w, https:\/\/hoegy.de\/homepage\/hgy-media\/IMG_4718-150x200.jpeg 150w, https:\/\/hoegy.de\/homepage\/hgy-media\/IMG_4718-768x1024.jpeg 768w, https:\/\/hoegy.de\/homepage\/hgy-media\/IMG_4718-446x595.jpeg 446w, https:\/\/hoegy.de\/homepage\/hgy-media\/IMG_4718-38x50.jpeg 38w, https:\/\/hoegy.de\/homepage\/hgy-media\/IMG_4718-75x100.jpeg 75w\" data-sizes=\"auto, (max-width: 1920px) 100vw, 1920px\" src=\"data:image\/svg+xml;base64,PHN2ZyB3aWR0aD0iMSIgaGVpZ2h0PSIxIiB4bWxucz0iaHR0cDovL3d3dy53My5vcmcvMjAwMC9zdmciPjwvc3ZnPg==\" style=\"--smush-placeholder-width: 1920px; --smush-placeholder-aspect-ratio: 1920\/2560;\" \/><\/a><\/div><\/div><\/div><\/div><\/div><\/div><\/section>\n","protected":false},"excerpt":{"rendered":"Am 14. Juli 2025 unternahmen wir, die beiden evangelischen Religionskurse der Kursstufe 1, gemeinsam mit unseren Lehrerinnen Frau Frank und Frau Veit eine Exkursion nach Stuttgart um an einer alternativen Stadtf\u00fchrung, gef\u00fchrt von der Trottwar Organisation teilzunehmen. Im Unterricht hatten wir uns bereits mit dem Thema \u201eWelt und Verantwortung\u201c auseinandergesetzt, und so waren wir gespannt...","protected":false},"author":8,"featured_media":14386,"comment_status":"closed","ping_status":"open","sticky":false,"template":"","format":"standard","meta":{"footnotes":""},"categories":[1],"tags":[],"class_list":["post-14385","post","type-post","status-publish","format-standard","has-post-thumbnail","hentry","category-news"],"publishpress_future_action":{"enabled":false,"date":"2026-05-04 04:11:39","action":"change-status","newStatus":"draft","terms":[],"taxonomy":"category","extraData":[]},"publishpress_future_workflow_manual_trigger":{"enabledWorkflows":[]},"_links":{"self":[{"href":"https:\/\/hoegy.de\/homepage\/wp-json\/wp\/v2\/posts\/14385","targetHints":{"allow":["GET"]}}],"collection":[{"href":"https:\/\/hoegy.de\/homepage\/wp-json\/wp\/v2\/posts"}],"about":[{"href":"https:\/\/hoegy.de\/homepage\/wp-json\/wp\/v2\/types\/post"}],"author":[{"embeddable":true,"href":"https:\/\/hoegy.de\/homepage\/wp-json\/wp\/v2\/users\/8"}],"replies":[{"embeddable":true,"href":"https:\/\/hoegy.de\/homepage\/wp-json\/wp\/v2\/comments?post=14385"}],"version-history":[{"count":1,"href":"https:\/\/hoegy.de\/homepage\/wp-json\/wp\/v2\/posts\/14385\/revisions"}],"predecessor-version":[{"id":14388,"href":"https:\/\/hoegy.de\/homepage\/wp-json\/wp\/v2\/posts\/14385\/revisions\/14388"}],"wp:featuredmedia":[{"embeddable":true,"href":"https:\/\/hoegy.de\/homepage\/wp-json\/wp\/v2\/media\/14386"}],"wp:attachment":[{"href":"https:\/\/hoegy.de\/homepage\/wp-json\/wp\/v2\/media?parent=14385"}],"wp:term":[{"taxonomy":"category","embeddable":true,"href":"https:\/\/hoegy.de\/homepage\/wp-json\/wp\/v2\/categories?post=14385"},{"taxonomy":"post_tag","embeddable":true,"href":"https:\/\/hoegy.de\/homepage\/wp-json\/wp\/v2\/tags?post=14385"}],"curies":[{"name":"wp","href":"https:\/\/api.w.org\/{rel}","templated":true}]}}