{"id":14389,"date":"2025-07-30T00:05:31","date_gmt":"2025-07-29T22:05:31","guid":{"rendered":"https:\/\/hoegy.de\/homepage\/?p=14389"},"modified":"2025-07-30T00:05:31","modified_gmt":"2025-07-29T22:05:31","slug":"erfolgreiche-mountainbikerinnen","status":"publish","type":"post","link":"https:\/\/hoegy.de\/homepage\/erfolgreiche-mountainbikerinnen\/","title":{"rendered":"Erfolgreiche Mountainbiker*innen"},"content":{"rendered":"<section class=\"l-section wpb_row height_small\"><div class=\"l-section-h i-cf\"><div class=\"g-cols vc_row via_flex valign_top type_default stacking_default\"><div class=\"vc_col-sm-12 wpb_column vc_column_container\"><div class=\"vc_column-inner\"><div class=\"wpb_wrapper\"><div class=\"wpb_text_column\"><div class=\"wpb_wrapper\"><p>Am 16.7.25 sind die Mountainbiker des H\u00f6Gys mit den beiden Teams nach Bietigheim-Bissingen mit Bahn und Auto gefahren. Als wir ankamen, gab es um 9.30 Uhr eine gro\u00dfe Er\u00f6ffnungsshow mit einer Tanzshow, Musik und einem Moderator auf einem elektrischen Stehroller.<\/p>\n<p>Danach wurden die Sportler wortw\u00f6rtlich aus der EgeTrans Arena hinausgefeiert. Wir wurden von Volunteers zu unserer Sportst\u00e4tte gelotst.<\/p>\n<p>Die MTB-Rennen wurden als Staffelrennen ausgetragen. Ein Team besteht aus mindestens drei und maximal vier Sch\u00fclern. Immer ein Teammitglied musste auf der Strecke sein und gewechselt wurde in der Wechselzone, die nicht befahren werden durfte. In der Wechselzone wurde das Fahrrad geschoben bis zu der Teambox, in der man den n\u00e4chsten Fahrer mit einem Abklatschen auf die Strecke schickte. Dieser musste wieder bis an das Ende der Wechselzone das Fahrrad schieben, ehe er wieder auf das Fahrrad sprang.<\/p>\n<p>Das Achter-Team bestehend aus Fabian Benz, Milan Pietzsch und Jakob Rahlenbeck ist an die Startlinie aufgerufen worden. Sie absolvierten ein super souver\u00e4nes Rennen und kamen 2 Minuten nach der Freien Waldorfschule Kirchheim\/Teck auf Platz 2 ins Ziel. Danach war erstmal f\u00fcr uns Rennpause bevor Carolin Sch\u00f6ttle, Paul Klein und Lorenz Beckert um 13:40 den Startpfiff zu h\u00f6ren bekamen. Es ging sehr gut los und wir hielten uns lange auf Platz 2. Doch im letzten Drittel des Rennens wurden wir von den sp\u00e4teren Erstplatzierten \u00fcberholt und wir kamen als drittes Team ins Ziel.<\/p>\n<p>Nach dem Rennen war dann Siegerehrung. Im Regierungsbezirk Stuttgart konnte das Team von Lorenz, Carolin und Paul den 1. Platz belegen. Jakob, Milan und Fabian belegten den zweiten Platz. Im Landesfinale Baden-W\u00fcrttemberg wurde das Achter-Team 2. und Carolin, Paul und Lorenz belegten den 3. Platz.<\/p>\n<p>Danach ging es wieder in die EgeTrans Arena, wo wir das Handballfinale Karlsruhe gegen Ostfildern anschauen durften. Nach einer weiteren Tanzshow einer Tanzschule mit 200 T\u00e4nzerinnen und T\u00e4nzern gab es noch einen DJ, der uns alle noch mal richtig einheizte, bevor alle Landessieger in die Arena kamen und ihr Ticket f\u00fcr Berlin zum Bundesfinale erhielten. Darunter war auch das H\u00f6Gy mit den Judokas.<\/p>\n<p>Nach einem langen und anstrengenden Tag haben wir uns sehr gefreut, dass wir 3 Pokale in der Sportart Radsport mit ans H\u00f6Gy bringen durften.<\/p>\n<p>Bedanken wollen wir uns bei Frau Uricher, die alles f\u00fcr uns organisiert hatte, aber leider verhindert war und somit dieses Erlebnis nicht mit uns teilen konnte. Vielen Dank auch an die Eltern Frau Sch\u00f6ttle und Herr Klein, die vor Ort alles gemanagt haben!<\/p>\n<p style=\"text-align: right;\">\u00a0\u00a0\u00a0\u00a0\u00a0\u00a0\u00a0\u00a0\u00a0\u00a0\u00a0\u00a0\u00a0\u00a0\u00a0\u00a0\u00a0\u00a0\u00a0\u00a0\u00a0\u00a0\u00a0\u00a0\u00a0\u00a0\u00a0\u00a0\u00a0\u00a0\u00a0\u00a0\u00a0\u00a0\u00a0\u00a0\u00a0\u00a0\u00a0\u00a0\u00a0\u00a0\u00a0\u00a0\u00a0\u00a0\u00a0\u00a0\u00a0\u00a0\u00a0\u00a0\u00a0\u00a0\u00a0\u00a0\u00a0\u00a0\u00a0\u00a0\u00a0\u00a0\u00a0\u00a0\u00a0\u00a0\u00a0\u00a0\u00a0\u00a0\u00a0\u00a0\u00a0\u00a0\u00a0\u00a0\u00a0\u00a0\u00a0\u00a0\u00a0\u00a0\u00a0\u00a0\u00a0\u00a0\u00a0\u00a0\u00a0\u00a0\u00a0\u00a0\u00a0\u00a0\u00a0\u00a0\u00a0\u00a0\u00a0\u00a0\u00a0\u00a0\u00a0\u00a0\u00a0\u00a0\u00a0\u00a0\u00a0\u00a0\u00a0\u00a0\u00a0\u00a0\u00a0\u00a0\u00a0\u00a0\u00a0\u00a0\u00a0\u00a0\u00a0\u00a0\u00a0\u00a0\u00a0\u00a0\u00a0\u00a0\u00a0\u00a0\u00a0\u00a0\u00a0\u00a0\u00a0\u00a0\u00a0\u00a0 <em>Paul Klein (6c)<\/em><\/p>\n<\/div><\/div><div class=\"w-slider style_none fit_scaledown nav_none count_9\"><div class=\"w-slider-h\" aria-hidden=\"true\"><div class=\"royalSlider\"><div class=\"rsContent\"><a class=\"rsImg\" data-rsw=\"640\" data-rsh=\"480\" href=\"https:\/\/hoegy.de\/homepage\/hgy-media\/8terpodiumLF.jpg\"><span data-alt=\"\"><\/span><\/a><\/div><div class=\"rsContent\"><a class=\"rsImg\" data-rsw=\"640\" data-rsh=\"480\" href=\"https:\/\/hoegy.de\/homepage\/hgy-media\/8terpoduimRB.jpg\"><span data-alt=\"\"><\/span><\/a><\/div><div class=\"rsContent\"><a class=\"rsImg\" data-rsw=\"640\" data-rsh=\"480\" href=\"https:\/\/hoegy.de\/homepage\/hgy-media\/56erpodiumRB.jpg\"><span data-alt=\"\"><\/span><\/a><\/div><div class=\"rsContent\"><a class=\"rsImg\" data-rsw=\"640\" data-rsh=\"480\" href=\"https:\/\/hoegy.de\/homepage\/hgy-media\/65podiumLF.jpg\"><span data-alt=\"\"><\/span><\/a><\/div><div class=\"rsContent\"><a class=\"rsImg\" data-rsw=\"640\" data-rsh=\"480\" href=\"https:\/\/hoegy.de\/homepage\/hgy-media\/AlleJubeln.jpg\"><span data-alt=\"\"><\/span><\/a><\/div><div class=\"rsContent\"><a class=\"rsImg\" data-rsw=\"1024\" data-rsh=\"682\" href=\"https:\/\/hoegy.de\/homepage\/hgy-media\/Moderator-1024x682.jpg\"><span data-alt=\"\"><\/span><\/a><\/div><div class=\"rsContent\"><a class=\"rsImg\" data-rsw=\"480\" data-rsh=\"640\" href=\"https:\/\/hoegy.de\/homepage\/hgy-media\/Pokalurkunde-rotated.jpg\"><span data-alt=\"\"><\/span><\/a><\/div><div class=\"rsContent\"><a class=\"rsImg\" data-rsw=\"1024\" data-rsh=\"682\" href=\"https:\/\/hoegy.de\/homepage\/hgy-media\/Show-1024x682.jpg\"><span data-alt=\"\"><\/span><\/a><\/div><div class=\"rsContent\"><a class=\"rsImg\" data-rsw=\"1024\" data-rsh=\"683\" href=\"https:\/\/hoegy.de\/homepage\/hgy-media\/Tanzgruppe-1024x683.jpg\"><span data-alt=\"\"><\/span><\/a><\/div><\/div><img decoding=\"async\" data-src=\"https:\/\/hoegy.de\/homepage\/hgy-media\/8terpodiumLF.jpg\" width=\"640\" height=\"480\" alt src=\"data:image\/svg+xml;base64,PHN2ZyB3aWR0aD0iMSIgaGVpZ2h0PSIxIiB4bWxucz0iaHR0cDovL3d3dy53My5vcmcvMjAwMC9zdmciPjwvc3ZnPg==\" class=\"lazyload\" style=\"--smush-placeholder-width: 640px; --smush-placeholder-aspect-ratio: 640\/480;\"><\/div><div class=\"w-slider-json\" onclick='return {&quot;autoScaleSlider&quot;:true,&quot;addActiveClass&quot;:true,&quot;loop&quot;:true,&quot;fadeInLoadedSlide&quot;:false,&quot;slidesSpacing&quot;:0,&quot;imageScalePadding&quot;:0,&quot;numImagesToPreload&quot;:2,&quot;arrowsNav&quot;:true,&quot;arrowsNavAutoHide&quot;:false,&quot;transitionType&quot;:&quot;move&quot;,&quot;transitionSpeed&quot;:250,&quot;block&quot;:{&quot;moveEffect&quot;:&quot;none&quot;,&quot;speed&quot;:300},&quot;thumbs&quot;:{&quot;fitInViewport&quot;:false,&quot;firstMargin&quot;:false,&quot;spacing&quot;:4},&quot;controlNavigation&quot;:&quot;none&quot;,&quot;autoScaleSliderWidth&quot;:640,&quot;autoScaleSliderHeight&quot;:480}'><\/div><\/div><\/div><\/div><\/div><\/div><\/div><\/section>\n","protected":false},"excerpt":{"rendered":"Am 16.7.25 sind die Mountainbiker des H\u00f6Gys mit den beiden Teams nach Bietigheim-Bissingen mit Bahn und Auto gefahren. Als wir ankamen, gab es um 9.30 Uhr eine gro\u00dfe Er\u00f6ffnungsshow mit einer Tanzshow, Musik und einem Moderator auf einem elektrischen Stehroller. Danach wurden die Sportler wortw\u00f6rtlich aus der EgeTrans Arena hinausgefeiert. Wir wurden von Volunteers zu...","protected":false},"author":8,"featured_media":14396,"comment_status":"closed","ping_status":"open","sticky":false,"template":"","format":"standard","meta":{"footnotes":""},"categories":[1],"tags":[],"class_list":["post-14389","post","type-post","status-publish","format-standard","has-post-thumbnail","hentry","category-news"],"publishpress_future_action":{"enabled":false,"date":"2026-05-06 10:00:39","action":"change-status","newStatus":"draft","terms":[],"taxonomy":"category","extraData":[]},"publishpress_future_workflow_manual_trigger":{"enabledWorkflows":[]},"_links":{"self":[{"href":"https:\/\/hoegy.de\/homepage\/wp-json\/wp\/v2\/posts\/14389","targetHints":{"allow":["GET"]}}],"collection":[{"href":"https:\/\/hoegy.de\/homepage\/wp-json\/wp\/v2\/posts"}],"about":[{"href":"https:\/\/hoegy.de\/homepage\/wp-json\/wp\/v2\/types\/post"}],"author":[{"embeddable":true,"href":"https:\/\/hoegy.de\/homepage\/wp-json\/wp\/v2\/users\/8"}],"replies":[{"embeddable":true,"href":"https:\/\/hoegy.de\/homepage\/wp-json\/wp\/v2\/comments?post=14389"}],"version-history":[{"count":1,"href":"https:\/\/hoegy.de\/homepage\/wp-json\/wp\/v2\/posts\/14389\/revisions"}],"predecessor-version":[{"id":14399,"href":"https:\/\/hoegy.de\/homepage\/wp-json\/wp\/v2\/posts\/14389\/revisions\/14399"}],"wp:featuredmedia":[{"embeddable":true,"href":"https:\/\/hoegy.de\/homepage\/wp-json\/wp\/v2\/media\/14396"}],"wp:attachment":[{"href":"https:\/\/hoegy.de\/homepage\/wp-json\/wp\/v2\/media?parent=14389"}],"wp:term":[{"taxonomy":"category","embeddable":true,"href":"https:\/\/hoegy.de\/homepage\/wp-json\/wp\/v2\/categories?post=14389"},{"taxonomy":"post_tag","embeddable":true,"href":"https:\/\/hoegy.de\/homepage\/wp-json\/wp\/v2\/tags?post=14389"}],"curies":[{"name":"wp","href":"https:\/\/api.w.org\/{rel}","templated":true}]}}