{"id":14400,"date":"2025-07-30T00:12:42","date_gmt":"2025-07-29T22:12:42","guid":{"rendered":"https:\/\/hoegy.de\/homepage\/?p=14400"},"modified":"2025-07-30T00:12:42","modified_gmt":"2025-07-29T22:12:42","slug":"das-schuljahr-geht-zu-ende","status":"publish","type":"post","link":"https:\/\/hoegy.de\/homepage\/das-schuljahr-geht-zu-ende\/","title":{"rendered":"Das Schuljahr geht zu Ende"},"content":{"rendered":"<section class=\"l-section wpb_row height_small\"><div class=\"l-section-h i-cf\"><div class=\"g-cols vc_row via_flex valign_top type_default stacking_default\"><div class=\"vc_col-sm-6 wpb_column vc_column_container\"><div class=\"vc_column-inner\"><div class=\"wpb_wrapper\"><div class=\"wpb_text_column\"><div class=\"wpb_wrapper\"><p>Der Abschluss des Schuljahres wurde and den Klassen- und Sporttagen auf vielf\u00e4ltige Weise gefeiert. Einen besonders sch\u00f6nen Kuchen brachte Niklas Keil, Klasse 5a, mit. Wir w\u00fcnschen der gesamten Schulgemeinschaft sch\u00f6ne und erholsame Ferien!<\/p>\n<\/div><\/div><\/div><\/div><\/div><div class=\"vc_col-sm-6 wpb_column vc_column_container\"><div class=\"vc_column-inner\"><div class=\"wpb_wrapper\"><div class=\"w-image align_none\"><a ref=\"magnificPopup\" href=\"https:\/\/hoegy.de\/homepage\/hgy-media\/20250729_085736-scaled.jpg\" aria-label=\"20250729_085736\" class=\"w-image-h\"><img decoding=\"async\" width=\"1920\" height=\"2560\" data-src=\"https:\/\/hoegy.de\/homepage\/hgy-media\/20250729_085736-scaled.jpg\" class=\"attachment-full size-full lazyload\" alt=\"\" data-srcset=\"https:\/\/hoegy.de\/homepage\/hgy-media\/20250729_085736-scaled.jpg 1920w, https:\/\/hoegy.de\/homepage\/hgy-media\/20250729_085736-150x200.jpg 150w, https:\/\/hoegy.de\/homepage\/hgy-media\/20250729_085736-768x1024.jpg 768w, https:\/\/hoegy.de\/homepage\/hgy-media\/20250729_085736-446x595.jpg 446w, https:\/\/hoegy.de\/homepage\/hgy-media\/20250729_085736-38x50.jpg 38w, https:\/\/hoegy.de\/homepage\/hgy-media\/20250729_085736-75x100.jpg 75w\" data-sizes=\"auto, (max-width: 1920px) 100vw, 1920px\" src=\"data:image\/svg+xml;base64,PHN2ZyB3aWR0aD0iMSIgaGVpZ2h0PSIxIiB4bWxucz0iaHR0cDovL3d3dy53My5vcmcvMjAwMC9zdmciPjwvc3ZnPg==\" style=\"--smush-placeholder-width: 1920px; --smush-placeholder-aspect-ratio: 1920\/2560;\" \/><\/a><\/div><\/div><\/div><\/div><\/div><\/div><\/section>\n","protected":false},"excerpt":{"rendered":"Der Abschluss des Schuljahres wurde and den Klassen- und Sporttagen auf vielf\u00e4ltige Weise gefeiert. Einen besonders sch\u00f6nen Kuchen brachte Niklas Keil, Klasse 5a, mit. Wir w\u00fcnschen der gesamten Schulgemeinschaft sch\u00f6ne und erholsame Ferien!","protected":false},"author":8,"featured_media":14401,"comment_status":"closed","ping_status":"open","sticky":false,"template":"","format":"standard","meta":{"footnotes":""},"categories":[1],"tags":[],"class_list":["post-14400","post","type-post","status-publish","format-standard","has-post-thumbnail","hentry","category-news"],"publishpress_future_action":{"enabled":false,"date":"2026-05-04 04:12:51","action":"change-status","newStatus":"draft","terms":[],"taxonomy":"category","extraData":[]},"publishpress_future_workflow_manual_trigger":{"enabledWorkflows":[]},"_links":{"self":[{"href":"https:\/\/hoegy.de\/homepage\/wp-json\/wp\/v2\/posts\/14400","targetHints":{"allow":["GET"]}}],"collection":[{"href":"https:\/\/hoegy.de\/homepage\/wp-json\/wp\/v2\/posts"}],"about":[{"href":"https:\/\/hoegy.de\/homepage\/wp-json\/wp\/v2\/types\/post"}],"author":[{"embeddable":true,"href":"https:\/\/hoegy.de\/homepage\/wp-json\/wp\/v2\/users\/8"}],"replies":[{"embeddable":true,"href":"https:\/\/hoegy.de\/homepage\/wp-json\/wp\/v2\/comments?post=14400"}],"version-history":[{"count":1,"href":"https:\/\/hoegy.de\/homepage\/wp-json\/wp\/v2\/posts\/14400\/revisions"}],"predecessor-version":[{"id":14402,"href":"https:\/\/hoegy.de\/homepage\/wp-json\/wp\/v2\/posts\/14400\/revisions\/14402"}],"wp:featuredmedia":[{"embeddable":true,"href":"https:\/\/hoegy.de\/homepage\/wp-json\/wp\/v2\/media\/14401"}],"wp:attachment":[{"href":"https:\/\/hoegy.de\/homepage\/wp-json\/wp\/v2\/media?parent=14400"}],"wp:term":[{"taxonomy":"category","embeddable":true,"href":"https:\/\/hoegy.de\/homepage\/wp-json\/wp\/v2\/categories?post=14400"},{"taxonomy":"post_tag","embeddable":true,"href":"https:\/\/hoegy.de\/homepage\/wp-json\/wp\/v2\/tags?post=14400"}],"curies":[{"name":"wp","href":"https:\/\/api.w.org\/{rel}","templated":true}]}}