{"id":14424,"date":"2025-07-31T18:10:45","date_gmt":"2025-07-31T16:10:45","guid":{"rendered":"https:\/\/hoegy.de\/homepage\/?p=14424"},"modified":"2025-07-31T18:11:47","modified_gmt":"2025-07-31T16:11:47","slug":"berlin-berlin-wir-fahren-nach-berlin","status":"publish","type":"post","link":"https:\/\/hoegy.de\/homepage\/berlin-berlin-wir-fahren-nach-berlin\/","title":{"rendered":"Berlin, Berlin, wir fahren nach Berlin!"},"content":{"rendered":"<section class=\"l-section wpb_row height_small\"><div class=\"l-section-h i-cf\"><div class=\"g-cols vc_row via_flex valign_top type_default stacking_default\"><div class=\"vc_col-sm-12 wpb_column vc_column_container\"><div class=\"vc_column-inner\"><div class=\"wpb_wrapper\"><div class=\"wpb_text_column\"><div class=\"wpb_wrapper\"><p>Am Mittwoch, den 16. Juli, fand in Bietigheim-Bissingen das Landesfinale von Jugend trainiert f\u00fcr Olympia statt. Dort treffen die Sieger der 4 Regierungsbezirke Stuttgart, T\u00fcbingen, Karlsruhe und Freiburg aufeinander, um den Baden-W\u00fcrttembergischen Landessieger zu ermitteln. Dieses Jahr wurde das Landesfinale erstmalig als gro\u00dfes Event aufgezogen, da die Wettk\u00e4mpfe in mehreren Sportarten gleichzeitig ausgetragen wurden. So waren zur Auftaktveranstaltung \u00fcber 2000 Sch\u00fcler aus den Sportarten Fu\u00dfball, Handball, Basketball, Volleyball, Schwimmen, Radsport, Leichtathletik. Rudern, Fechten, Tennis, Hockey, Gymnastik, Golf, Klettern und nat\u00fcrlich auch Judo anwesend.<\/p>\n<p>Im Anschluss an die Auftaktveranstaltung wurden alle Teilnehmer zu ihren Wettkampst\u00e4tten gebracht, f\u00fcr uns Judoka ging es mit dem Charterbus in die Judohalle. Bei unserer M\u00e4dchenmannschaft war die Motivation, aber auch die Anspannung besonders gro\u00df, da sich der Sieger der Altersklasse III f\u00fcr das Bundesfinale in Berlin qualifiziert. Und, wie die \u00dcberschrift schon verr\u00e4t, wir haben es geschafft! In der finalen Begegnung konnte das Scheffelgymnasium Bad S\u00e4ckingen knapp mit 2:2, Unterbewertung 20:15 bezwungen werden. Somit fahren die erfolgreichen M\u00e4dchen vom 21. \u2013 25. September zum Bundesfinale nach Berlin!<\/p>\n<p>Abschlie\u00dfend gab es noch eine gemeinsame Siegerehrung in der EgeTrans Arena, wo sich alle siegreichen Mannschaften feiern lassen durften. Ersch\u00f6pft, aber gl\u00fccklich, waren wir dann um 21 Uhr zur\u00fcck in N\u00fcrtingen.<\/p>\n<p style=\"text-align: right;\"><em>Raphael Gutbrod<\/em><\/p>\n<\/div><\/div><div class=\"w-slider style_none fit_scaledown nav_none count_9\"><div class=\"w-slider-h\" aria-hidden=\"true\"><div class=\"royalSlider\"><div class=\"rsContent\"><a class=\"rsImg\" data-rsw=\"1024\" data-rsh=\"768\" data-rsBigImg=\"https:\/\/hoegy.de\/homepage\/hgy-media\/1-Vor-dem-Wettkampf-scaled.jpg\" href=\"https:\/\/hoegy.de\/homepage\/hgy-media\/1-Vor-dem-Wettkampf-1024x768.jpg\"><span data-alt=\"\"><\/span><\/a><div class=\"rsABlock\" data-fadeEffect=\"false\" data-moveEffect=\"none\"><div class=\"w-slider-item-title\">1 Vor dem Wettkampf<\/div><\/div><\/div><div class=\"rsContent\"><a class=\"rsImg\" data-rsw=\"1024\" data-rsh=\"768\" data-rsBigImg=\"https:\/\/hoegy.de\/homepage\/hgy-media\/2-Eroeffnungsfeier-scaled.jpg\" href=\"https:\/\/hoegy.de\/homepage\/hgy-media\/2-Eroeffnungsfeier-1024x768.jpg\"><span data-alt=\"\"><\/span><\/a><div class=\"rsABlock\" data-fadeEffect=\"false\" data-moveEffect=\"none\"><div class=\"w-slider-item-title\">2 Er\u00f6ffnungsfeier<\/div><\/div><\/div><div class=\"rsContent\"><a class=\"rsImg\" data-rsw=\"1024\" data-rsh=\"768\" data-rsBigImg=\"https:\/\/hoegy.de\/homepage\/hgy-media\/3-Auftakt-scaled.jpg\" href=\"https:\/\/hoegy.de\/homepage\/hgy-media\/3-Auftakt-1024x768.jpg\"><span data-alt=\"\"><\/span><\/a><div class=\"rsABlock\" data-fadeEffect=\"false\" data-moveEffect=\"none\"><div class=\"w-slider-item-title\">3 Auftakt<\/div><\/div><\/div><div class=\"rsContent\"><a class=\"rsImg\" data-rsw=\"480\" data-rsh=\"640\" data-rsBigImg=\"https:\/\/hoegy.de\/homepage\/hgy-media\/4-Wettkampf-rotated.jpg\" href=\"https:\/\/hoegy.de\/homepage\/hgy-media\/4-Wettkampf-rotated.jpg\"><span data-alt=\"\"><\/span><\/a><div class=\"rsABlock\" data-fadeEffect=\"false\" data-moveEffect=\"none\"><div class=\"w-slider-item-title\">4 Wettkampf<\/div><\/div><\/div><div class=\"rsContent\"><a class=\"rsImg\" data-rsw=\"640\" data-rsh=\"480\" data-rsBigImg=\"https:\/\/hoegy.de\/homepage\/hgy-media\/5-Gewonnen-rotated.jpg\" href=\"https:\/\/hoegy.de\/homepage\/hgy-media\/5-Gewonnen-rotated.jpg\"><span data-alt=\"\"><\/span><\/a><div class=\"rsABlock\" data-fadeEffect=\"false\" data-moveEffect=\"none\"><div class=\"w-slider-item-title\">5 Gewonnen<\/div><\/div><\/div><div class=\"rsContent\"><a class=\"rsImg\" data-rsw=\"480\" data-rsh=\"640\" data-rsBigImg=\"https:\/\/hoegy.de\/homepage\/hgy-media\/6-Siegerehrung-rotated.jpg\" href=\"https:\/\/hoegy.de\/homepage\/hgy-media\/6-Siegerehrung-rotated.jpg\"><span data-alt=\"\"><\/span><\/a><div class=\"rsABlock\" data-fadeEffect=\"false\" data-moveEffect=\"none\"><div class=\"w-slider-item-title\">6 Siegerehrung<\/div><\/div><\/div><div class=\"rsContent\"><a class=\"rsImg\" data-rsw=\"1024\" data-rsh=\"768\" data-rsBigImg=\"https:\/\/hoegy.de\/homepage\/hgy-media\/7-Herr-Gutbrod-Lilly-Marie-Griessinger-Sofia-Staerk-Anna-Simone-Bitar-Emma-Augenstein-und-Emma-Noizet-scaled.jpg\" href=\"https:\/\/hoegy.de\/homepage\/hgy-media\/7-Herr-Gutbrod-Lilly-Marie-Griessinger-Sofia-Staerk-Anna-Simone-Bitar-Emma-Augenstein-und-Emma-Noizet-1024x768.jpg\"><span data-alt=\"\"><\/span><\/a><div class=\"rsABlock\" data-fadeEffect=\"false\" data-moveEffect=\"none\"><div class=\"w-slider-item-title\">7 Herr Gutbrod, Lilly-Marie Griessinger, Sofia St\u00e4rk, Anna-Simone Bitar, Emma Augenstein und Emma Noizet<\/div><\/div><\/div><div class=\"rsContent\"><a class=\"rsImg\" data-rsw=\"1024\" data-rsh=\"768\" data-rsBigImg=\"https:\/\/hoegy.de\/homepage\/hgy-media\/8-Team-Baden-Wuerttemberg-scaled.jpg\" href=\"https:\/\/hoegy.de\/homepage\/hgy-media\/8-Team-Baden-Wuerttemberg-1024x768.jpg\"><span data-alt=\"\"><\/span><\/a><div class=\"rsABlock\" data-fadeEffect=\"false\" data-moveEffect=\"none\"><div class=\"w-slider-item-title\">8 Team Baden-W\u00fcrttemberg<\/div><\/div><\/div><div class=\"rsContent\"><a class=\"rsImg\" data-rsw=\"1024\" data-rsh=\"771\" data-rsBigImg=\"https:\/\/hoegy.de\/homepage\/hgy-media\/10-Geschafft.jpg\" href=\"https:\/\/hoegy.de\/homepage\/hgy-media\/10-Geschafft-1024x771.jpg\"><span data-alt=\"\"><\/span><\/a><div class=\"rsABlock\" data-fadeEffect=\"false\" data-moveEffect=\"none\"><div class=\"w-slider-item-title\">10 Geschafft!<\/div><\/div><\/div><\/div><img decoding=\"async\" data-src=\"https:\/\/hoegy.de\/homepage\/hgy-media\/1-Vor-dem-Wettkampf-1024x768.jpg\" width=\"1024\" height=\"768\" alt src=\"data:image\/svg+xml;base64,PHN2ZyB3aWR0aD0iMSIgaGVpZ2h0PSIxIiB4bWxucz0iaHR0cDovL3d3dy53My5vcmcvMjAwMC9zdmciPjwvc3ZnPg==\" class=\"lazyload\" style=\"--smush-placeholder-width: 1024px; --smush-placeholder-aspect-ratio: 1024\/768;\"><\/div><div class=\"w-slider-json\" onclick='return {&quot;autoScaleSlider&quot;:true,&quot;addActiveClass&quot;:true,&quot;loop&quot;:true,&quot;fadeInLoadedSlide&quot;:false,&quot;slidesSpacing&quot;:0,&quot;imageScalePadding&quot;:0,&quot;numImagesToPreload&quot;:2,&quot;arrowsNav&quot;:true,&quot;arrowsNavAutoHide&quot;:false,&quot;transitionType&quot;:&quot;move&quot;,&quot;transitionSpeed&quot;:250,&quot;block&quot;:{&quot;moveEffect&quot;:&quot;none&quot;,&quot;speed&quot;:300},&quot;thumbs&quot;:{&quot;fitInViewport&quot;:false,&quot;firstMargin&quot;:false,&quot;spacing&quot;:4},&quot;controlNavigation&quot;:&quot;none&quot;,&quot;fullscreen&quot;:{&quot;enabled&quot;:true},&quot;autoScaleSliderWidth&quot;:1024,&quot;autoScaleSliderHeight&quot;:768}'><\/div><\/div><\/div><\/div><\/div><\/div><\/div><\/section>\n","protected":false},"excerpt":{"rendered":"Am Mittwoch, den 16. Juli, fand in Bietigheim-Bissingen das Landesfinale von Jugend trainiert f\u00fcr Olympia statt. Dort treffen die Sieger der 4 Regierungsbezirke Stuttgart, T\u00fcbingen, Karlsruhe und Freiburg aufeinander, um den Baden-W\u00fcrttembergischen Landessieger zu ermitteln. Dieses Jahr wurde das Landesfinale erstmalig als gro\u00dfes Event aufgezogen, da die Wettk\u00e4mpfe in mehreren Sportarten gleichzeitig ausgetragen wurden. So...","protected":false},"author":8,"featured_media":14431,"comment_status":"closed","ping_status":"open","sticky":false,"template":"","format":"standard","meta":{"footnotes":""},"categories":[1],"tags":[],"class_list":["post-14424","post","type-post","status-publish","format-standard","has-post-thumbnail","hentry","category-news"],"publishpress_future_action":{"enabled":false,"date":"2026-05-06 11:22:25","action":"change-status","newStatus":"draft","terms":[],"taxonomy":"category","extraData":[]},"publishpress_future_workflow_manual_trigger":{"enabledWorkflows":[]},"_links":{"self":[{"href":"https:\/\/hoegy.de\/homepage\/wp-json\/wp\/v2\/posts\/14424","targetHints":{"allow":["GET"]}}],"collection":[{"href":"https:\/\/hoegy.de\/homepage\/wp-json\/wp\/v2\/posts"}],"about":[{"href":"https:\/\/hoegy.de\/homepage\/wp-json\/wp\/v2\/types\/post"}],"author":[{"embeddable":true,"href":"https:\/\/hoegy.de\/homepage\/wp-json\/wp\/v2\/users\/8"}],"replies":[{"embeddable":true,"href":"https:\/\/hoegy.de\/homepage\/wp-json\/wp\/v2\/comments?post=14424"}],"version-history":[{"count":3,"href":"https:\/\/hoegy.de\/homepage\/wp-json\/wp\/v2\/posts\/14424\/revisions"}],"predecessor-version":[{"id":14437,"href":"https:\/\/hoegy.de\/homepage\/wp-json\/wp\/v2\/posts\/14424\/revisions\/14437"}],"wp:featuredmedia":[{"embeddable":true,"href":"https:\/\/hoegy.de\/homepage\/wp-json\/wp\/v2\/media\/14431"}],"wp:attachment":[{"href":"https:\/\/hoegy.de\/homepage\/wp-json\/wp\/v2\/media?parent=14424"}],"wp:term":[{"taxonomy":"category","embeddable":true,"href":"https:\/\/hoegy.de\/homepage\/wp-json\/wp\/v2\/categories?post=14424"},{"taxonomy":"post_tag","embeddable":true,"href":"https:\/\/hoegy.de\/homepage\/wp-json\/wp\/v2\/tags?post=14424"}],"curies":[{"name":"wp","href":"https:\/\/api.w.org\/{rel}","templated":true}]}}