{"id":14804,"date":"2025-11-26T16:40:15","date_gmt":"2025-11-26T15:40:15","guid":{"rendered":"https:\/\/hoegy.de\/homepage\/?p=14804"},"modified":"2025-11-26T17:59:50","modified_gmt":"2025-11-26T16:59:50","slug":"einladung-zu-unseren-weihnachtskonzerten","status":"publish","type":"post","link":"https:\/\/hoegy.de\/homepage\/einladung-zu-unseren-weihnachtskonzerten\/","title":{"rendered":"Einladung zu unseren Weihnachtskonzerten"},"content":{"rendered":"<section class=\"l-section wpb_row height_small\"><div class=\"l-section-h i-cf\"><div class=\"g-cols vc_row via_flex valign_top type_default stacking_default\"><div class=\"vc_col-sm-12 wpb_column vc_column_container\"><div class=\"vc_column-inner\"><div class=\"wpb_wrapper\"><div class=\"wpb_text_column\"><div class=\"wpb_wrapper\"><p>Liebe Freunde der H\u00f6Gy-Musik,<\/p>\n<p>was w\u00e4re die Vorweihnachtszeit ohne unsere traditionellen Weihnachtskonzerte?<\/p>\n<p>Auch in diesem Jahr m\u00f6chten wir wieder zu zwei Konzerten mit den Ensembles unserer Schule einladen. Begleiten Sie uns auf eine Reise durch die gesamte Bandbreite der instrumentalen und vokalen Weihnachtsmusik, bei der es vom klassischen Weihnachtslied bis zur spannenden Neuentdeckung viel zu erleben gibt.<\/p>\n<p>Am Mittwoch, 17. Dezember, 19:30 Uhr, sind die Mini-BigBand, die Bl\u00e4serklasse 6, das Vororchester, der Unterstufenchor und, als besondere G\u00e4ste, der Musik-Leistungskurs der Kursstufe 1 mit von der Partie.<\/p>\n<p>Am Donnerstag, 18. Dezember, ebenfalls 19:30, h\u00f6ren Sie den Kammerchor, das Kammerorchester und das Sinfonieorchester.<\/p>\n<p>Beide Konzerte finden in der evangelischen Stadtkirche St. Laurentius statt.<\/p>\n<p>Kostenlose Einlasskarten k\u00f6nnen Sie ab dem 1. Dezember unter <a href=\"http:\/\/tickets.hoegy.de\">tickets.hoegy.de<\/a> buchen.<\/p>\n<p>Alle Mitwirkenden freuen sich \u00fcber Ihr Kommen!<\/p>\n<\/div><\/div><\/div><\/div><\/div><\/div><\/div><\/section><section class=\"l-section wpb_row height_small\"><div class=\"l-section-h i-cf\"><div class=\"g-cols vc_row via_flex valign_top type_default stacking_default\"><div class=\"vc_col-sm-6 wpb_column vc_column_container\"><div class=\"vc_column-inner\"><div class=\"wpb_wrapper\"><div class=\"w-image align_none\"><div class=\"w-image-h\"><img decoding=\"async\" width=\"724\" height=\"1024\" src=\"https:\/\/hoegy.de\/homepage\/hgy-media\/Plakat-WK125-724x1024.avif\" class=\"attachment-large size-large\" alt=\"\" loading=\"lazy\" srcset=\"https:\/\/hoegy.de\/homepage\/hgy-media\/Plakat-WK125-724x1024.avif 724w, https:\/\/hoegy.de\/homepage\/hgy-media\/Plakat-WK125-141x200.avif 141w, https:\/\/hoegy.de\/homepage\/hgy-media\/Plakat-WK125-421x595.avif 421w, https:\/\/hoegy.de\/homepage\/hgy-media\/Plakat-WK125-35x50.avif 35w, https:\/\/hoegy.de\/homepage\/hgy-media\/Plakat-WK125-71x100.avif 71w, https:\/\/hoegy.de\/homepage\/hgy-media\/Plakat-WK125-scaled.avif 1811w\" sizes=\"auto, (max-width: 724px) 100vw, 724px\" \/><\/div><\/div><\/div><\/div><\/div><div class=\"vc_col-sm-6 wpb_column vc_column_container\"><div class=\"vc_column-inner\"><div class=\"wpb_wrapper\"><div class=\"w-image align_none\"><div class=\"w-image-h\"><img decoding=\"async\" width=\"724\" height=\"1024\" src=\"https:\/\/hoegy.de\/homepage\/hgy-media\/WK2025.2-Plakat-724x1024.avif\" class=\"attachment-large size-large\" alt=\"\" loading=\"lazy\" srcset=\"https:\/\/hoegy.de\/homepage\/hgy-media\/WK2025.2-Plakat-724x1024.avif 724w, https:\/\/hoegy.de\/homepage\/hgy-media\/WK2025.2-Plakat-141x200.avif 141w, https:\/\/hoegy.de\/homepage\/hgy-media\/WK2025.2-Plakat-421x595.avif 421w, https:\/\/hoegy.de\/homepage\/hgy-media\/WK2025.2-Plakat-35x50.avif 35w, https:\/\/hoegy.de\/homepage\/hgy-media\/WK2025.2-Plakat-71x100.avif 71w, https:\/\/hoegy.de\/homepage\/hgy-media\/WK2025.2-Plakat-scaled.avif 1811w\" sizes=\"auto, (max-width: 724px) 100vw, 724px\" \/><\/div><\/div><\/div><\/div><\/div><\/div><\/div><\/section>\n","protected":false},"excerpt":{"rendered":"Liebe Freunde der H\u00f6Gy-Musik, was w\u00e4re die Vorweihnachtszeit ohne unsere traditionellen Weihnachtskonzerte? Auch in diesem Jahr m\u00f6chten wir wieder zu zwei Konzerten mit den Ensembles unserer Schule einladen. Begleiten Sie uns auf eine Reise durch die gesamte Bandbreite der instrumentalen und vokalen Weihnachtsmusik, bei der es vom klassischen Weihnachtslied bis zur spannenden Neuentdeckung viel zu...","protected":false},"author":8,"featured_media":0,"comment_status":"closed","ping_status":"open","sticky":false,"template":"","format":"standard","meta":{"footnotes":""},"categories":[1,61],"tags":[],"class_list":["post-14804","post","type-post","status-publish","format-standard","hentry","category-news","category-sinfonieorchester"],"publishpress_future_action":{"enabled":false,"date":"2026-05-07 09:21:07","action":"change-status","newStatus":"draft","terms":[],"taxonomy":"category","extraData":[]},"publishpress_future_workflow_manual_trigger":{"enabledWorkflows":[]},"_links":{"self":[{"href":"https:\/\/hoegy.de\/homepage\/wp-json\/wp\/v2\/posts\/14804","targetHints":{"allow":["GET"]}}],"collection":[{"href":"https:\/\/hoegy.de\/homepage\/wp-json\/wp\/v2\/posts"}],"about":[{"href":"https:\/\/hoegy.de\/homepage\/wp-json\/wp\/v2\/types\/post"}],"author":[{"embeddable":true,"href":"https:\/\/hoegy.de\/homepage\/wp-json\/wp\/v2\/users\/8"}],"replies":[{"embeddable":true,"href":"https:\/\/hoegy.de\/homepage\/wp-json\/wp\/v2\/comments?post=14804"}],"version-history":[{"count":2,"href":"https:\/\/hoegy.de\/homepage\/wp-json\/wp\/v2\/posts\/14804\/revisions"}],"predecessor-version":[{"id":14809,"href":"https:\/\/hoegy.de\/homepage\/wp-json\/wp\/v2\/posts\/14804\/revisions\/14809"}],"wp:attachment":[{"href":"https:\/\/hoegy.de\/homepage\/wp-json\/wp\/v2\/media?parent=14804"}],"wp:term":[{"taxonomy":"category","embeddable":true,"href":"https:\/\/hoegy.de\/homepage\/wp-json\/wp\/v2\/categories?post=14804"},{"taxonomy":"post_tag","embeddable":true,"href":"https:\/\/hoegy.de\/homepage\/wp-json\/wp\/v2\/tags?post=14804"}],"curies":[{"name":"wp","href":"https:\/\/api.w.org\/{rel}","templated":true}]}}