{"id":14909,"date":"2025-12-06T11:54:48","date_gmt":"2025-12-06T10:54:48","guid":{"rendered":"https:\/\/hoegy.de\/homepage\/?p=14909"},"modified":"2025-12-06T11:57:07","modified_gmt":"2025-12-06T10:57:07","slug":"schulwettbewerb-jugend-debattiert-am-13-11-2025","status":"publish","type":"post","link":"https:\/\/hoegy.de\/homepage\/schulwettbewerb-jugend-debattiert-am-13-11-2025\/","title":{"rendered":"Schulwettbewerb Jugend debattiert am 13.11.2025"},"content":{"rendered":"<section class=\"l-section wpb_row height_small\"><div class=\"l-section-h i-cf\"><div class=\"g-cols vc_row via_flex valign_top type_default stacking_default\"><div class=\"vc_col-sm-6 wpb_column vc_column_container\"><div class=\"vc_column-inner\"><div class=\"wpb_wrapper\"><div class=\"wpb_text_column\"><div class=\"wpb_wrapper\"><p class=\"s3\"><span class=\"s2\">Sollen die Sch\u00fcler in Zukunft ihre Schule selber putzen? Soll Kupfergeld als Zahlungsmittel in Deutschland abgeschafft werden?<\/span><\/p>\n<p class=\"s3\"><span class=\"s2\">Das waren die Fragen, die ungef\u00e4hr 100 Achtkl\u00e4sslerinnen und Achtkl\u00e4ssler beim diesj\u00e4hrigen Jugend debattiert-Wettbewerb am H\u00f6gy umtrieben.<\/span><\/p>\n<p class=\"s3\"><span class=\"s2\">Sie hatten sich am Nachmittag des 13.11. zun\u00e4chst auf den Sitztreppen versammelt und wurden von der Schulleiterin Frau Selb begr\u00fc\u00dft und auf die Veranstaltung eingeschworen. Au\u00dferdem hatten sich Sch\u00fclerinnen und Sch\u00fcler aus der KS2, aus der 9d und 7d als Juroren und Zeitnehmer Zeit f\u00fcr die Jahrgangsstufe 8 genommen und sich gr\u00fcndlich auf diesen Nachmittag vorbereitet.<\/span><\/p>\n<p class=\"s3\"><span>\u00a0<\/span><\/p>\n<p class=\"s3\"><span class=\"s2\">Nach der Begr\u00fc\u00dfung ging es in die verschiedenen R\u00e4ume, in denen die Qualifikationsrunden ausgetragen wurden. Jede Gruppe setzte sich aus vier Sch\u00fclerinnen und Sch\u00fclern zusammen, die jeweils eine Klasse vertraten. Wer sich in der ersten Runde auf der Pro-Seite der Debatte befand, musste in der zweiten Runde zur Gegenseite wechseln, um <\/span><span class=\"s2\">jedem eine Chance zu geben, gl\u00e4nzen zu k\u00f6nnen<\/span><span class=\"s2\">.<\/span><\/p>\n<p class=\"s3\"><span>\u00a0<\/span><\/p>\n<p class=\"s3\"><span class=\"s2\">Nach den beiden Qualifikationsrunden blieben <\/span><span class=\"s2\">vier<\/span><span class=\"s2\">Sch\u00fclerinnen und Sch\u00fcler \u00fcbrig, die sich nun mit der Streitfrage, ob alle Abschlusspr\u00fcfungen in der Schule k\u00fcnftig auf dem Computer geschrieben werden sollten, auseinandersetzen mussten.<\/span><\/p>\n<p class=\"s3\"><span class=\"s2\">Obwohl das Publikum nur bis <\/span><span class=\"s2\">16 Uhr Anwesenheitspflicht hatte, blieben noch viele da, um ihre Kandidaten und Kandidatinnen anzufeuern und zu unterst\u00fctzen.<\/span><\/p>\n<p class=\"s3\"><span class=\"s2\">Am Ende gewann Carla Kluth aus der 8c die Debatte vor Isabel Betz (8d) und Jona Geisthardt (8c). <\/span><\/p>\n<p class=\"s3\"><span class=\"s2\">Alle drei werden im Februar zum Regionalwettbewerb nach Wendlingen fahren und unsere Schule dort hoffentlich w\u00fcrdig vertreten.<\/span><\/p>\n<p class=\"s3\"><span class=\"s2\">Den Gewinnern dort winkt eine Reise nach Berlin.<\/span><\/p>\n<p class=\"s3\"><span>\u00a0<\/span><\/p>\n<p class=\"s3\"><span class=\"s2\">Zuletzt m\u00f6chte ich mich noch einmal ganz herzlich bei allen Mitwirkenden bedanken, die den Nachmittag so erfolgreich und harmonisch gestaltet haben.<\/span><\/p>\n<p class=\"s3\"><span>\u00a0<\/span><\/p>\n<p class=\"s3\" style=\"text-align: right;\"><em><span class=\"s2\">Alice Kurz (Schulkoordinatorin Jugend debattiert)<\/span><\/em><\/p>\n<\/div><\/div><\/div><\/div><\/div><div class=\"vc_col-sm-6 wpb_column vc_column_container\"><div class=\"vc_column-inner\"><div class=\"wpb_wrapper\"><div class=\"w-slider style_none fit_scaledown nav_none count_4\"><div class=\"w-slider-h\" aria-hidden=\"true\"><div class=\"royalSlider\"><div class=\"rsContent\"><a class=\"rsImg\" data-rsw=\"768\" data-rsh=\"1024\" href=\"https:\/\/hoegy.de\/homepage\/hgy-media\/342968b2-c1f7-48e9-a869-8304c2907357-768x1024.avif\"><span data-alt=\"\"><\/span><\/a><\/div><div class=\"rsContent\"><a class=\"rsImg\" data-rsw=\"768\" data-rsh=\"1024\" href=\"https:\/\/hoegy.de\/homepage\/hgy-media\/16b355b7-7368-45db-9079-c00b22c2f7ac-768x1024.avif\"><span data-alt=\"\"><\/span><\/a><\/div><div class=\"rsContent\"><a class=\"rsImg\" data-rsw=\"768\" data-rsh=\"1024\" href=\"https:\/\/hoegy.de\/homepage\/hgy-media\/3b76b4ba-a517-4fe3-9011-b45db93eaf52-768x1024.avif\"><span data-alt=\"\"><\/span><\/a><\/div><div class=\"rsContent\"><a class=\"rsImg\" data-rsw=\"768\" data-rsh=\"1024\" href=\"https:\/\/hoegy.de\/homepage\/hgy-media\/8d4219e3-c335-42e9-817c-f4fab41408eb-768x1024.avif\"><span data-alt=\"\"><\/span><\/a><\/div><\/div><img decoding=\"async\" src=\"https:\/\/hoegy.de\/homepage\/hgy-media\/342968b2-c1f7-48e9-a869-8304c2907357-768x1024.avif\" width=\"768\" height=\"1024\" alt loading=\"lazy\"><\/div><div class=\"w-slider-json\" onclick='return {&quot;autoScaleSlider&quot;:true,&quot;addActiveClass&quot;:true,&quot;loop&quot;:true,&quot;fadeInLoadedSlide&quot;:false,&quot;slidesSpacing&quot;:0,&quot;imageScalePadding&quot;:0,&quot;numImagesToPreload&quot;:2,&quot;arrowsNav&quot;:true,&quot;arrowsNavAutoHide&quot;:false,&quot;transitionType&quot;:&quot;move&quot;,&quot;transitionSpeed&quot;:250,&quot;block&quot;:{&quot;moveEffect&quot;:&quot;none&quot;,&quot;speed&quot;:300},&quot;thumbs&quot;:{&quot;fitInViewport&quot;:false,&quot;firstMargin&quot;:false,&quot;spacing&quot;:4},&quot;controlNavigation&quot;:&quot;none&quot;,&quot;autoScaleSliderWidth&quot;:768,&quot;autoScaleSliderHeight&quot;:1024}'><\/div><\/div><\/div><\/div><\/div><\/div><\/div><\/section>\n","protected":false},"excerpt":{"rendered":"Sollen die Sch\u00fcler in Zukunft ihre Schule selber putzen? Soll Kupfergeld als Zahlungsmittel in Deutschland abgeschafft werden? Das waren die Fragen, die ungef\u00e4hr 100 Achtkl\u00e4sslerinnen und Achtkl\u00e4ssler beim diesj\u00e4hrigen Jugend debattiert-Wettbewerb am H\u00f6gy umtrieben. Sie hatten sich am Nachmittag des 13.11. zun\u00e4chst auf den Sitztreppen versammelt und wurden von der Schulleiterin Frau Selb begr\u00fc\u00dft und...","protected":false},"author":8,"featured_media":14914,"comment_status":"closed","ping_status":"open","sticky":false,"template":"","format":"standard","meta":{"footnotes":""},"categories":[1],"tags":[],"class_list":["post-14909","post","type-post","status-publish","format-standard","has-post-thumbnail","hentry","category-news"],"publishpress_future_action":{"enabled":false,"date":"2026-05-10 13:30:11","action":"change-status","newStatus":"draft","terms":[],"taxonomy":"category","extraData":[]},"publishpress_future_workflow_manual_trigger":{"enabledWorkflows":[]},"_links":{"self":[{"href":"https:\/\/hoegy.de\/homepage\/wp-json\/wp\/v2\/posts\/14909","targetHints":{"allow":["GET"]}}],"collection":[{"href":"https:\/\/hoegy.de\/homepage\/wp-json\/wp\/v2\/posts"}],"about":[{"href":"https:\/\/hoegy.de\/homepage\/wp-json\/wp\/v2\/types\/post"}],"author":[{"embeddable":true,"href":"https:\/\/hoegy.de\/homepage\/wp-json\/wp\/v2\/users\/8"}],"replies":[{"embeddable":true,"href":"https:\/\/hoegy.de\/homepage\/wp-json\/wp\/v2\/comments?post=14909"}],"version-history":[{"count":1,"href":"https:\/\/hoegy.de\/homepage\/wp-json\/wp\/v2\/posts\/14909\/revisions"}],"predecessor-version":[{"id":14917,"href":"https:\/\/hoegy.de\/homepage\/wp-json\/wp\/v2\/posts\/14909\/revisions\/14917"}],"wp:featuredmedia":[{"embeddable":true,"href":"https:\/\/hoegy.de\/homepage\/wp-json\/wp\/v2\/media\/14914"}],"wp:attachment":[{"href":"https:\/\/hoegy.de\/homepage\/wp-json\/wp\/v2\/media?parent=14909"}],"wp:term":[{"taxonomy":"category","embeddable":true,"href":"https:\/\/hoegy.de\/homepage\/wp-json\/wp\/v2\/categories?post=14909"},{"taxonomy":"post_tag","embeddable":true,"href":"https:\/\/hoegy.de\/homepage\/wp-json\/wp\/v2\/tags?post=14909"}],"curies":[{"name":"wp","href":"https:\/\/api.w.org\/{rel}","templated":true}]}}