{"id":14948,"date":"2025-12-15T21:44:37","date_gmt":"2025-12-15T20:44:37","guid":{"rendered":"https:\/\/hoegy.de\/homepage\/?p=14948"},"modified":"2025-12-15T21:44:37","modified_gmt":"2025-12-15T20:44:37","slug":"vorlesewettbewerb-2025","status":"publish","type":"post","link":"https:\/\/hoegy.de\/homepage\/vorlesewettbewerb-2025\/","title":{"rendered":"Vorlesewettbewerb 2025"},"content":{"rendered":"<section class=\"l-section wpb_row height_small\"><div class=\"l-section-h i-cf\"><div class=\"g-cols vc_row via_flex valign_top type_default stacking_default\"><div class=\"vc_col-sm-6 wpb_column vc_column_container\"><div class=\"vc_column-inner\"><div class=\"wpb_wrapper\"><div class=\"wpb_text_column\"><div class=\"wpb_wrapper\"><p class=\"s3\"><span class=\"s2\"><span class=\"bumpedFont15\">Am 4. Dezember 2025 fand um 12:30 Uhr der Lesewettbewerb der sechsten Klassen im H\u00f6lderlin-Gymnasium statt. <\/span><\/span><\/p>\n<p class=\"s3\"><span>\u00a0<\/span><\/p>\n<p class=\"s3\"><span class=\"s2\"><span class=\"bumpedFont15\">Die diesj\u00e4hrigen Kandidaten, Klassensiegerinnen und -sieger, traten mit viel Begeisterung und gut gew\u00e4hlten Buchausz\u00fcgen gegeneinander an:<\/span><\/span><\/p>\n<p class=\"s3\"><span class=\"s2\"><span class=\"bumpedFont15\">Franziska M\u00fcller aus der 6D las aus &#8220;Wie man ohne Eltern \u00fcberlebt&#8221; von Larry Hayes,<\/span><\/span><\/p>\n<p class=\"s3\"><span class=\"s2\"><span class=\"bumpedFont15\">Tamara M\u00f6hrle aus der 6C stellte &#8220;Frau Honig \u2013 Wenn der Wind weht&#8221; von Sabine Bohlmann vor,<\/span><\/span><\/p>\n<p class=\"s3\"><span class=\"s2\"><span class=\"bumpedFont15\">Alara Naci aus der 6B nahm mit &#8220;Mitternachtsstunde&#8221; von Benjamin Read und Laura Trinder teil<\/span><\/span><\/p>\n<p class=\"s3\"><span class=\"s2\"><span class=\"bumpedFont15\">und Tobias Stoll aus der 6A pr\u00e4sentierte das Buch &#8220;Nicht dr\u00fccken&#8221; von Gernot Gricksch.<\/span><\/span><\/p>\n<p class=\"s3\"><span class=\"s2\"><span class=\"bumpedFont15\">Wie jedes Jahr er\u00f6ffnete Frau Selb den Wettbewerb mit einer kurzen Rede. Sie erinnerte daran, wie bedeutend Lesen eigen<\/span><\/span><span class=\"s2\"><span class=\"bumpedFont15\">t<\/span><\/span><span class=\"s2\"><span class=\"bumpedFont15\">lich ist, und sagte<\/span><\/span><span class=\"s2\"><span class=\"bumpedFont15\">, <\/span><\/span><span class=\"s2\"><span class=\"bumpedFont15\">Lesen <\/span><\/span><span class=\"s2\"><span class=\"bumpedFont15\">sei<\/span><\/span><span class=\"s2\"><span class=\"bumpedFont15\"> eine der wichtigsten Sachen und<\/span><\/span><span class=\"s2\"><span class=\"bumpedFont15\"> die Grundlage f\u00fcr alles Wissen. Ohne Lesen, w\u00e4re die Welt noch viel \u00e4rmer.<\/span><\/span><\/p>\n<p class=\"s3\"><span class=\"s2\"><span class=\"bumpedFont15\">D<\/span><\/span><span class=\"s2\"><span class=\"bumpedFont15\">ie Reihenfolge wurde <\/span><\/span><span class=\"s2\"><span class=\"bumpedFont15\">nacheinander <\/span><\/span><span class=\"s2\"><span class=\"bumpedFont15\">live v<\/span><\/span><span class=\"s2\"><span class=\"bumpedFont15\">or Ort ausgel<\/span><\/span><span class=\"s2\"><span class=\"bumpedFont15\">ost<\/span><\/span><span class=\"s2\"><span class=\"bumpedFont15\"> und dann ging es los.<\/span><\/span><\/p>\n<p class=\"s3\"><span class=\"s2\"><span class=\"bumpedFont15\">Den Anfang machte Franziska M\u00fcller, gefolgt von Tamara M\u00f6hrle, anschlie\u00dfend Alara Naci und zum Schluss Tobias Stoll. Alle vier \u00fcberzeugten mit ganz eigenen Lesestilen und nahmen die Zuh\u00f6rerinnen und Zuh\u00f6rer mit in spannende, humorvolle und ber\u00fchrende Buchwelten.<\/span><\/span><\/p>\n<p class=\"s3\"><span class=\"s2\"><span class=\"bumpedFont15\">W\u00e4hrend sich die Jury, die sich aus <\/span><\/span><span class=\"s2\"><span class=\"bumpedFont15\">Deutschlehrkr\u00e4ften der Klassen<\/span><\/span><span class=\"s2\"><span class=\"bumpedFont15\"> 6<\/span><\/span><span class=\"s2\"><span class=\"bumpedFont15\">, <\/span><\/span><span class=\"s2\"><span class=\"bumpedFont15\">Frau Diener, Frau Laumanns und <\/span><\/span><span class=\"s2\"><span class=\"bumpedFont15\">der Schulleiterin Frau Selb, der Schulsiegerin des vergangenen Jahres, Johanna Rahlenbeck aus der 7C, sowie <\/span><\/span><span class=\"s2\"><span class=\"bumpedFont15\">aus <\/span><\/span><span class=\"s2\"><span class=\"bumpedFont15\">Frau J\u00e4ger, der Fachschaftsvorsitzenden f\u00fcr Deutsch, <\/span><\/span><span class=\"s2\"><span class=\"bumpedFont15\">zusammensetzte, <\/span><\/span><span class=\"s2\"><span class=\"bumpedFont15\">zu einer kurzen Beratung zur\u00fcckzog und alle<\/span><\/span><span class=\"s2\"><span class=\"bumpedFont15\"> <\/span><\/span><span class=\"s2\"><span class=\"bumpedFont15\">daf\u00fcr den <\/span><\/span><span class=\"s2\"><span class=\"bumpedFont15\">Raum verlie\u00dfen, gaben die Teilnehmenden motivierende Botschaften an andere Sch\u00fclerinnen und Sch\u00fcler weiter:<\/span><\/span><\/p>\n<p class=\"s3\"><span class=\"s2\"><span class=\"bumpedFont15\">\u201eIhr schafft das mit viel Mut, man muss nur an sich glauben.\u201c &#8211;<\/span><\/span><span class=\"s2\"><span class=\"bumpedFont15\"> <\/span><\/span><span class=\"s2\"><span class=\"bumpedFont15\">Franziska M\u00fcller<\/span><\/span><\/p>\n<p class=\"s3\"><span class=\"s2\"><span class=\"bumpedFont15\">\u201eJeder liest gut, niemand liest schlecht und <\/span><\/span><span class=\"s2\"><span class=\"bumpedFont15\">\u00dc<\/span><\/span><span class=\"s2\"><span class=\"bumpedFont15\">ben ist wichtig.\u201c \u00a0&#8211;<\/span><\/span><span class=\"s2\"><span class=\"bumpedFont15\"> <\/span><\/span><span class=\"s2\"><span class=\"bumpedFont15\">Tobias Stoll<\/span><\/span><\/p>\n<p class=\"s3\"><span class=\"s2\"><span class=\"bumpedFont15\">\u201eGlaubt an euch, es gibt nichts, was ihr nicht schaffen k\u00f6nnt.\u201c <\/span><\/span><span class=\"s2\"><span class=\"bumpedFont15\">\u2013<\/span><\/span><span class=\"s2\"><span class=\"bumpedFont15\"> <\/span><\/span><span class=\"s2\"><span class=\"bumpedFont15\">Alara Naci<\/span><\/span><\/p>\n<p class=\"s3\"><span class=\"s2\"><span class=\"bumpedFont15\">\u201eEs hilft sehr, wenn gute Freunde dabei sind und einen anfeuern.\u201c -Tamara M\u00f6hrle<\/span><\/span><\/p>\n<p class=\"s3\"><span class=\"s2\"><span class=\"bumpedFont15\">Nach einer nicht ganz einfachen Entscheidung stand schlie\u00dflich die Schulsiegerin fest: Franziska M\u00fcller.<\/span><\/span><\/p>\n<p class=\"s3\">Herzlichen Gl\u00fcckwunsch an sie und ein gro\u00dfes Lob an alle, die teilgenommen und ihre Freude am Lesen gezeigt haben!<\/p>\n<p class=\"s3\"><span>\u00a0<\/span><\/p>\n<p class=\"s4\" style=\"text-align: right;\"><em><span class=\"s2\"><span class=\"bumpedFont15\">Miriam Gharib, Journalisten-AG<\/span><\/span><\/em><\/p>\n<\/div><\/div><\/div><\/div><\/div><div class=\"vc_col-sm-6 wpb_column vc_column_container\"><div class=\"vc_column-inner\"><div class=\"wpb_wrapper\"><div class=\"w-image align_none\"><a ref=\"magnificPopup\" href=\"https:\/\/hoegy.de\/homepage\/hgy-media\/IMG_0449-scaled.avif\" aria-label=\"IMG_0449\" class=\"w-image-h\"><img decoding=\"async\" width=\"2560\" height=\"1441\" src=\"https:\/\/hoegy.de\/homepage\/hgy-media\/IMG_0449-scaled.avif\" class=\"attachment-full size-full\" alt=\"\" loading=\"lazy\" srcset=\"https:\/\/hoegy.de\/homepage\/hgy-media\/IMG_0449-scaled.avif 2560w, https:\/\/hoegy.de\/homepage\/hgy-media\/IMG_0449-200x113.avif 200w, https:\/\/hoegy.de\/homepage\/hgy-media\/IMG_0449-1024x576.avif 1024w, https:\/\/hoegy.de\/homepage\/hgy-media\/IMG_0449-600x338.avif 600w, https:\/\/hoegy.de\/homepage\/hgy-media\/IMG_0449-50x28.avif 50w, https:\/\/hoegy.de\/homepage\/hgy-media\/IMG_0449-160x90.avif 160w, https:\/\/hoegy.de\/homepage\/hgy-media\/IMG_0449-100x56.avif 100w\" sizes=\"auto, (max-width: 2560px) 100vw, 2560px\" \/><\/a><\/div><\/div><\/div><\/div><\/div><\/div><\/section>\n","protected":false},"excerpt":{"rendered":"Am 4. Dezember 2025 fand um 12:30 Uhr der Lesewettbewerb der sechsten Klassen im H\u00f6lderlin-Gymnasium statt. \u00a0 Die diesj\u00e4hrigen Kandidaten, Klassensiegerinnen und -sieger, traten mit viel Begeisterung und gut gew\u00e4hlten Buchausz\u00fcgen gegeneinander an: Franziska M\u00fcller aus der 6D las aus &#8220;Wie man ohne Eltern \u00fcberlebt&#8221; von Larry Hayes, Tamara M\u00f6hrle aus der 6C stellte &#8220;Frau...","protected":false},"author":8,"featured_media":14949,"comment_status":"closed","ping_status":"open","sticky":false,"template":"","format":"standard","meta":{"footnotes":""},"categories":[1],"tags":[],"class_list":["post-14948","post","type-post","status-publish","format-standard","has-post-thumbnail","hentry","category-news"],"publishpress_future_action":{"enabled":false,"date":"2026-05-10 13:04:19","action":"change-status","newStatus":"draft","terms":[],"taxonomy":"category","extraData":[]},"publishpress_future_workflow_manual_trigger":{"enabledWorkflows":[]},"_links":{"self":[{"href":"https:\/\/hoegy.de\/homepage\/wp-json\/wp\/v2\/posts\/14948","targetHints":{"allow":["GET"]}}],"collection":[{"href":"https:\/\/hoegy.de\/homepage\/wp-json\/wp\/v2\/posts"}],"about":[{"href":"https:\/\/hoegy.de\/homepage\/wp-json\/wp\/v2\/types\/post"}],"author":[{"embeddable":true,"href":"https:\/\/hoegy.de\/homepage\/wp-json\/wp\/v2\/users\/8"}],"replies":[{"embeddable":true,"href":"https:\/\/hoegy.de\/homepage\/wp-json\/wp\/v2\/comments?post=14948"}],"version-history":[{"count":1,"href":"https:\/\/hoegy.de\/homepage\/wp-json\/wp\/v2\/posts\/14948\/revisions"}],"predecessor-version":[{"id":14950,"href":"https:\/\/hoegy.de\/homepage\/wp-json\/wp\/v2\/posts\/14948\/revisions\/14950"}],"wp:featuredmedia":[{"embeddable":true,"href":"https:\/\/hoegy.de\/homepage\/wp-json\/wp\/v2\/media\/14949"}],"wp:attachment":[{"href":"https:\/\/hoegy.de\/homepage\/wp-json\/wp\/v2\/media?parent=14948"}],"wp:term":[{"taxonomy":"category","embeddable":true,"href":"https:\/\/hoegy.de\/homepage\/wp-json\/wp\/v2\/categories?post=14948"},{"taxonomy":"post_tag","embeddable":true,"href":"https:\/\/hoegy.de\/homepage\/wp-json\/wp\/v2\/tags?post=14948"}],"curies":[{"name":"wp","href":"https:\/\/api.w.org\/{rel}","templated":true}]}}