{"id":14988,"date":"2025-12-23T18:10:26","date_gmt":"2025-12-23T17:10:26","guid":{"rendered":"https:\/\/hoegy.de\/homepage\/?p=14988"},"modified":"2025-12-30T21:19:17","modified_gmt":"2025-12-30T20:19:17","slug":"jetzt-kann-weihnachten-wirklich-kommen","status":"publish","type":"post","link":"https:\/\/hoegy.de\/homepage\/jetzt-kann-weihnachten-wirklich-kommen\/","title":{"rendered":"Jetzt kann Weihnachten \u2013 wirklich \u2013 kommen!"},"content":{"rendered":"<section class=\"l-section wpb_row height_small\"><div class=\"l-section-h i-cf\"><div class=\"g-cols vc_row via_flex valign_top type_default stacking_default\"><div class=\"vc_col-sm-6 wpb_column vc_column_container\"><div class=\"vc_column-inner\"><div class=\"wpb_wrapper\"><div class=\"wpb_text_column\"><div class=\"wpb_wrapper\"><h3 class=\"s5\"><span class=\"s4\"><span class=\"bumpedFont15\">Die Weihnachtskonzerte am H\u00f6Gy waren wieder ein voller Erfolg<\/span><\/span><\/h3>\n<p class=\"s5\"><span>Die Tage vor den Weihnachtsferien sind nur noch von Filmen, Fr\u00fchst\u00fcck und Wichteln gepr\u00e4gt? Am H\u00f6lderlin-Gymnasium <\/span><span>trifft<\/span><span> das garantiert nicht zu. Denn hier vollbringen Jahr f\u00fcr Jahr mehrere hundert Sch\u00fcler*innen in diesen Tagen bei den Weihnachtskonzerten musikalische H\u00f6chstleistungen. Auch die diesj\u00e4hrige Ausgabe, die an zwei Abenden in der evangelischen Stadtkirche stattfand, bildete hier keine Ausnahme. Das Publikum verlie\u00df die Kirche an beiden Abenden nach <\/span><span>wahren Begeisterungsst\u00fcrmen <\/span><span>mit vielen Melodien im Kopf und einem L\u00e4cheln im Gesicht. <\/span><\/p>\n<p class=\"s5\"><span>Im ersten Konzert pr\u00e4sentierten sich haupts\u00e4chlich die Ensembles der Unterstufe. Zum ersten Mal dabei war die Bl\u00e4serklasse der Klasse 6, die zwei Weihnachtslieder vortrug und zeigte, was mit diesem neuen Angebot (die Sch\u00fcler*innen erlernen ihr Instrument von Grund auf an der Schule) m\u00f6glich ist. Sicher werden wir viele der Mitglieder i<\/span><span>n <\/span><span>Zukunft in den Ensembles wiedersehen.<\/span><\/p>\n<p class=\"s5\"><span>Ebenso mit von der Partie waren die Mini-BigBand, das Vororchester und der Unterstufenchor, erstmals geleitet von Ralf Ellinger. Jede Gruppe pr\u00e4sentierte auf beeindruckende Art und mit viel Engagement einen bunten Reigen aus der Bandbreite der weihnachtlichen Musik. Neben Dauerbrennern wie \u201eLast Christmas\u201c, \u201eDrei Haseln\u00fcsse f\u00fcr Aschenbr\u00f6del\u201c und \u201eGo Tell it on the Mountain<\/span><span>\u201c<\/span><span> waren auch viele St\u00fccke zu h\u00f6ren, die nicht in den Fernsehshows und auf den Weihnachtsm\u00e4rkten dieser Welt zu h\u00f6ren sind.<\/span><span> Besonders positiv zu erw\u00e4hnen ist auch, dass die jungen Musiker*innen die ganze Zeit \u00fcber auf der B\u00fchne sa\u00dfen und einander zuh\u00f6rten. So bot sich der Eindruck eines gro\u00dfen Ganzen und einer wirklichen Gemeinschaft.<\/span><\/p>\n<p class=\"s5\"><span>Eine Br\u00fccke zwischen den Konzerten stellte der Leistungskurs Musik der Kursstufe 1 dar, der an beiden Abenden musizierte. Die siebenk\u00f6pfige Formation pr\u00e4sentierte in eigens f\u00fcr diesen Anlass von ihrem Kurslehrer Frank Schlichter verfassten Arrangements ihr K\u00f6nnen <\/span><span>und begeisterte im Zusammenspiel.<\/span><\/p>\n<p class=\"s5\"><span>Am zweiten Abend sorgte der Chor unter Leitung von Tobias Flick zuerst f\u00fcr wunderbar verinnerlichte Momente in ruhigeren S\u00e4tzen wie \u201eMaria <\/span><span>durch ein Dornwald<\/span><span> ging\u201c und \u201eDie Nacht ist vorgedrungen\u201c und das von sph\u00e4rischen Klavier- und Violoncellokl\u00e4ngen begleitete \u201eEcce novum\u201c des norwegischen Komponisten<\/span><span> Ola Gjeilo.<\/span><span> <\/span><span>Anschlie\u00dfend bekam das begeisterte Publikum in \u201eJingle Bell Rock\u201c und \u201eMary, did you know\u201c <\/span><span>noch <\/span><span>weihnachtsfreudige Grooves<\/span><span> zu Geh\u00f6r.<\/span><\/p>\n<p class=\"s5\"><span>Meditativere Kl\u00e4nge pr\u00e4sentierte das perfekt aufeinander abgestimmte Kammerorchester. Die Streicherkl\u00e4nge <\/span><span>in Bachs<\/span><span>ber\u00fchmte Air vermittelten den weihnachtlichen Frieden und sorgten f\u00fcr einen letzten Ruhepunkt im Konzert.<\/span><\/p>\n<p class=\"s5\"><span>Denn danach schlug das gro\u00df besetzte Sinfonieorchester unter der Leitung von Florian Eisentraut deutlich andere T\u00f6ne an. Weihnachten ist auch die Zeit der gro\u00dfen Ballette, und so<\/span><span><\/span><span>wurde die Kirche erf\u00fcllt von <\/span><span>schwungvollen <\/span><span>Marsch- und Walzerkl\u00e4<\/span><span>n<\/span><span>gen aus dem Ballett<\/span><span> \u201eDie Puppenfee\u201c des \u00f6sterreichischen Komponisten Josef Bayer. Manche im Publikum w\u00e4hnten sich schon fast im Musikvereinssaal in Wien, bevor sie mit \u201eA Most Wonderful Christmas\u201c einem Medley aus verschiedenen amerikanischen Weihnachtsklassikern in die Welt von Santa Claus, Lametta und Punsch transportiert wurden. Hier zeigte sich das Sinfonieorchester als w\u00fcrdiger <\/span><span>Vertreter der H\u00f6Gy-Bigband, die mitten in den Vorbereitungen f\u00fcr das Neujahrskonzert steckt und deshalb dieses Jahr nicht m<\/span><span>it <\/span><span>von der Partie war.<\/span><\/p>\n<p class=\"s5\"><span>Der Abschluss beider Konzerte wurde jeweils von allen Mitwirkenden bestritten. Am Donnerstag mit Irving Berlins \u201eWhite Christmas\u201c<\/span><span> und tags zuvor mit dem Lied, ohne das am H\u00f6Gy einfach etwas fehlen w\u00fcrde: \u201eJetzt kann Weihnachten kommen\u201c. Und Weihnachten kann jetzt wirklich kommen, da sind sich Publikum und Ausf\u00fchrende sicher einig.<\/span><\/p>\n<\/div><\/div><\/div><\/div><\/div><div class=\"vc_col-sm-6 wpb_column vc_column_container\"><div class=\"vc_column-inner\"><div class=\"wpb_wrapper\"><\/div><\/div><\/div><\/div><\/div><\/section><section class=\"l-section wpb_row height_small\"><div class=\"l-section-h i-cf\"><div class=\"g-cols vc_row via_flex valign_top type_default stacking_default\"><div class=\"vc_col-sm-12 wpb_column vc_column_container\"><div class=\"vc_column-inner\"><div class=\"wpb_wrapper\"><div class=\"w-slider style_none fit_scaledown nav_none count_7\"><div class=\"w-slider-h\" aria-hidden=\"true\"><div class=\"royalSlider\"><div class=\"rsContent\"><a class=\"rsImg\" data-rsw=\"1024\" data-rsh=\"768\" data-rsBigImg=\"https:\/\/hoegy.de\/homepage\/hgy-media\/IMG_0450-scaled.avif\" href=\"https:\/\/hoegy.de\/homepage\/hgy-media\/IMG_0450-1024x768.avif\"><span data-alt=\"\"><\/span><\/a><\/div><div class=\"rsContent\"><a class=\"rsImg\" data-rsw=\"1024\" data-rsh=\"768\" data-rsBigImg=\"https:\/\/hoegy.de\/homepage\/hgy-media\/IMG_0454-scaled.avif\" href=\"https:\/\/hoegy.de\/homepage\/hgy-media\/IMG_0454-1024x768.avif\"><span data-alt=\"\"><\/span><\/a><\/div><div class=\"rsContent\"><a class=\"rsImg\" data-rsw=\"1024\" data-rsh=\"768\" data-rsBigImg=\"https:\/\/hoegy.de\/homepage\/hgy-media\/IMG_0455-scaled.avif\" href=\"https:\/\/hoegy.de\/homepage\/hgy-media\/IMG_0455-1024x768.avif\"><span data-alt=\"\"><\/span><\/a><\/div><div class=\"rsContent\"><a class=\"rsImg\" data-rsw=\"1024\" data-rsh=\"768\" data-rsBigImg=\"https:\/\/hoegy.de\/homepage\/hgy-media\/IMG_0457-scaled.avif\" href=\"https:\/\/hoegy.de\/homepage\/hgy-media\/IMG_0457-1024x768.avif\"><span data-alt=\"\"><\/span><\/a><\/div><div class=\"rsContent\"><a class=\"rsImg\" data-rsw=\"1024\" data-rsh=\"768\" data-rsBigImg=\"https:\/\/hoegy.de\/homepage\/hgy-media\/IMG_0463-scaled.avif\" href=\"https:\/\/hoegy.de\/homepage\/hgy-media\/IMG_0463-1024x768.avif\"><span data-alt=\"\"><\/span><\/a><\/div><div class=\"rsContent\"><a class=\"rsImg\" data-rsw=\"1024\" data-rsh=\"683\" data-rsBigImg=\"https:\/\/hoegy.de\/homepage\/hgy-media\/IMG_0500-scaled.avif\" href=\"https:\/\/hoegy.de\/homepage\/hgy-media\/IMG_0500-1024x683.avif\"><span data-alt=\"\"><\/span><\/a><\/div><div class=\"rsContent\"><a class=\"rsImg\" data-rsw=\"1024\" data-rsh=\"682\" data-rsBigImg=\"https:\/\/hoegy.de\/homepage\/hgy-media\/IMG_0499-scaled.avif\" href=\"https:\/\/hoegy.de\/homepage\/hgy-media\/IMG_0499-1024x682.avif\"><span data-alt=\"\"><\/span><\/a><\/div><\/div><img decoding=\"async\" src=\"https:\/\/hoegy.de\/homepage\/hgy-media\/IMG_0450-1024x768.avif\" width=\"1024\" height=\"768\" alt loading=\"lazy\"><\/div><div class=\"w-slider-json\" onclick='return {&quot;autoScaleSlider&quot;:true,&quot;addActiveClass&quot;:true,&quot;loop&quot;:true,&quot;fadeInLoadedSlide&quot;:false,&quot;slidesSpacing&quot;:0,&quot;imageScalePadding&quot;:0,&quot;numImagesToPreload&quot;:2,&quot;arrowsNav&quot;:true,&quot;arrowsNavAutoHide&quot;:false,&quot;transitionType&quot;:&quot;move&quot;,&quot;transitionSpeed&quot;:250,&quot;block&quot;:{&quot;moveEffect&quot;:&quot;none&quot;,&quot;speed&quot;:300},&quot;thumbs&quot;:{&quot;fitInViewport&quot;:false,&quot;firstMargin&quot;:false,&quot;spacing&quot;:4},&quot;controlNavigation&quot;:&quot;none&quot;,&quot;fullscreen&quot;:{&quot;enabled&quot;:true},&quot;autoScaleSliderWidth&quot;:1024,&quot;autoScaleSliderHeight&quot;:768}'><\/div><\/div><\/div><\/div><\/div><\/div><\/div><\/section>\n","protected":false},"excerpt":{"rendered":"Die Weihnachtskonzerte am H\u00f6Gy waren wieder ein voller Erfolg Die Tage vor den Weihnachtsferien sind nur noch von Filmen, Fr\u00fchst\u00fcck und Wichteln gepr\u00e4gt? Am H\u00f6lderlin-Gymnasium trifft das garantiert nicht zu. Denn hier vollbringen Jahr f\u00fcr Jahr mehrere hundert Sch\u00fcler*innen in diesen Tagen bei den Weihnachtskonzerten musikalische H\u00f6chstleistungen. Auch die diesj\u00e4hrige Ausgabe, die an zwei Abenden...","protected":false},"author":8,"featured_media":14992,"comment_status":"closed","ping_status":"open","sticky":false,"template":"","format":"standard","meta":{"footnotes":""},"categories":[1],"tags":[],"class_list":["post-14988","post","type-post","status-publish","format-standard","has-post-thumbnail","hentry","category-news"],"publishpress_future_action":{"enabled":false,"date":"2026-05-10 13:05:00","action":"change-status","newStatus":"draft","terms":[],"taxonomy":"category","extraData":[]},"publishpress_future_workflow_manual_trigger":{"enabledWorkflows":[]},"_links":{"self":[{"href":"https:\/\/hoegy.de\/homepage\/wp-json\/wp\/v2\/posts\/14988","targetHints":{"allow":["GET"]}}],"collection":[{"href":"https:\/\/hoegy.de\/homepage\/wp-json\/wp\/v2\/posts"}],"about":[{"href":"https:\/\/hoegy.de\/homepage\/wp-json\/wp\/v2\/types\/post"}],"author":[{"embeddable":true,"href":"https:\/\/hoegy.de\/homepage\/wp-json\/wp\/v2\/users\/8"}],"replies":[{"embeddable":true,"href":"https:\/\/hoegy.de\/homepage\/wp-json\/wp\/v2\/comments?post=14988"}],"version-history":[{"count":2,"href":"https:\/\/hoegy.de\/homepage\/wp-json\/wp\/v2\/posts\/14988\/revisions"}],"predecessor-version":[{"id":14997,"href":"https:\/\/hoegy.de\/homepage\/wp-json\/wp\/v2\/posts\/14988\/revisions\/14997"}],"wp:featuredmedia":[{"embeddable":true,"href":"https:\/\/hoegy.de\/homepage\/wp-json\/wp\/v2\/media\/14992"}],"wp:attachment":[{"href":"https:\/\/hoegy.de\/homepage\/wp-json\/wp\/v2\/media?parent=14988"}],"wp:term":[{"taxonomy":"category","embeddable":true,"href":"https:\/\/hoegy.de\/homepage\/wp-json\/wp\/v2\/categories?post=14988"},{"taxonomy":"post_tag","embeddable":true,"href":"https:\/\/hoegy.de\/homepage\/wp-json\/wp\/v2\/tags?post=14988"}],"curies":[{"name":"wp","href":"https:\/\/api.w.org\/{rel}","templated":true}]}}