{"id":1500,"date":"2018-11-30T14:12:02","date_gmt":"2018-11-30T13:12:02","guid":{"rendered":"https:\/\/hoegy.de\/homepage\/?p=1500"},"modified":"2018-12-02T22:31:50","modified_gmt":"2018-12-02T21:31:50","slug":"jetzt-wird-es-ernst-friedrichs-erben-veroeffentlichen-ihren-kunst-krimi","status":"publish","type":"post","link":"https:\/\/hoegy.de\/homepage\/jetzt-wird-es-ernst-friedrichs-erben-veroeffentlichen-ihren-kunst-krimi\/","title":{"rendered":"Jetzt wird es ernst: Friedrichs Erben ver\u00f6ffentlichen ihren Kunst-Krimi"},"content":{"rendered":"<p>\u201eWir brauchen die Kreativit\u00e4t von jungen K\u00f6pfen\u201c. Dies ist einer der einleitenden S\u00e4tze, die gegen\u00fcber uns jungen Autoren erw\u00e4hnt wurden. Denn im Rahmen des \u201eBuch macht Schule \u2013 Schule macht Buch\u201c-Projekts haben wir, 20 Sch\u00fcler von der 9. Klasse bis zur Kursstufe 1, es uns mithilfe der Autorin Carola Kupfer zur Aufgabe gemacht, einen Krimi auf den Markt zu bringen. Und wie gesagt, so getan! Am 5. Dezember ist es soweit, die Schreibwerkstatt wird unter dem K\u00fcnstlerpseudonym \u201eFriedrichs Erben\u201c &#8211; mit Anspielung auf den Patron der Schule &#8211; den Krimi \u201eEidos \u2013 Das Geheimnis der Domnicks\u201c im Verlag von Herrn Wolfgang Schr\u00f6ck-Schmidt und in Kooperation mit der Sammlung Domnick ver\u00f6ffentlichen. Viel Arbeit liegt hinter uns jungen Autoren:<\/p>\n<p><strong>F\u00fchrung in der Sammlung Domnick<\/strong><\/p>\n<p>Alles fing mit einer ersten F\u00fchrung in der Sammlung Domnick an. Frau Vera Romeu und ihr Team haben uns in die Welt der abstrakten Kunst eingef\u00fchrt und stellten nicht nur die privaten R\u00e4ume, sondern auch viele Archivalien zur Verf\u00fcgung. Dies weckte das Interesse und wir spannen die ersten Ideen mit einem Jucken in den Fingerspitzen.<\/p>\n<p><strong>\u00a0<\/strong><strong>Erster Workshop<\/strong><\/p>\n<p>Am 25.Juli fand der erste Workshop statt, der offizielle Startschuss f\u00fcr unser Projekt. Bevor wir und jedoch in die Arbeit st\u00fcrzten, ein nervenaufreibendes Buch zu verfassen, galt es zu regeln, wie man ein Buch ver\u00f6ffentlicht.<\/p>\n<p>Deshalb haben wir in den ersten Stunden besprochen, was mit einem Buch passiert, wie alles mit dem Verlag geregelt wird, wann das Buch gedruckt wird und wie die Prozedur unterst\u00fctzen werden muss. Auch wurde besprochen, dass es einen Buchcover und einen Flyer geben muss. Gegen Ende haben wir noch angefangen die Kapitel mit Ideen zu versorgen. Dabei wurden mehrere Kategorien erstellt, die ein Kapitel zusammensetzen: Die Handlung, die mitwirkenden Personen, der Ort des Geschehens, die Zeitepochen (das Buch spielt in mehreren Zeitebenen), die Emotionen, die vermittelt werden m\u00fcssen, und \u00a0vieles mehr.<\/p>\n<p>Am 26.Juli fand der zweite Teil des ersten Workshops statt, wobei der Fokus komplett auf den Inhalt des Buches gelegt wurde. Viele unserer Ideen wurden besprochen und von Frau Kupfer und Frau Romeu, der Leiterin der Sammlung, auf Herz und Nieren gepr\u00fcft und \u00fcberarbeitet. Nach drei Stunden mit kurzer Verschnaufpause und Essen war der Plot des Buches gesetzt.<\/p>\n<p><strong>Erste Entw\u00fcrfe<\/strong><\/p>\n<p>\u00dcber die Sommerferien sollten wir uns dann ins Schreiben st\u00fcrzen und nach den Sommerferien hatte jeder schon einen Teil seines Kapitels geschrieben und jegliche Fragen und Probleme wurden im Austausch mit der Gruppe gel\u00f6st. Das Ganze wurde vereinfacht, indem eine WhatsApp-Gruppe gegr\u00fcndet wurde, in welcher man bei Unklarheiten jeglicher Art nachfragen konnte, sodass auch w\u00e4hrend des Urlaubs keine Probleme entstanden.<\/p>\n<p>Nach den Sommerferien ging es dann wieder richtig los. Erste Entw\u00fcrfe wurden ausgetauscht und mit Frau Jahn \u00fcberarbeitet.<\/p>\n<p><strong>Zweiter Workshop<\/strong><\/p>\n<p>Am 20. September war der zweite Workshop angesagt. Die Zeit r\u00fcckte immer n\u00e4her an den 5. Dezember, weswegen an dem Tag die weiteren Aufgaben verteilt wurden. Einige von uns k\u00fcmmerten sich um den Vorverkauf der B\u00fccher, andere k\u00fcmmerten sich um die Pr\u00e4sentation oder bereiteten die Texte f\u00fcr die Lesungen auf. Da auch SWR, die N\u00fcrtinger Zeitung und die Esslinger Zeitung eingeschaltet sind, musste sich jemand im Voraus darum k\u00fcmmern, dass diese eingeladen werden und auch eine ansprechende Pressemappe ausgeh\u00e4ndigt werden kann.<\/p>\n<p>Zudem wurden vier Pressesprecher bestimmt, die sich den Fragen der Journalisten stellen und Ausk\u00fcnfte zum Projekt geben.<\/p>\n<p>So machten wir uns an unsere Aufgaben und bereiteten uns f\u00fcr die Ver\u00f6ffentlichung unseres einzigartigen Buches vor. Mit Spannung freuen wir uns darauf, die ersten Exemplare in H\u00e4nden halten zu k\u00f6nnen und auch den Freunden und Unterst\u00fctzern dieses Buch auszuh\u00e4ndigen.<\/p>\n<p><strong>\u00a0(Vor-)Verkauf <\/strong><\/p>\n<p>Das Buch ist mittlerweile fertig gedruckt und vom Verlag gepr\u00fcft und f\u00fcr Leute, die sich ein Exemplar im Voraus sichern wollen, gibt es das Buch f\u00fcr zehn Euro. Sie k\u00f6nnen dieses bei Frau Jahn (<a href=\"mailto:jahn@hoegy.de\">jahn@hoegy.de<\/a>) vorbestellen.<\/p>\n<p><strong>Zur Pressekonferenz am 5.12.2018 um 15 Uhr und zur ersten Lesung am 5.12.2018 um 18 Uhr in der Sammlung Domnick laden wir alle Freunde der Schreibwerkstatt und Krimi-Fans herzlichst ein. <\/strong>Bitte melden Sie sich kurz an, wenn Sie am 5.12.2018 zu unseren Unterst\u00fctzern z\u00e4hlen wollen.<\/p>\n","protected":false},"excerpt":{"rendered":"<p>\u201eWir brauchen die Kreativit\u00e4t von jungen K\u00f6pfen\u201c. Dies ist einer der einleitenden S\u00e4tze, die gegen\u00fcber uns jungen Autoren erw\u00e4hnt wurden. Denn im Rahmen des \u201eBuch macht Schule \u2013 Schule macht Buch\u201c-Projekts haben wir, 20 Sch\u00fcler von der 9. Klasse bis zur Kursstufe 1, es uns mithilfe der Autorin Carola Kupfer zur Aufgabe gemacht, einen Krimi&#8230;<\/p>\n","protected":false},"author":8,"featured_media":1505,"comment_status":"closed","ping_status":"open","sticky":false,"template":"","format":"standard","meta":{"footnotes":""},"categories":[1],"tags":[],"class_list":["post-1500","post","type-post","status-publish","format-standard","has-post-thumbnail","hentry","category-news"],"publishpress_future_action":{"enabled":false,"date":"2026-05-10 13:04:37","action":"change-status","newStatus":"draft","terms":[],"taxonomy":"category","extraData":[]},"publishpress_future_workflow_manual_trigger":{"enabledWorkflows":[]},"_links":{"self":[{"href":"https:\/\/hoegy.de\/homepage\/wp-json\/wp\/v2\/posts\/1500","targetHints":{"allow":["GET"]}}],"collection":[{"href":"https:\/\/hoegy.de\/homepage\/wp-json\/wp\/v2\/posts"}],"about":[{"href":"https:\/\/hoegy.de\/homepage\/wp-json\/wp\/v2\/types\/post"}],"author":[{"embeddable":true,"href":"https:\/\/hoegy.de\/homepage\/wp-json\/wp\/v2\/users\/8"}],"replies":[{"embeddable":true,"href":"https:\/\/hoegy.de\/homepage\/wp-json\/wp\/v2\/comments?post=1500"}],"version-history":[{"count":1,"href":"https:\/\/hoegy.de\/homepage\/wp-json\/wp\/v2\/posts\/1500\/revisions"}],"predecessor-version":[{"id":1504,"href":"https:\/\/hoegy.de\/homepage\/wp-json\/wp\/v2\/posts\/1500\/revisions\/1504"}],"wp:featuredmedia":[{"embeddable":true,"href":"https:\/\/hoegy.de\/homepage\/wp-json\/wp\/v2\/media\/1505"}],"wp:attachment":[{"href":"https:\/\/hoegy.de\/homepage\/wp-json\/wp\/v2\/media?parent=1500"}],"wp:term":[{"taxonomy":"category","embeddable":true,"href":"https:\/\/hoegy.de\/homepage\/wp-json\/wp\/v2\/categories?post=1500"},{"taxonomy":"post_tag","embeddable":true,"href":"https:\/\/hoegy.de\/homepage\/wp-json\/wp\/v2\/tags?post=1500"}],"curies":[{"name":"wp","href":"https:\/\/api.w.org\/{rel}","templated":true}]}}