{"id":15083,"date":"2026-01-21T10:12:02","date_gmt":"2026-01-21T09:12:02","guid":{"rendered":"https:\/\/hoegy.de\/homepage\/?p=15083"},"modified":"2026-01-21T10:12:02","modified_gmt":"2026-01-21T09:12:02","slug":"exkursion-nach-dachau-2026","status":"publish","type":"post","link":"https:\/\/hoegy.de\/homepage\/exkursion-nach-dachau-2026\/","title":{"rendered":"Exkursion nach Dachau 2026"},"content":{"rendered":"<section class=\"l-section wpb_row height_small\"><div class=\"l-section-h i-cf\"><div class=\"g-cols vc_row via_flex valign_top type_default stacking_default\"><div class=\"vc_col-sm-12 wpb_column vc_column_container\"><div class=\"vc_column-inner\"><div class=\"wpb_wrapper\"><div class=\"wpb_text_column\"><div class=\"wpb_wrapper\"><p>Am 8. Januar dieses Jahres unternahm die Klassenstufe 9 im Rahmen des Geschichtsunterrichts eine Exkursion zur Gedenkst\u00e4tte des ehemaligen Konzentrationslagers Dachau.<\/p>\n<p>Um 7:35 Uhr fuhren zwei Busse, die die Sch\u00fclerinnen und Sch\u00fcler nach Dachau brachten, am H\u00f6gy ab. Nach einer etwa zweist\u00fcndigen Fahrt erreichte die Gruppe den verschneiten Parkplatz vor der Gedenkst\u00e4tte.<\/p>\n<p>Schon der erste Eindruck Vieler war sehr bedr\u00fcckend. Der Gedanke, dass an genau derselben Stelle wo nun die Sch\u00fclerinnen und Sch\u00fcler selbst standen so viel Leid geherrscht hatte, war beklemmend.<\/p>\n<p>Jeder Klasse wurde ein Guide zugeteilt, der sie \u00fcber das Gel\u00e4nde f\u00fchrte. Ein Teil des ehemaligen Konzentrationslagers geh\u00f6rt heute zur Bereitschaftspolizei Dachau und ist daher f\u00fcr Besucher nicht zug\u00e4nglich. Hin und wieder werden dort Schie\u00df\u00fcbungen durchgef\u00fchrt, welche die Besucher daran erinnern, wie grausam die Inhaftierten damals behandelt wurden. W\u00e4hrend der F\u00fchrung lernten die Sch\u00fclerinnen und Sch\u00fcler viele Dinge, die im Geschichtsunterricht zuvor noch nicht behandelt worden waren, wie die Repr\u00e4sentation von KZs in der \u00d6ffentlichkeit.<\/p>\n<p>Die F\u00fchrung war sehr interessant und lehrreich. Besonders die K\u00e4lte trug dazu bei, sich besser in die Lage der damaligen Gefangenen hineinzuversetzen. F\u00fcr alle war es unvorstellbar, dass die H\u00e4ftlinge bei solch geringen Temperaturen in ihren d\u00fcnnen Uniformen dort leben mussten, wo doch viele schon in ihren Winterjacken froren. Auch der Besuch der Schlafbaracken, die f\u00fcr die hunderten von Gefangenen viel zu klein gewesen waren, hinterlie\u00df einen bleibenden Eindruck.<\/p>\n<p>Gegen 16 Uhr kehrten die Sch\u00fclerinnen und Sch\u00fcler schlie\u00dflich zur Schule zur\u00fcck. In der darauffolgenden Geschichtsstunde wurde die Exkursion noch einmal gemeinsam besprochen. Dabei zeigten sich viele \u00fcberrascht, dass einige H\u00e4ftlingsgruppen in ein Denkmal auf dem Gel\u00e4nde, welches von \u00dcberlebenden ausgesucht wurde, nicht miteinbezogen wurden. Au\u00dferdem hatten einige nicht erwartet, dass es im Konzentrationslager Dachau keine Massenmorde in den Gaskammern gegeben hatte.<\/p>\n<p>Durch die Exkursion wurde ein Bild von Konzentrationslagern erzeugt, wie es ein Geschichtsbuch nie k\u00f6nnte.<\/p>\n<p>Abschlie\u00dfend l\u00e4sst sich sagen, dass der Tag viele eindr\u00fcckliche und grausame Einblicke in den Umgang mit den H\u00e4ftlingen vermittelte. Die Exkursion machte deutlich, wie wichtig es ist, solche Gedenkst\u00e4tten zu erhalten, um den Opfern der Konzentrationslager zu gedenken und daran zu erinnern, dass sich Verbrechen wie der Holocaust niemals wiederholen d\u00fcrfen.<\/p>\n<\/div><\/div><div class=\"w-slider style_none fit_scaledown nav_none count_3\"><div class=\"w-slider-h\" aria-hidden=\"true\"><div class=\"royalSlider\"><div class=\"rsContent\"><a class=\"rsImg\" data-rsw=\"1024\" data-rsh=\"462\" data-rsBigImg=\"https:\/\/hoegy.de\/homepage\/hgy-media\/20260108_110300-scaled.avif\" href=\"https:\/\/hoegy.de\/homepage\/hgy-media\/20260108_110300-1024x462.avif\"><span data-alt=\"\"><\/span><\/a><\/div><div class=\"rsContent\"><a class=\"rsImg\" data-rsw=\"462\" data-rsh=\"1024\" data-rsBigImg=\"https:\/\/hoegy.de\/homepage\/hgy-media\/20260108_105307-scaled.avif\" href=\"https:\/\/hoegy.de\/homepage\/hgy-media\/20260108_105307-462x1024.avif\"><span data-alt=\"\"><\/span><\/a><\/div><div class=\"rsContent\"><a class=\"rsImg\" data-rsw=\"462\" data-rsh=\"1024\" data-rsBigImg=\"https:\/\/hoegy.de\/homepage\/hgy-media\/20260108_105150-scaled.avif\" href=\"https:\/\/hoegy.de\/homepage\/hgy-media\/20260108_105150-462x1024.avif\"><span data-alt=\"\"><\/span><\/a><\/div><\/div><img decoding=\"async\" src=\"https:\/\/hoegy.de\/homepage\/hgy-media\/20260108_110300-1024x462.avif\" width=\"1024\" height=\"462\" alt loading=\"lazy\"><\/div><div class=\"w-slider-json\" onclick='return {&quot;autoScaleSlider&quot;:true,&quot;addActiveClass&quot;:true,&quot;loop&quot;:true,&quot;fadeInLoadedSlide&quot;:false,&quot;slidesSpacing&quot;:0,&quot;imageScalePadding&quot;:0,&quot;numImagesToPreload&quot;:2,&quot;arrowsNav&quot;:true,&quot;arrowsNavAutoHide&quot;:false,&quot;transitionType&quot;:&quot;move&quot;,&quot;transitionSpeed&quot;:250,&quot;block&quot;:{&quot;moveEffect&quot;:&quot;none&quot;,&quot;speed&quot;:300},&quot;thumbs&quot;:{&quot;fitInViewport&quot;:false,&quot;firstMargin&quot;:false,&quot;spacing&quot;:4},&quot;controlNavigation&quot;:&quot;none&quot;,&quot;fullscreen&quot;:{&quot;enabled&quot;:true},&quot;autoScaleSliderWidth&quot;:1024,&quot;autoScaleSliderHeight&quot;:462}'><\/div><\/div><\/div><\/div><\/div><\/div><\/div><\/section>\n","protected":false},"excerpt":{"rendered":"Am 8. Januar dieses Jahres unternahm die Klassenstufe 9 im Rahmen des Geschichtsunterrichts eine Exkursion zur Gedenkst\u00e4tte des ehemaligen Konzentrationslagers Dachau. Um 7:35 Uhr fuhren zwei Busse, die die Sch\u00fclerinnen und Sch\u00fcler nach Dachau brachten, am H\u00f6gy ab. Nach einer etwa zweist\u00fcndigen Fahrt erreichte die Gruppe den verschneiten Parkplatz vor der Gedenkst\u00e4tte. Schon der erste...","protected":false},"author":8,"featured_media":15086,"comment_status":"closed","ping_status":"open","sticky":false,"template":"","format":"standard","meta":{"footnotes":""},"categories":[1],"tags":[],"class_list":["post-15083","post","type-post","status-publish","format-standard","has-post-thumbnail","hentry","category-news"],"publishpress_future_action":{"enabled":false,"date":"2026-05-10 13:01:45","action":"change-status","newStatus":"draft","terms":[],"taxonomy":"category","extraData":[]},"publishpress_future_workflow_manual_trigger":{"enabledWorkflows":[]},"_links":{"self":[{"href":"https:\/\/hoegy.de\/homepage\/wp-json\/wp\/v2\/posts\/15083","targetHints":{"allow":["GET"]}}],"collection":[{"href":"https:\/\/hoegy.de\/homepage\/wp-json\/wp\/v2\/posts"}],"about":[{"href":"https:\/\/hoegy.de\/homepage\/wp-json\/wp\/v2\/types\/post"}],"author":[{"embeddable":true,"href":"https:\/\/hoegy.de\/homepage\/wp-json\/wp\/v2\/users\/8"}],"replies":[{"embeddable":true,"href":"https:\/\/hoegy.de\/homepage\/wp-json\/wp\/v2\/comments?post=15083"}],"version-history":[{"count":1,"href":"https:\/\/hoegy.de\/homepage\/wp-json\/wp\/v2\/posts\/15083\/revisions"}],"predecessor-version":[{"id":15087,"href":"https:\/\/hoegy.de\/homepage\/wp-json\/wp\/v2\/posts\/15083\/revisions\/15087"}],"wp:featuredmedia":[{"embeddable":true,"href":"https:\/\/hoegy.de\/homepage\/wp-json\/wp\/v2\/media\/15086"}],"wp:attachment":[{"href":"https:\/\/hoegy.de\/homepage\/wp-json\/wp\/v2\/media?parent=15083"}],"wp:term":[{"taxonomy":"category","embeddable":true,"href":"https:\/\/hoegy.de\/homepage\/wp-json\/wp\/v2\/categories?post=15083"},{"taxonomy":"post_tag","embeddable":true,"href":"https:\/\/hoegy.de\/homepage\/wp-json\/wp\/v2\/tags?post=15083"}],"curies":[{"name":"wp","href":"https:\/\/api.w.org\/{rel}","templated":true}]}}