{"id":15353,"date":"2026-02-27T12:08:20","date_gmt":"2026-02-27T11:08:20","guid":{"rendered":"https:\/\/hoegy.de\/homepage\/?p=15353"},"modified":"2026-02-27T17:04:02","modified_gmt":"2026-02-27T16:04:02","slug":"engagement-der-ks2-in-der-nuertinger-vesperkirche","status":"publish","type":"post","link":"https:\/\/hoegy.de\/homepage\/engagement-der-ks2-in-der-nuertinger-vesperkirche\/","title":{"rendered":"Engagement der KS2 in der N\u00fcrtinger Vesperkirche"},"content":{"rendered":"<section class=\"l-section wpb_row height_small\"><div class=\"l-section-h i-cf\"><div class=\"g-cols vc_row via_flex valign_top type_default stacking_default\"><div class=\"vc_col-sm-6 wpb_column vc_column_container\"><div class=\"vc_column-inner\"><div class=\"wpb_wrapper\"><div class=\"wpb_text_column\"><div class=\"wpb_wrapper\"><p>\u201eGemeinsam an einem Tisch\u201c. So lautet das Motto der N\u00fcrtinger Vesperkirche, bei der die KS2-Sch\u00fcler*innen der beiden evangelischen Reli-Kurse am 02.02.2026 und 09.02.2026 tatkr\u00e4ftig mit angepackt haben.<\/p>\n<p>Die Stimmen einiger Beteiligten sollen einen kleinen Einblick in die beiden Vesperkirchentage geben:<\/p>\n<p><em>Ich fand es toll, wie engagiert alle Freiwilligen mitgearbeitet haben und dass so viele \u00e4ltere Menschen in ihrer Freizeit noch etwas f\u00fcr andere getan haben. Ich selbst fand es zwar teilweise schon stressig. Aber f\u00fcr einen Tag ging es v\u00f6llig und die Gemeinschaft und der Dank haben dies dann auch ausgeglichen. <\/em><\/p>\n<p><em>Die Mithilfe in der Vesperkirche war f\u00fcr mich eine wichtige Erfahrung. Man erweitert seinen Horizont. Es zeigt einem, wie privilegiert man eigentlich lebt. <\/em><\/p>\n<p><em>Es war erf\u00fcllend, sch\u00f6n, lehrreich, sinnstiftend und inspirierend. <\/em><\/p>\n<p><em>Es war eine sehr sch\u00f6ne Erfahrung. Jeder ist jedem auf Augenh\u00f6he begegnet und hat geholfen, wo er konnte. <\/em><\/p>\n<p><em>Es hat Spa\u00df gemacht und war sch\u00f6n. Man konnte f\u00f6rmlich sp\u00fcren, dass viele der Menschen dort dankbar waren. <\/em><\/p>\n<p><em>Es war sch\u00f6n, die Freude von hilfsbed\u00fcrftigen Menschen zu erleben. <\/em><\/p>\n<p><em>Wir wurden mit offenen Armen empfangen und es war eine gegenseitige Freude, weil man etwas zur\u00fcckgeben konnte. <\/em><\/p>\n<p><em>Nettes Team. Angenehme Arbeit. Gute Atmosph\u00e4re. Sch\u00f6nes Miteinander. Es ist einfach eine gute Tat f\u00fcr die Gesellschaft, bei der man Bed\u00fcrftigen helfen kann. <\/em><\/p>\n<p><em>Besonders in Erinnerung geblieben ist mir ein Mann, der mich einfach angesprochen hat und mir ein bisschen von seinem Leben erz\u00e4hlt hat. Er hat sich dann auch voll gefreut, als wir uns noch einmal gesehen haben. <\/em><\/p>\n<p><em>Ich finde es sch\u00f6n, dass so viele unterschiedliche Menschen aus allen Gesellschaftsschichten (Bundestagsabgeordnete, Ukrainer, Arme, Hilfsbed\u00fcrftige, Erwachsene, Kinder, Leute, denen man auf der Stra\u00dfe schon einmal begegnet ist) zusammenkommen und dass Menschen gemeinsam an einem Tisch sitzen, egal woher sie kommen. <\/em><\/p>\n<p><em>\u00a0<\/em>Beide Kurse waren einstimmig der Meinung, dass auch zuk\u00fcnftige Kurse die Gelegenheit bekommen sollten, sich einen Tag lang in der Vesperkirche zu engagieren.<\/p>\n<\/div><\/div><\/div><\/div><\/div><div class=\"vc_col-sm-6 wpb_column vc_column_container\"><div class=\"vc_column-inner\"><div class=\"wpb_wrapper\"><div class=\"w-slider style_none fit_scaledown nav_none count_10\"><div class=\"w-slider-h\" aria-hidden=\"true\"><div class=\"royalSlider\"><div class=\"rsContent\"><a class=\"rsImg\" data-rsw=\"768\" data-rsh=\"1024\" data-rsBigImg=\"https:\/\/hoegy.de\/homepage\/hgy-media\/fbf4d419-2ce5-433c-8173-3c8fe40b84a3-1-scaled.avif\" href=\"https:\/\/hoegy.de\/homepage\/hgy-media\/fbf4d419-2ce5-433c-8173-3c8fe40b84a3-1-768x1024.avif\"><span data-alt=\"\"><\/span><\/a><\/div><div class=\"rsContent\"><a class=\"rsImg\" data-rsw=\"768\" data-rsh=\"1024\" data-rsBigImg=\"https:\/\/hoegy.de\/homepage\/hgy-media\/d99dc01d-d131-4f02-91b9-c2a1e815bb03-1-scaled.avif\" href=\"https:\/\/hoegy.de\/homepage\/hgy-media\/d99dc01d-d131-4f02-91b9-c2a1e815bb03-1-768x1024.avif\"><span data-alt=\"\"><\/span><\/a><\/div><div class=\"rsContent\"><a class=\"rsImg\" data-rsw=\"768\" data-rsh=\"1024\" data-rsBigImg=\"https:\/\/hoegy.de\/homepage\/hgy-media\/cb68b633-0236-45ce-9497-d391dcd6d5c1-1-scaled.avif\" href=\"https:\/\/hoegy.de\/homepage\/hgy-media\/cb68b633-0236-45ce-9497-d391dcd6d5c1-1-768x1024.avif\"><span data-alt=\"\"><\/span><\/a><\/div><div class=\"rsContent\"><a class=\"rsImg\" data-rsw=\"1024\" data-rsh=\"768\" data-rsBigImg=\"https:\/\/hoegy.de\/homepage\/hgy-media\/7919f757-9c97-4a0f-9a5b-4f93729ec043-1-scaled.avif\" href=\"https:\/\/hoegy.de\/homepage\/hgy-media\/7919f757-9c97-4a0f-9a5b-4f93729ec043-1-1024x768.avif\"><span data-alt=\"\"><\/span><\/a><\/div><div class=\"rsContent\"><a class=\"rsImg\" data-rsw=\"768\" data-rsh=\"1024\" data-rsBigImg=\"https:\/\/hoegy.de\/homepage\/hgy-media\/IMG_9428-1-scaled.avif\" href=\"https:\/\/hoegy.de\/homepage\/hgy-media\/IMG_9428-1-768x1024.avif\"><span data-alt=\"\"><\/span><\/a><\/div><div class=\"rsContent\"><a class=\"rsImg\" data-rsw=\"768\" data-rsh=\"1024\" data-rsBigImg=\"https:\/\/hoegy.de\/homepage\/hgy-media\/IMG_9422-1-scaled.avif\" href=\"https:\/\/hoegy.de\/homepage\/hgy-media\/IMG_9422-1-768x1024.avif\"><span data-alt=\"\"><\/span><\/a><\/div><div class=\"rsContent\"><a class=\"rsImg\" data-rsw=\"768\" data-rsh=\"1024\" data-rsBigImg=\"https:\/\/hoegy.de\/homepage\/hgy-media\/IMG_9417-1-scaled.avif\" href=\"https:\/\/hoegy.de\/homepage\/hgy-media\/IMG_9417-1-768x1024.avif\"><span data-alt=\"\"><\/span><\/a><\/div><div class=\"rsContent\"><a class=\"rsImg\" data-rsw=\"768\" data-rsh=\"1024\" data-rsBigImg=\"https:\/\/hoegy.de\/homepage\/hgy-media\/IMG_9409-1-scaled.avif\" href=\"https:\/\/hoegy.de\/homepage\/hgy-media\/IMG_9409-1-768x1024.avif\"><span data-alt=\"\"><\/span><\/a><\/div><div class=\"rsContent\"><a class=\"rsImg\" data-rsw=\"768\" data-rsh=\"1024\" data-rsBigImg=\"https:\/\/hoegy.de\/homepage\/hgy-media\/IMG_9405-1-scaled.avif\" href=\"https:\/\/hoegy.de\/homepage\/hgy-media\/IMG_9405-1-768x1024.avif\"><span data-alt=\"\"><\/span><\/a><\/div><div class=\"rsContent\"><a class=\"rsImg\" data-rsw=\"1024\" data-rsh=\"768\" data-rsBigImg=\"https:\/\/hoegy.de\/homepage\/hgy-media\/1317776f-0fc4-414c-9a9f-21024f0a53e0-1-scaled.avif\" href=\"https:\/\/hoegy.de\/homepage\/hgy-media\/1317776f-0fc4-414c-9a9f-21024f0a53e0-1-1024x768.avif\"><span data-alt=\"\"><\/span><\/a><\/div><\/div><img decoding=\"async\" src=\"https:\/\/hoegy.de\/homepage\/hgy-media\/fbf4d419-2ce5-433c-8173-3c8fe40b84a3-1-768x1024.avif\" width=\"768\" height=\"1024\" alt loading=\"lazy\"><\/div><div class=\"w-slider-json\" onclick='return {&quot;autoScaleSlider&quot;:true,&quot;addActiveClass&quot;:true,&quot;loop&quot;:true,&quot;fadeInLoadedSlide&quot;:false,&quot;slidesSpacing&quot;:0,&quot;imageScalePadding&quot;:0,&quot;numImagesToPreload&quot;:2,&quot;arrowsNav&quot;:true,&quot;arrowsNavAutoHide&quot;:false,&quot;transitionType&quot;:&quot;move&quot;,&quot;transitionSpeed&quot;:250,&quot;block&quot;:{&quot;moveEffect&quot;:&quot;none&quot;,&quot;speed&quot;:300},&quot;thumbs&quot;:{&quot;fitInViewport&quot;:false,&quot;firstMargin&quot;:false,&quot;spacing&quot;:4},&quot;controlNavigation&quot;:&quot;none&quot;,&quot;fullscreen&quot;:{&quot;enabled&quot;:true},&quot;autoScaleSliderWidth&quot;:768,&quot;autoScaleSliderHeight&quot;:1024}'><\/div><\/div><\/div><\/div><\/div><\/div><\/div><\/section>\n","protected":false},"excerpt":{"rendered":"\u201eGemeinsam an einem Tisch\u201c. So lautet das Motto der N\u00fcrtinger Vesperkirche, bei der die KS2-Sch\u00fcler*innen der beiden evangelischen Reli-Kurse am 02.02.2026 und 09.02.2026 tatkr\u00e4ftig mit angepackt haben. Die Stimmen einiger Beteiligten sollen einen kleinen Einblick in die beiden Vesperkirchentage geben: Ich fand es toll, wie engagiert alle Freiwilligen mitgearbeitet haben und dass so viele \u00e4ltere...","protected":false},"author":8,"featured_media":15370,"comment_status":"closed","ping_status":"open","sticky":false,"template":"","format":"standard","meta":{"footnotes":""},"categories":[1],"tags":[],"class_list":["post-15353","post","type-post","status-publish","format-standard","has-post-thumbnail","hentry","category-news"],"publishpress_future_action":{"enabled":false,"date":"2026-05-04 13:51:53","action":"change-status","newStatus":"draft","terms":[],"taxonomy":"category","extraData":[]},"publishpress_future_workflow_manual_trigger":{"enabledWorkflows":[]},"_links":{"self":[{"href":"https:\/\/hoegy.de\/homepage\/wp-json\/wp\/v2\/posts\/15353","targetHints":{"allow":["GET"]}}],"collection":[{"href":"https:\/\/hoegy.de\/homepage\/wp-json\/wp\/v2\/posts"}],"about":[{"href":"https:\/\/hoegy.de\/homepage\/wp-json\/wp\/v2\/types\/post"}],"author":[{"embeddable":true,"href":"https:\/\/hoegy.de\/homepage\/wp-json\/wp\/v2\/users\/8"}],"replies":[{"embeddable":true,"href":"https:\/\/hoegy.de\/homepage\/wp-json\/wp\/v2\/comments?post=15353"}],"version-history":[{"count":5,"href":"https:\/\/hoegy.de\/homepage\/wp-json\/wp\/v2\/posts\/15353\/revisions"}],"predecessor-version":[{"id":15386,"href":"https:\/\/hoegy.de\/homepage\/wp-json\/wp\/v2\/posts\/15353\/revisions\/15386"}],"wp:featuredmedia":[{"embeddable":true,"href":"https:\/\/hoegy.de\/homepage\/wp-json\/wp\/v2\/media\/15370"}],"wp:attachment":[{"href":"https:\/\/hoegy.de\/homepage\/wp-json\/wp\/v2\/media?parent=15353"}],"wp:term":[{"taxonomy":"category","embeddable":true,"href":"https:\/\/hoegy.de\/homepage\/wp-json\/wp\/v2\/categories?post=15353"},{"taxonomy":"post_tag","embeddable":true,"href":"https:\/\/hoegy.de\/homepage\/wp-json\/wp\/v2\/tags?post=15353"}],"curies":[{"name":"wp","href":"https:\/\/api.w.org\/{rel}","templated":true}]}}